{"id":5920,"date":"2024-03-26T18:34:05","date_gmt":"2024-03-26T21:34:05","guid":{"rendered":"https:\/\/aureum.adv.br\/inicio\/?p=5920"},"modified":"2024-03-26T18:34:44","modified_gmt":"2024-03-26T21:34:44","slug":"elementor-5920","status":"publish","type":"post","link":"https:\/\/aureum.adv.br\/inicio\/2024\/03\/26\/elementor-5920\/","title":{"rendered":"STJ suspende A\u00e7\u00e3o Rescis\u00f3rias sobre modula\u00e7\u00e3o da &#8216;tese do s\u00e9culo&#8217; para unificar posi\u00e7\u00e3o"},"content":{"rendered":"\t\t<div data-elementor-type=\"wp-post\" data-elementor-id=\"5920\" class=\"elementor elementor-5920\">\n\t\t\t\t\t\t<section class=\"elementor-section elementor-top-section elementor-element elementor-element-4c08045 elementor-section-boxed elementor-section-height-default elementor-section-height-default\" data-id=\"4c08045\" data-element_type=\"section\">\n\t\t\t\t\t\t<div class=\"elementor-container elementor-column-gap-default\">\n\t\t\t\t\t<div class=\"elementor-column elementor-col-100 elementor-top-column elementor-element elementor-element-3a955c7\" data-id=\"3a955c7\" data-element_type=\"column\">\n\t\t\t<div class=\"elementor-widget-wrap elementor-element-populated\">\n\t\t\t\t\t\t<div class=\"elementor-element elementor-element-3c18d04 elementor-widget elementor-widget-text-editor\" data-id=\"3c18d04\" data-element_type=\"widget\" data-widget_type=\"text-editor.default\">\n\t\t\t\t<div class=\"elementor-widget-container\">\n\t\t\t\t\t\t\t\t\t<p style=\"text-align: justify;\">A 1\u00aa Se\u00e7\u00e3o do Superior Tribunal de Justi\u00e7a afetou ao rito dos recursos repetitivos dois Recursos Especiais para decidir se \u00e9 poss\u00edvel usar a A\u00e7\u00e3o Rescis\u00f3ria para adequar decis\u00f5es definitivas \u00e0 modula\u00e7\u00e3o feita pelo Supremo Tribunal Federal no caso da \u201ctese do s\u00e9culo\u201d.<\/p><p style=\"text-align: justify;\">Com a afeta\u00e7\u00e3o, o colegiado decidiu, por maioria de votos, suspender a tramita\u00e7\u00e3o de todos os processos envolvendo a mat\u00e9ria, em primeira e segunda inst\u00e2ncias, e inclusive no pr\u00f3prio STJ. A relatoria \u00e9 do Ministro Mauro Campbell.<\/p><p style=\"text-align: justify;\">BREVE HIST\u00d3RICO DA DISCUSS\u00c3O<\/p><p style=\"text-align: justify;\">Em 2017, o Supremo decidiu que ICMS n\u00e3o deve compor o c\u00e1lculo de PIS e Cofins. Essa \u00e9 a \u201ctese do s\u00e9culo\u201d, assim chamada gra\u00e7as ao seu enorme impacto financeiro \u2014 at\u00e9 esse momento, bastante negativo para a Fazenda Nacional.<\/p><p style=\"text-align: justify;\">A fixa\u00e7\u00e3o da tese deu \u00e0s empresas a possibilidade de ajuizar a\u00e7\u00f5es para reaver os valores indevidamente pagos a t\u00edtulo de PIS e Cofins. Isso seria poss\u00edvel para o per\u00edodo de cinco anos anteriores ao ajuizamento da a\u00e7\u00e3o pelo contribuinte.<\/p><p style=\"text-align: justify;\">Quatro anos depois, no entanto, o Supremo julgou embargos de declara\u00e7\u00e3o e decidiu modular os efeitos da \u201ctese do s\u00e9culo\u201d.<\/p><p style=\"text-align: justify;\">Com isso, a exclus\u00e3o do ICMS da base de PIS e Cofins s\u00f3 poderia ser aproveitada pelo contribuinte a partir de 17 de mar\u00e7o de 2017, data em que a tese foi fixada. A restri\u00e7\u00e3o n\u00e3o alcan\u00e7ou as a\u00e7\u00f5es que foram ajuizadas para discutir o tema antes dessa data.<\/p><p style=\"text-align: justify;\">Uma empresa que, por exemplo, ajuizou a\u00e7\u00e3o em 2018 e obteve o direito de compensar os valores indevidamente pagos ao Fisco desde 2013, com a modula\u00e7\u00e3o, restringiria esse aproveitamento ao per\u00edodo a partir de 17 de mar\u00e7o de 2017.<\/p><p style=\"text-align: justify;\">Assim, quem obteve o direito de compensa\u00e7\u00e3o ou ressarcimento mediante a\u00e7\u00f5es ajuizadas entre mar\u00e7o de 2017 e abril de 2021 entrou na mira da Fazenda Nacional, que passou a ajuizar A\u00e7\u00f5es Rescis\u00f3rias.<\/p><p style=\"text-align: justify;\">Para ficar por dentro de todas as novidades tribut\u00e1rias, siga-nos em nossas redes sociais ou consulte um de nossos especialistas.<\/p>\t\t\t\t\t\t\t\t<\/div>\n\t\t\t\t<\/div>\n\t\t\t\t\t<\/div>\n\t\t<\/div>\n\t\t\t\t\t<\/div>\n\t\t<\/section>\n\t\t\t\t<\/div>\n\t\t","protected":false},"excerpt":{"rendered":"<p>A 1\u00aa Se\u00e7\u00e3o do Superior Tribunal de Justi\u00e7a afetou ao rito dos recursos repetitivos dois Recursos Especiais para decidir se \u00e9 poss\u00edvel usar a A\u00e7\u00e3o Rescis\u00f3ria para adequar decis\u00f5es definitivas \u00e0 modula\u00e7\u00e3o feita pelo Supremo Tribunal Federal no caso da \u201ctese do s\u00e9culo\u201d. Com a afeta\u00e7\u00e3o, o colegiado decidiu, por maioria de votos, suspender a tramita\u00e7\u00e3o de todos os processos envolvendo a mat\u00e9ria, em primeira e segunda inst\u00e2ncias, e inclusive no pr\u00f3prio STJ. A relatoria \u00e9 do Ministro Mauro Campbell. BREVE HIST\u00d3RICO DA DISCUSS\u00c3O Em 2017, o Supremo decidiu que ICMS n\u00e3o deve compor o c\u00e1lculo de PIS e Cofins. Essa \u00e9 a \u201ctese do s\u00e9culo\u201d, assim chamada gra\u00e7as ao seu enorme impacto financeiro \u2014 at\u00e9 esse momento,&hellip;<\/p>\n","protected":false},"author":2,"featured_media":5922,"comment_status":"open","ping_status":"open","sticky":false,"template":"","format":"standard","meta":{"footnotes":""},"categories":[1],"tags":[],"class_list":["post-5920","post","type-post","status-publish","format-standard","has-post-thumbnail","hentry","category-uncategorized"],"yoast_head":"<!-- This site is optimized with the Yoast SEO plugin v26.9 - https:\/\/yoast.com\/product\/yoast-seo-wordpress\/ -->\n<title>STJ suspende A\u00e7\u00e3o Rescis\u00f3rias sobre modula\u00e7\u00e3o da &#039;tese do s\u00e9culo&#039; para unificar posi\u00e7\u00e3o - Aureum Advocacia<\/title>\n<meta name=\"robots\" content=\"index, follow, max-snippet:-1, max-image-preview:large, max-video-preview:-1\" \/>\n<link rel=\"canonical\" href=\"https:\/\/aureum.adv.br\/inicio\/2024\/03\/26\/elementor-5920\/\" \/>\n<meta property=\"og:locale\" content=\"pt_BR\" \/>\n<meta property=\"og:type\" content=\"article\" \/>\n<meta property=\"og:title\" content=\"STJ suspende A\u00e7\u00e3o Rescis\u00f3rias sobre modula\u00e7\u00e3o da &#039;tese do s\u00e9culo&#039; para unificar posi\u00e7\u00e3o - Aureum Advocacia\" \/>\n<meta property=\"og:description\" content=\"A 1\u00aa Se\u00e7\u00e3o do Superior Tribunal de Justi\u00e7a afetou ao rito dos recursos repetitivos dois Recursos Especiais para decidir se \u00e9 poss\u00edvel usar a A\u00e7\u00e3o Rescis\u00f3ria para adequar decis\u00f5es definitivas \u00e0 modula\u00e7\u00e3o feita pelo Supremo Tribunal Federal no caso da \u201ctese do s\u00e9culo\u201d. Com a afeta\u00e7\u00e3o, o colegiado decidiu, por maioria de votos, suspender a tramita\u00e7\u00e3o de todos os processos envolvendo a mat\u00e9ria, em primeira e segunda inst\u00e2ncias, e inclusive no pr\u00f3prio STJ. A relatoria \u00e9 do Ministro Mauro Campbell. BREVE HIST\u00d3RICO DA DISCUSS\u00c3O Em 2017, o Supremo decidiu que ICMS n\u00e3o deve compor o c\u00e1lculo de PIS e Cofins. Essa \u00e9 a \u201ctese do s\u00e9culo\u201d, assim chamada gra\u00e7as ao seu enorme impacto financeiro \u2014 at\u00e9 esse momento,&hellip;\" \/>\n<meta property=\"og:url\" content=\"https:\/\/aureum.adv.br\/inicio\/2024\/03\/26\/elementor-5920\/\" \/>\n<meta property=\"og:site_name\" content=\"Aureum Advocacia\" \/>\n<meta property=\"article:publisher\" content=\"https:\/\/www.facebook.com\/aureumadvocacia\" \/>\n<meta property=\"article:published_time\" content=\"2024-03-26T21:34:05+00:00\" \/>\n<meta property=\"article:modified_time\" content=\"2024-03-26T21:34:44+00:00\" \/>\n<meta property=\"og:image\" content=\"https:\/\/aureum.adv.br\/inicio\/wp-content\/uploads\/2024\/03\/POSTS-e-NEWS-35-1.jpg\" \/>\n\t<meta property=\"og:image:width\" content=\"1080\" \/>\n\t<meta property=\"og:image:height\" content=\"1080\" \/>\n\t<meta property=\"og:image:type\" content=\"image\/jpeg\" \/>\n<meta name=\"author\" content=\"bruna\" \/>\n<meta name=\"twitter:card\" content=\"summary_large_image\" \/>\n<meta name=\"twitter:label1\" content=\"Escrito por\" \/>\n\t<meta name=\"twitter:data1\" content=\"bruna\" \/>\n\t<meta name=\"twitter:label2\" content=\"Est. tempo de leitura\" \/>\n\t<meta name=\"twitter:data2\" content=\"2 minutos\" \/>\n<script type=\"application\/ld+json\" class=\"yoast-schema-graph\">{\"@context\":\"https:\/\/schema.org\",\"@graph\":[{\"@type\":\"Article\",\"@id\":\"https:\/\/aureum.adv.br\/inicio\/2024\/03\/26\/elementor-5920\/#article\",\"isPartOf\":{\"@id\":\"https:\/\/aureum.adv.br\/inicio\/2024\/03\/26\/elementor-5920\/\"},\"author\":{\"name\":\"bruna\",\"@id\":\"https:\/\/aureum.adv.br\/inicio\/#\/schema\/person\/bfa138bad3521ed6353a3e13d986baf0\"},\"headline\":\"STJ suspende A\u00e7\u00e3o Rescis\u00f3rias sobre modula\u00e7\u00e3o da &#8216;tese do s\u00e9culo&#8217; para unificar posi\u00e7\u00e3o\",\"datePublished\":\"2024-03-26T21:34:05+00:00\",\"dateModified\":\"2024-03-26T21:34:44+00:00\",\"mainEntityOfPage\":{\"@id\":\"https:\/\/aureum.adv.br\/inicio\/2024\/03\/26\/elementor-5920\/\"},\"wordCount\":370,\"commentCount\":0,\"publisher\":{\"@id\":\"https:\/\/aureum.adv.br\/inicio\/#organization\"},\"image\":{\"@id\":\"https:\/\/aureum.adv.br\/inicio\/2024\/03\/26\/elementor-5920\/#primaryimage\"},\"thumbnailUrl\":\"https:\/\/aureum.adv.br\/inicio\/wp-content\/uploads\/2024\/03\/POSTS-e-NEWS-35-1.jpg\",\"articleSection\":[\"Uncategorized\"],\"inLanguage\":\"pt-BR\",\"potentialAction\":[{\"@type\":\"CommentAction\",\"name\":\"Comment\",\"target\":[\"https:\/\/aureum.adv.br\/inicio\/2024\/03\/26\/elementor-5920\/#respond\"]}]},{\"@type\":\"WebPage\",\"@id\":\"https:\/\/aureum.adv.br\/inicio\/2024\/03\/26\/elementor-5920\/\",\"url\":\"https:\/\/aureum.adv.br\/inicio\/2024\/03\/26\/elementor-5920\/\",\"name\":\"STJ suspende A\u00e7\u00e3o Rescis\u00f3rias sobre modula\u00e7\u00e3o da 'tese do s\u00e9culo' para unificar posi\u00e7\u00e3o - Aureum Advocacia\",\"isPartOf\":{\"@id\":\"https:\/\/aureum.adv.br\/inicio\/#website\"},\"primaryImageOfPage\":{\"@id\":\"https:\/\/aureum.adv.br\/inicio\/2024\/03\/26\/elementor-5920\/#primaryimage\"},\"image\":{\"@id\":\"https:\/\/aureum.adv.br\/inicio\/2024\/03\/26\/elementor-5920\/#primaryimage\"},\"thumbnailUrl\":\"https:\/\/aureum.adv.br\/inicio\/wp-content\/uploads\/2024\/03\/POSTS-e-NEWS-35-1.jpg\",\"datePublished\":\"2024-03-26T21:34:05+00:00\",\"dateModified\":\"2024-03-26T21:34:44+00:00\",\"breadcrumb\":{\"@id\":\"https:\/\/aureum.adv.br\/inicio\/2024\/03\/26\/elementor-5920\/#breadcrumb\"},\"inLanguage\":\"pt-BR\",\"potentialAction\":[{\"@type\":\"ReadAction\",\"target\":[\"https:\/\/aureum.adv.br\/inicio\/2024\/03\/26\/elementor-5920\/\"]}]},{\"@type\":\"ImageObject\",\"inLanguage\":\"pt-BR\",\"@id\":\"https:\/\/aureum.adv.br\/inicio\/2024\/03\/26\/elementor-5920\/#primaryimage\",\"url\":\"https:\/\/aureum.adv.br\/inicio\/wp-content\/uploads\/2024\/03\/POSTS-e-NEWS-35-1.jpg\",\"contentUrl\":\"https:\/\/aureum.adv.br\/inicio\/wp-content\/uploads\/2024\/03\/POSTS-e-NEWS-35-1.jpg\",\"width\":1080,\"height\":1080},{\"@type\":\"BreadcrumbList\",\"@id\":\"https:\/\/aureum.adv.br\/inicio\/2024\/03\/26\/elementor-5920\/#breadcrumb\",\"itemListElement\":[{\"@type\":\"ListItem\",\"position\":1,\"name\":\"In\u00edcio\",\"item\":\"https:\/\/aureum.adv.br\/inicio\/\"},{\"@type\":\"ListItem\",\"position\":2,\"name\":\"STJ suspende A\u00e7\u00e3o Rescis\u00f3rias sobre modula\u00e7\u00e3o da &#8216;tese do s\u00e9culo&#8217; para unificar posi\u00e7\u00e3o\"}]},{\"@type\":\"WebSite\",\"@id\":\"https:\/\/aureum.adv.br\/inicio\/#website\",\"url\":\"https:\/\/aureum.adv.br\/inicio\/\",\"name\":\"Aureum Advocacia\",\"description\":\"Aureum Advocacia Tribut\u00e1ria\",\"publisher\":{\"@id\":\"https:\/\/aureum.adv.br\/inicio\/#organization\"},\"potentialAction\":[{\"@type\":\"SearchAction\",\"target\":{\"@type\":\"EntryPoint\",\"urlTemplate\":\"https:\/\/aureum.adv.br\/inicio\/?s={search_term_string}\"},\"query-input\":{\"@type\":\"PropertyValueSpecification\",\"valueRequired\":true,\"valueName\":\"search_term_string\"}}],\"inLanguage\":\"pt-BR\"},{\"@type\":\"Organization\",\"@id\":\"https:\/\/aureum.adv.br\/inicio\/#organization\",\"name\":\"Aureum\",\"url\":\"https:\/\/aureum.adv.br\/inicio\/\",\"logo\":{\"@type\":\"ImageObject\",\"inLanguage\":\"pt-BR\",\"@id\":\"https:\/\/aureum.adv.br\/inicio\/#\/schema\/logo\/image\/\",\"url\":\"https:\/\/aureum.adv.br\/inicio\/wp-content\/uploads\/2020\/04\/logo_com-fundo.png\",\"contentUrl\":\"https:\/\/aureum.adv.br\/inicio\/wp-content\/uploads\/2020\/04\/logo_com-fundo.png\",\"width\":1080,\"height\":1400,\"caption\":\"Aureum\"},\"image\":{\"@id\":\"https:\/\/aureum.adv.br\/inicio\/#\/schema\/logo\/image\/\"},\"sameAs\":[\"https:\/\/www.facebook.com\/aureumadvocacia\",\"https:\/\/br.linkedin.com\/company\/aureum-advocacia\"]},{\"@type\":\"Person\",\"@id\":\"https:\/\/aureum.adv.br\/inicio\/#\/schema\/person\/bfa138bad3521ed6353a3e13d986baf0\",\"name\":\"bruna\",\"image\":{\"@type\":\"ImageObject\",\"inLanguage\":\"pt-BR\",\"@id\":\"https:\/\/aureum.adv.br\/inicio\/#\/schema\/person\/image\/\",\"url\":\"https:\/\/secure.gravatar.com\/avatar\/ec30cfb94570b842e7230a0fa0eaf2d45ab44f38f3165e80cf8f0311e64d4bd6?s=96&d=mm&r=g\",\"contentUrl\":\"https:\/\/secure.gravatar.com\/avatar\/ec30cfb94570b842e7230a0fa0eaf2d45ab44f38f3165e80cf8f0311e64d4bd6?s=96&d=mm&r=g\",\"caption\":\"bruna\"},\"url\":\"https:\/\/aureum.adv.br\/inicio\/author\/bruna\/\"}]}<\/script>\n<!-- \/ Yoast SEO plugin. -->","yoast_head_json":{"title":"STJ suspende A\u00e7\u00e3o Rescis\u00f3rias sobre modula\u00e7\u00e3o da 'tese do s\u00e9culo' para unificar posi\u00e7\u00e3o - Aureum Advocacia","robots":{"index":"index","follow":"follow","max-snippet":"max-snippet:-1","max-image-preview":"max-image-preview:large","max-video-preview":"max-video-preview:-1"},"canonical":"https:\/\/aureum.adv.br\/inicio\/2024\/03\/26\/elementor-5920\/","og_locale":"pt_BR","og_type":"article","og_title":"STJ suspende A\u00e7\u00e3o Rescis\u00f3rias sobre modula\u00e7\u00e3o da 'tese do s\u00e9culo' para unificar posi\u00e7\u00e3o - Aureum Advocacia","og_description":"A 1\u00aa Se\u00e7\u00e3o do Superior Tribunal de Justi\u00e7a afetou ao rito dos recursos repetitivos dois Recursos Especiais para decidir se \u00e9 poss\u00edvel usar a A\u00e7\u00e3o Rescis\u00f3ria para adequar decis\u00f5es definitivas \u00e0 modula\u00e7\u00e3o feita pelo Supremo Tribunal Federal no caso da \u201ctese do s\u00e9culo\u201d. Com a afeta\u00e7\u00e3o, o colegiado decidiu, por maioria de votos, suspender a tramita\u00e7\u00e3o de todos os processos envolvendo a mat\u00e9ria, em primeira e segunda inst\u00e2ncias, e inclusive no pr\u00f3prio STJ. A relatoria \u00e9 do Ministro Mauro Campbell. BREVE HIST\u00d3RICO DA DISCUSS\u00c3O Em 2017, o Supremo decidiu que ICMS n\u00e3o deve compor o c\u00e1lculo de PIS e Cofins. Essa \u00e9 a \u201ctese do s\u00e9culo\u201d, assim chamada gra\u00e7as ao seu enorme impacto financeiro \u2014 at\u00e9 esse momento,&hellip;","og_url":"https:\/\/aureum.adv.br\/inicio\/2024\/03\/26\/elementor-5920\/","og_site_name":"Aureum Advocacia","article_publisher":"https:\/\/www.facebook.com\/aureumadvocacia","article_published_time":"2024-03-26T21:34:05+00:00","article_modified_time":"2024-03-26T21:34:44+00:00","og_image":[{"width":1080,"height":1080,"url":"https:\/\/aureum.adv.br\/inicio\/wp-content\/uploads\/2024\/03\/POSTS-e-NEWS-35-1.jpg","type":"image\/jpeg"}],"author":"bruna","twitter_card":"summary_large_image","twitter_misc":{"Escrito por":"bruna","Est. tempo de leitura":"2 minutos"},"schema":{"@context":"https:\/\/schema.org","@graph":[{"@type":"Article","@id":"https:\/\/aureum.adv.br\/inicio\/2024\/03\/26\/elementor-5920\/#article","isPartOf":{"@id":"https:\/\/aureum.adv.br\/inicio\/2024\/03\/26\/elementor-5920\/"},"author":{"name":"bruna","@id":"https:\/\/aureum.adv.br\/inicio\/#\/schema\/person\/bfa138bad3521ed6353a3e13d986baf0"},"headline":"STJ suspende A\u00e7\u00e3o Rescis\u00f3rias sobre modula\u00e7\u00e3o da &#8216;tese do s\u00e9culo&#8217; para unificar posi\u00e7\u00e3o","datePublished":"2024-03-26T21:34:05+00:00","dateModified":"2024-03-26T21:34:44+00:00","mainEntityOfPage":{"@id":"https:\/\/aureum.adv.br\/inicio\/2024\/03\/26\/elementor-5920\/"},"wordCount":370,"commentCount":0,"publisher":{"@id":"https:\/\/aureum.adv.br\/inicio\/#organization"},"image":{"@id":"https:\/\/aureum.adv.br\/inicio\/2024\/03\/26\/elementor-5920\/#primaryimage"},"thumbnailUrl":"https:\/\/aureum.adv.br\/inicio\/wp-content\/uploads\/2024\/03\/POSTS-e-NEWS-35-1.jpg","articleSection":["Uncategorized"],"inLanguage":"pt-BR","potentialAction":[{"@type":"CommentAction","name":"Comment","target":["https:\/\/aureum.adv.br\/inicio\/2024\/03\/26\/elementor-5920\/#respond"]}]},{"@type":"WebPage","@id":"https:\/\/aureum.adv.br\/inicio\/2024\/03\/26\/elementor-5920\/","url":"https:\/\/aureum.adv.br\/inicio\/2024\/03\/26\/elementor-5920\/","name":"STJ suspende A\u00e7\u00e3o Rescis\u00f3rias sobre modula\u00e7\u00e3o da 'tese do s\u00e9culo' para unificar posi\u00e7\u00e3o - Aureum Advocacia","isPartOf":{"@id":"https:\/\/aureum.adv.br\/inicio\/#website"},"primaryImageOfPage":{"@id":"https:\/\/aureum.adv.br\/inicio\/2024\/03\/26\/elementor-5920\/#primaryimage"},"image":{"@id":"https:\/\/aureum.adv.br\/inicio\/2024\/03\/26\/elementor-5920\/#primaryimage"},"thumbnailUrl":"https:\/\/aureum.adv.br\/inicio\/wp-content\/uploads\/2024\/03\/POSTS-e-NEWS-35-1.jpg","datePublished":"2024-03-26T21:34:05+00:00","dateModified":"2024-03-26T21:34:44+00:00","breadcrumb":{"@id":"https:\/\/aureum.adv.br\/inicio\/2024\/03\/26\/elementor-5920\/#breadcrumb"},"inLanguage":"pt-BR","potentialAction":[{"@type":"ReadAction","target":["https:\/\/aureum.adv.br\/inicio\/2024\/03\/26\/elementor-5920\/"]}]},{"@type":"ImageObject","inLanguage":"pt-BR","@id":"https:\/\/aureum.adv.br\/inicio\/2024\/03\/26\/elementor-5920\/#primaryimage","url":"https:\/\/aureum.adv.br\/inicio\/wp-content\/uploads\/2024\/03\/POSTS-e-NEWS-35-1.jpg","contentUrl":"https:\/\/aureum.adv.br\/inicio\/wp-content\/uploads\/2024\/03\/POSTS-e-NEWS-35-1.jpg","width":1080,"height":1080},{"@type":"BreadcrumbList","@id":"https:\/\/aureum.adv.br\/inicio\/2024\/03\/26\/elementor-5920\/#breadcrumb","itemListElement":[{"@type":"ListItem","position":1,"name":"In\u00edcio","item":"https:\/\/aureum.adv.br\/inicio\/"},{"@type":"ListItem","position":2,"name":"STJ suspende A\u00e7\u00e3o Rescis\u00f3rias sobre modula\u00e7\u00e3o da &#8216;tese do s\u00e9culo&#8217; para unificar posi\u00e7\u00e3o"}]},{"@type":"WebSite","@id":"https:\/\/aureum.adv.br\/inicio\/#website","url":"https:\/\/aureum.adv.br\/inicio\/","name":"Aureum Advocacia","description":"Aureum Advocacia Tribut\u00e1ria","publisher":{"@id":"https:\/\/aureum.adv.br\/inicio\/#organization"},"potentialAction":[{"@type":"SearchAction","target":{"@type":"EntryPoint","urlTemplate":"https:\/\/aureum.adv.br\/inicio\/?s={search_term_string}"},"query-input":{"@type":"PropertyValueSpecification","valueRequired":true,"valueName":"search_term_string"}}],"inLanguage":"pt-BR"},{"@type":"Organization","@id":"https:\/\/aureum.adv.br\/inicio\/#organization","name":"Aureum","url":"https:\/\/aureum.adv.br\/inicio\/","logo":{"@type":"ImageObject","inLanguage":"pt-BR","@id":"https:\/\/aureum.adv.br\/inicio\/#\/schema\/logo\/image\/","url":"https:\/\/aureum.adv.br\/inicio\/wp-content\/uploads\/2020\/04\/logo_com-fundo.png","contentUrl":"https:\/\/aureum.adv.br\/inicio\/wp-content\/uploads\/2020\/04\/logo_com-fundo.png","width":1080,"height":1400,"caption":"Aureum"},"image":{"@id":"https:\/\/aureum.adv.br\/inicio\/#\/schema\/logo\/image\/"},"sameAs":["https:\/\/www.facebook.com\/aureumadvocacia","https:\/\/br.linkedin.com\/company\/aureum-advocacia"]},{"@type":"Person","@id":"https:\/\/aureum.adv.br\/inicio\/#\/schema\/person\/bfa138bad3521ed6353a3e13d986baf0","name":"bruna","image":{"@type":"ImageObject","inLanguage":"pt-BR","@id":"https:\/\/aureum.adv.br\/inicio\/#\/schema\/person\/image\/","url":"https:\/\/secure.gravatar.com\/avatar\/ec30cfb94570b842e7230a0fa0eaf2d45ab44f38f3165e80cf8f0311e64d4bd6?s=96&d=mm&r=g","contentUrl":"https:\/\/secure.gravatar.com\/avatar\/ec30cfb94570b842e7230a0fa0eaf2d45ab44f38f3165e80cf8f0311e64d4bd6?s=96&d=mm&r=g","caption":"bruna"},"url":"https:\/\/aureum.adv.br\/inicio\/author\/bruna\/"}]}},"_links":{"self":[{"href":"https:\/\/aureum.adv.br\/inicio\/wp-json\/wp\/v2\/posts\/5920","targetHints":{"allow":["GET"]}}],"collection":[{"href":"https:\/\/aureum.adv.br\/inicio\/wp-json\/wp\/v2\/posts"}],"about":[{"href":"https:\/\/aureum.adv.br\/inicio\/wp-json\/wp\/v2\/types\/post"}],"author":[{"embeddable":true,"href":"https:\/\/aureum.adv.br\/inicio\/wp-json\/wp\/v2\/users\/2"}],"replies":[{"embeddable":true,"href":"https:\/\/aureum.adv.br\/inicio\/wp-json\/wp\/v2\/comments?post=5920"}],"version-history":[{"count":4,"href":"https:\/\/aureum.adv.br\/inicio\/wp-json\/wp\/v2\/posts\/5920\/revisions"}],"predecessor-version":[{"id":5925,"href":"https:\/\/aureum.adv.br\/inicio\/wp-json\/wp\/v2\/posts\/5920\/revisions\/5925"}],"wp:featuredmedia":[{"embeddable":true,"href":"https:\/\/aureum.adv.br\/inicio\/wp-json\/wp\/v2\/media\/5922"}],"wp:attachment":[{"href":"https:\/\/aureum.adv.br\/inicio\/wp-json\/wp\/v2\/media?parent=5920"}],"wp:term":[{"taxonomy":"category","embeddable":true,"href":"https:\/\/aureum.adv.br\/inicio\/wp-json\/wp\/v2\/categories?post=5920"},{"taxonomy":"post_tag","embeddable":true,"href":"https:\/\/aureum.adv.br\/inicio\/wp-json\/wp\/v2\/tags?post=5920"}],"curies":[{"name":"wp","href":"https:\/\/api.w.org\/{rel}","templated":true}]}}