{"id":5887,"date":"2024-03-21T17:34:39","date_gmt":"2024-03-21T20:34:39","guid":{"rendered":"https:\/\/aureum.adv.br\/inicio\/?p=5887"},"modified":"2024-03-21T17:35:32","modified_gmt":"2024-03-21T20:35:32","slug":"elementor-5887","status":"publish","type":"post","link":"https:\/\/aureum.adv.br\/inicio\/2024\/03\/21\/elementor-5887\/","title":{"rendered":"Dengue: trabalhador afastado pode receber aux\u00edlio do INSS?"},"content":{"rendered":"\t\t<div data-elementor-type=\"wp-post\" data-elementor-id=\"5887\" class=\"elementor elementor-5887\">\n\t\t\t\t\t\t<section class=\"elementor-section elementor-top-section elementor-element elementor-element-4a88bc2 elementor-section-boxed elementor-section-height-default elementor-section-height-default\" data-id=\"4a88bc2\" data-element_type=\"section\">\n\t\t\t\t\t\t<div class=\"elementor-container elementor-column-gap-default\">\n\t\t\t\t\t<div class=\"elementor-column elementor-col-100 elementor-top-column elementor-element elementor-element-4f7fa88\" data-id=\"4f7fa88\" data-element_type=\"column\">\n\t\t\t<div class=\"elementor-widget-wrap elementor-element-populated\">\n\t\t\t\t\t\t<div class=\"elementor-element elementor-element-dfbaec9 elementor-widget elementor-widget-text-editor\" data-id=\"dfbaec9\" data-element_type=\"widget\" data-widget_type=\"text-editor.default\">\n\t\t\t\t<div class=\"elementor-widget-container\">\n\t\t\t\t\t\t\t\t\t<p style=\"text-align: justify;\"><span>Um benef\u00edcio previdenci\u00e1rio bastante conhecido dos brasileiros \u00e9 o Aux\u00edlio-Doen\u00e7a.<\/span><br \/><br \/><span>Depois da reforma da previd\u00eancia, esse nome mudou para aux\u00edlio por incapacidade tempor\u00e1ria.<\/span><br \/><br \/><span>A ideia \u00e9 oferecer suporte ao trabalhador temporariamente impossibilitado de realizar suas atividades, como pode ocorrer em casos de dengue.<\/span><br \/><br \/><span>E para receber esse aux\u00edlio, o trabalhador deve cumprir alguns requisitos:<\/span><br \/><br \/><span>1- Ter qualidade de segurado da previd\u00eancia social;<\/span><br \/><br \/><span>2- Cumprir a car\u00eancia de contribui\u00e7\u00f5es previdenci\u00e1rias;<\/span><br \/><br \/><span>3- Ter a incapacidade tempor\u00e1ria para o trabalho devidamente comprovada;<\/span><br \/><br \/><span>4- Que a incapacidade seja superior a 15 dias.<\/span><br \/><br \/><span>A qualidade de segurado, via de regra, se d\u00e1 com o estabelecimento do v\u00ednculo trabalhista, mediante a filia\u00e7\u00e3o ao INSS e as contribui\u00e7\u00f5es previdenci\u00e1rias recolhidas mensalmente pelo contratante.<\/span><br \/><br \/><span>A car\u00eancia, que \u00e9 um n\u00famero m\u00ednimo de contribui\u00e7\u00f5es previdenci\u00e1rias, \u00e9 de 12 meses para se ter direito ao benef\u00edcio.<\/span><br \/><br \/><span>Ainda, \u00e9 preciso que o trabalhador tenha a recomenda\u00e7\u00e3o m\u00e9dica de afastamento por mais de 15 dias para configurar a incapacidade tempor\u00e1ria.<\/span><br \/><br \/><span>Verificados todos esses requisitos, o trabalhador pode fazer o requerimento do benef\u00edcio junto ao INSS, tanto pelo sistema virtual \u201cMeu INSS\u201d, quanto presencialmente.<\/span><br \/><br \/><span>Ap\u00f3s a entrega de todos os documentos e preenchimento de formul\u00e1rios, o trabalhador ser\u00e1 submetido a uma per\u00edcia m\u00e9dica para comprovar sua incapacidade.<\/span><br \/><br \/><span>Estando tudo de acordo com a legisla\u00e7\u00e3o previdenci\u00e1ria, o benef\u00edcio \u00e9 concedido pelo INSS.<\/span><br \/><br \/><span>No entanto, h\u00e1 casos em que o benef\u00edcio n\u00e3o \u00e9 concedido, o que pode se dar por variados motivos, tornando necess\u00e1ria a judicializa\u00e7\u00e3o do requerimento.<\/span><br \/><br \/><span>Em qualquer caso, a consulta de um profissional especializado evitar\u00e1 demoras e equ\u00edvocos desnecess\u00e1rios.<\/span><br \/><br \/><span>Gostou do conte\u00fado? Nos siga para mais e compartilhe este post com seus amigos!<\/span><\/p>\t\t\t\t\t\t\t\t<\/div>\n\t\t\t\t<\/div>\n\t\t\t\t\t<\/div>\n\t\t<\/div>\n\t\t\t\t\t<\/div>\n\t\t<\/section>\n\t\t\t\t<\/div>\n\t\t","protected":false},"excerpt":{"rendered":"<p>Um benef\u00edcio previdenci\u00e1rio bastante conhecido dos brasileiros \u00e9 o Aux\u00edlio-Doen\u00e7a. Depois da reforma da previd\u00eancia, esse nome mudou para aux\u00edlio por incapacidade tempor\u00e1ria. A ideia \u00e9 oferecer suporte ao trabalhador temporariamente impossibilitado de realizar suas atividades, como pode ocorrer em casos de dengue. E para receber esse aux\u00edlio, o trabalhador deve cumprir alguns requisitos: 1- Ter qualidade de segurado da previd\u00eancia social; 2- Cumprir a car\u00eancia de contribui\u00e7\u00f5es previdenci\u00e1rias; 3- Ter a incapacidade tempor\u00e1ria para o trabalho devidamente comprovada; 4- Que a incapacidade seja superior a 15 dias. A qualidade de segurado, via de regra, se d\u00e1 com o estabelecimento do v\u00ednculo trabalhista, mediante a filia\u00e7\u00e3o ao INSS e as contribui\u00e7\u00f5es previdenci\u00e1rias recolhidas mensalmente pelo contratante. A car\u00eancia,&hellip;<\/p>\n","protected":false},"author":2,"featured_media":5889,"comment_status":"open","ping_status":"open","sticky":false,"template":"","format":"standard","meta":{"footnotes":""},"categories":[1],"tags":[],"class_list":["post-5887","post","type-post","status-publish","format-standard","has-post-thumbnail","hentry","category-uncategorized"],"yoast_head":"<!-- This site is optimized with the Yoast SEO plugin v26.9 - https:\/\/yoast.com\/product\/yoast-seo-wordpress\/ -->\n<title>Dengue: trabalhador afastado pode receber aux\u00edlio do INSS? - Aureum Advocacia<\/title>\n<meta name=\"robots\" content=\"index, follow, max-snippet:-1, max-image-preview:large, max-video-preview:-1\" \/>\n<link rel=\"canonical\" href=\"https:\/\/aureum.adv.br\/inicio\/2024\/03\/21\/elementor-5887\/\" \/>\n<meta property=\"og:locale\" content=\"pt_BR\" \/>\n<meta property=\"og:type\" content=\"article\" \/>\n<meta property=\"og:title\" content=\"Dengue: trabalhador afastado pode receber aux\u00edlio do INSS? - Aureum Advocacia\" \/>\n<meta property=\"og:description\" content=\"Um benef\u00edcio previdenci\u00e1rio bastante conhecido dos brasileiros \u00e9 o Aux\u00edlio-Doen\u00e7a. Depois da reforma da previd\u00eancia, esse nome mudou para aux\u00edlio por incapacidade tempor\u00e1ria. A ideia \u00e9 oferecer suporte ao trabalhador temporariamente impossibilitado de realizar suas atividades, como pode ocorrer em casos de dengue. E para receber esse aux\u00edlio, o trabalhador deve cumprir alguns requisitos: 1- Ter qualidade de segurado da previd\u00eancia social; 2- Cumprir a car\u00eancia de contribui\u00e7\u00f5es previdenci\u00e1rias; 3- Ter a incapacidade tempor\u00e1ria para o trabalho devidamente comprovada; 4- Que a incapacidade seja superior a 15 dias. A qualidade de segurado, via de regra, se d\u00e1 com o estabelecimento do v\u00ednculo trabalhista, mediante a filia\u00e7\u00e3o ao INSS e as contribui\u00e7\u00f5es previdenci\u00e1rias recolhidas mensalmente pelo contratante. A car\u00eancia,&hellip;\" \/>\n<meta property=\"og:url\" content=\"https:\/\/aureum.adv.br\/inicio\/2024\/03\/21\/elementor-5887\/\" \/>\n<meta property=\"og:site_name\" content=\"Aureum Advocacia\" \/>\n<meta property=\"article:publisher\" content=\"https:\/\/www.facebook.com\/aureumadvocacia\" \/>\n<meta property=\"article:published_time\" content=\"2024-03-21T20:34:39+00:00\" \/>\n<meta property=\"article:modified_time\" content=\"2024-03-21T20:35:32+00:00\" \/>\n<meta property=\"og:image\" content=\"https:\/\/aureum.adv.br\/inicio\/wp-content\/uploads\/2024\/03\/Dengue.png\" \/>\n\t<meta property=\"og:image:width\" content=\"581\" \/>\n\t<meta property=\"og:image:height\" content=\"582\" \/>\n\t<meta property=\"og:image:type\" content=\"image\/png\" \/>\n<meta name=\"author\" content=\"bruna\" \/>\n<meta name=\"twitter:card\" content=\"summary_large_image\" \/>\n<meta name=\"twitter:label1\" content=\"Escrito por\" \/>\n\t<meta name=\"twitter:data1\" content=\"bruna\" \/>\n\t<meta name=\"twitter:label2\" content=\"Est. tempo de leitura\" \/>\n\t<meta name=\"twitter:data2\" content=\"2 minutos\" \/>\n<script type=\"application\/ld+json\" class=\"yoast-schema-graph\">{\"@context\":\"https:\/\/schema.org\",\"@graph\":[{\"@type\":\"Article\",\"@id\":\"https:\/\/aureum.adv.br\/inicio\/2024\/03\/21\/elementor-5887\/#article\",\"isPartOf\":{\"@id\":\"https:\/\/aureum.adv.br\/inicio\/2024\/03\/21\/elementor-5887\/\"},\"author\":{\"name\":\"bruna\",\"@id\":\"https:\/\/aureum.adv.br\/inicio\/#\/schema\/person\/bfa138bad3521ed6353a3e13d986baf0\"},\"headline\":\"Dengue: trabalhador afastado pode receber aux\u00edlio do INSS?\",\"datePublished\":\"2024-03-21T20:34:39+00:00\",\"dateModified\":\"2024-03-21T20:35:32+00:00\",\"mainEntityOfPage\":{\"@id\":\"https:\/\/aureum.adv.br\/inicio\/2024\/03\/21\/elementor-5887\/\"},\"wordCount\":311,\"commentCount\":0,\"publisher\":{\"@id\":\"https:\/\/aureum.adv.br\/inicio\/#organization\"},\"image\":{\"@id\":\"https:\/\/aureum.adv.br\/inicio\/2024\/03\/21\/elementor-5887\/#primaryimage\"},\"thumbnailUrl\":\"https:\/\/aureum.adv.br\/inicio\/wp-content\/uploads\/2024\/03\/Dengue.png\",\"articleSection\":[\"Uncategorized\"],\"inLanguage\":\"pt-BR\",\"potentialAction\":[{\"@type\":\"CommentAction\",\"name\":\"Comment\",\"target\":[\"https:\/\/aureum.adv.br\/inicio\/2024\/03\/21\/elementor-5887\/#respond\"]}]},{\"@type\":\"WebPage\",\"@id\":\"https:\/\/aureum.adv.br\/inicio\/2024\/03\/21\/elementor-5887\/\",\"url\":\"https:\/\/aureum.adv.br\/inicio\/2024\/03\/21\/elementor-5887\/\",\"name\":\"Dengue: trabalhador afastado pode receber aux\u00edlio do INSS? - Aureum Advocacia\",\"isPartOf\":{\"@id\":\"https:\/\/aureum.adv.br\/inicio\/#website\"},\"primaryImageOfPage\":{\"@id\":\"https:\/\/aureum.adv.br\/inicio\/2024\/03\/21\/elementor-5887\/#primaryimage\"},\"image\":{\"@id\":\"https:\/\/aureum.adv.br\/inicio\/2024\/03\/21\/elementor-5887\/#primaryimage\"},\"thumbnailUrl\":\"https:\/\/aureum.adv.br\/inicio\/wp-content\/uploads\/2024\/03\/Dengue.png\",\"datePublished\":\"2024-03-21T20:34:39+00:00\",\"dateModified\":\"2024-03-21T20:35:32+00:00\",\"breadcrumb\":{\"@id\":\"https:\/\/aureum.adv.br\/inicio\/2024\/03\/21\/elementor-5887\/#breadcrumb\"},\"inLanguage\":\"pt-BR\",\"potentialAction\":[{\"@type\":\"ReadAction\",\"target\":[\"https:\/\/aureum.adv.br\/inicio\/2024\/03\/21\/elementor-5887\/\"]}]},{\"@type\":\"ImageObject\",\"inLanguage\":\"pt-BR\",\"@id\":\"https:\/\/aureum.adv.br\/inicio\/2024\/03\/21\/elementor-5887\/#primaryimage\",\"url\":\"https:\/\/aureum.adv.br\/inicio\/wp-content\/uploads\/2024\/03\/Dengue.png\",\"contentUrl\":\"https:\/\/aureum.adv.br\/inicio\/wp-content\/uploads\/2024\/03\/Dengue.png\",\"width\":581,\"height\":582},{\"@type\":\"BreadcrumbList\",\"@id\":\"https:\/\/aureum.adv.br\/inicio\/2024\/03\/21\/elementor-5887\/#breadcrumb\",\"itemListElement\":[{\"@type\":\"ListItem\",\"position\":1,\"name\":\"In\u00edcio\",\"item\":\"https:\/\/aureum.adv.br\/inicio\/\"},{\"@type\":\"ListItem\",\"position\":2,\"name\":\"Dengue: trabalhador afastado pode receber aux\u00edlio do INSS?\"}]},{\"@type\":\"WebSite\",\"@id\":\"https:\/\/aureum.adv.br\/inicio\/#website\",\"url\":\"https:\/\/aureum.adv.br\/inicio\/\",\"name\":\"Aureum Advocacia\",\"description\":\"Aureum Advocacia Tribut\u00e1ria\",\"publisher\":{\"@id\":\"https:\/\/aureum.adv.br\/inicio\/#organization\"},\"potentialAction\":[{\"@type\":\"SearchAction\",\"target\":{\"@type\":\"EntryPoint\",\"urlTemplate\":\"https:\/\/aureum.adv.br\/inicio\/?s={search_term_string}\"},\"query-input\":{\"@type\":\"PropertyValueSpecification\",\"valueRequired\":true,\"valueName\":\"search_term_string\"}}],\"inLanguage\":\"pt-BR\"},{\"@type\":\"Organization\",\"@id\":\"https:\/\/aureum.adv.br\/inicio\/#organization\",\"name\":\"Aureum\",\"url\":\"https:\/\/aureum.adv.br\/inicio\/\",\"logo\":{\"@type\":\"ImageObject\",\"inLanguage\":\"pt-BR\",\"@id\":\"https:\/\/aureum.adv.br\/inicio\/#\/schema\/logo\/image\/\",\"url\":\"https:\/\/aureum.adv.br\/inicio\/wp-content\/uploads\/2020\/04\/logo_com-fundo.png\",\"contentUrl\":\"https:\/\/aureum.adv.br\/inicio\/wp-content\/uploads\/2020\/04\/logo_com-fundo.png\",\"width\":1080,\"height\":1400,\"caption\":\"Aureum\"},\"image\":{\"@id\":\"https:\/\/aureum.adv.br\/inicio\/#\/schema\/logo\/image\/\"},\"sameAs\":[\"https:\/\/www.facebook.com\/aureumadvocacia\",\"https:\/\/br.linkedin.com\/company\/aureum-advocacia\"]},{\"@type\":\"Person\",\"@id\":\"https:\/\/aureum.adv.br\/inicio\/#\/schema\/person\/bfa138bad3521ed6353a3e13d986baf0\",\"name\":\"bruna\",\"image\":{\"@type\":\"ImageObject\",\"inLanguage\":\"pt-BR\",\"@id\":\"https:\/\/aureum.adv.br\/inicio\/#\/schema\/person\/image\/\",\"url\":\"https:\/\/secure.gravatar.com\/avatar\/ec30cfb94570b842e7230a0fa0eaf2d45ab44f38f3165e80cf8f0311e64d4bd6?s=96&d=mm&r=g\",\"contentUrl\":\"https:\/\/secure.gravatar.com\/avatar\/ec30cfb94570b842e7230a0fa0eaf2d45ab44f38f3165e80cf8f0311e64d4bd6?s=96&d=mm&r=g\",\"caption\":\"bruna\"},\"url\":\"https:\/\/aureum.adv.br\/inicio\/author\/bruna\/\"}]}<\/script>\n<!-- \/ Yoast SEO plugin. -->","yoast_head_json":{"title":"Dengue: trabalhador afastado pode receber aux\u00edlio do INSS? - Aureum Advocacia","robots":{"index":"index","follow":"follow","max-snippet":"max-snippet:-1","max-image-preview":"max-image-preview:large","max-video-preview":"max-video-preview:-1"},"canonical":"https:\/\/aureum.adv.br\/inicio\/2024\/03\/21\/elementor-5887\/","og_locale":"pt_BR","og_type":"article","og_title":"Dengue: trabalhador afastado pode receber aux\u00edlio do INSS? - Aureum Advocacia","og_description":"Um benef\u00edcio previdenci\u00e1rio bastante conhecido dos brasileiros \u00e9 o Aux\u00edlio-Doen\u00e7a. Depois da reforma da previd\u00eancia, esse nome mudou para aux\u00edlio por incapacidade tempor\u00e1ria. A ideia \u00e9 oferecer suporte ao trabalhador temporariamente impossibilitado de realizar suas atividades, como pode ocorrer em casos de dengue. E para receber esse aux\u00edlio, o trabalhador deve cumprir alguns requisitos: 1- Ter qualidade de segurado da previd\u00eancia social; 2- Cumprir a car\u00eancia de contribui\u00e7\u00f5es previdenci\u00e1rias; 3- Ter a incapacidade tempor\u00e1ria para o trabalho devidamente comprovada; 4- Que a incapacidade seja superior a 15 dias. A qualidade de segurado, via de regra, se d\u00e1 com o estabelecimento do v\u00ednculo trabalhista, mediante a filia\u00e7\u00e3o ao INSS e as contribui\u00e7\u00f5es previdenci\u00e1rias recolhidas mensalmente pelo contratante. A car\u00eancia,&hellip;","og_url":"https:\/\/aureum.adv.br\/inicio\/2024\/03\/21\/elementor-5887\/","og_site_name":"Aureum Advocacia","article_publisher":"https:\/\/www.facebook.com\/aureumadvocacia","article_published_time":"2024-03-21T20:34:39+00:00","article_modified_time":"2024-03-21T20:35:32+00:00","og_image":[{"width":581,"height":582,"url":"https:\/\/aureum.adv.br\/inicio\/wp-content\/uploads\/2024\/03\/Dengue.png","type":"image\/png"}],"author":"bruna","twitter_card":"summary_large_image","twitter_misc":{"Escrito por":"bruna","Est. tempo de leitura":"2 minutos"},"schema":{"@context":"https:\/\/schema.org","@graph":[{"@type":"Article","@id":"https:\/\/aureum.adv.br\/inicio\/2024\/03\/21\/elementor-5887\/#article","isPartOf":{"@id":"https:\/\/aureum.adv.br\/inicio\/2024\/03\/21\/elementor-5887\/"},"author":{"name":"bruna","@id":"https:\/\/aureum.adv.br\/inicio\/#\/schema\/person\/bfa138bad3521ed6353a3e13d986baf0"},"headline":"Dengue: trabalhador afastado pode receber aux\u00edlio do INSS?","datePublished":"2024-03-21T20:34:39+00:00","dateModified":"2024-03-21T20:35:32+00:00","mainEntityOfPage":{"@id":"https:\/\/aureum.adv.br\/inicio\/2024\/03\/21\/elementor-5887\/"},"wordCount":311,"commentCount":0,"publisher":{"@id":"https:\/\/aureum.adv.br\/inicio\/#organization"},"image":{"@id":"https:\/\/aureum.adv.br\/inicio\/2024\/03\/21\/elementor-5887\/#primaryimage"},"thumbnailUrl":"https:\/\/aureum.adv.br\/inicio\/wp-content\/uploads\/2024\/03\/Dengue.png","articleSection":["Uncategorized"],"inLanguage":"pt-BR","potentialAction":[{"@type":"CommentAction","name":"Comment","target":["https:\/\/aureum.adv.br\/inicio\/2024\/03\/21\/elementor-5887\/#respond"]}]},{"@type":"WebPage","@id":"https:\/\/aureum.adv.br\/inicio\/2024\/03\/21\/elementor-5887\/","url":"https:\/\/aureum.adv.br\/inicio\/2024\/03\/21\/elementor-5887\/","name":"Dengue: trabalhador afastado pode receber aux\u00edlio do INSS? - Aureum Advocacia","isPartOf":{"@id":"https:\/\/aureum.adv.br\/inicio\/#website"},"primaryImageOfPage":{"@id":"https:\/\/aureum.adv.br\/inicio\/2024\/03\/21\/elementor-5887\/#primaryimage"},"image":{"@id":"https:\/\/aureum.adv.br\/inicio\/2024\/03\/21\/elementor-5887\/#primaryimage"},"thumbnailUrl":"https:\/\/aureum.adv.br\/inicio\/wp-content\/uploads\/2024\/03\/Dengue.png","datePublished":"2024-03-21T20:34:39+00:00","dateModified":"2024-03-21T20:35:32+00:00","breadcrumb":{"@id":"https:\/\/aureum.adv.br\/inicio\/2024\/03\/21\/elementor-5887\/#breadcrumb"},"inLanguage":"pt-BR","potentialAction":[{"@type":"ReadAction","target":["https:\/\/aureum.adv.br\/inicio\/2024\/03\/21\/elementor-5887\/"]}]},{"@type":"ImageObject","inLanguage":"pt-BR","@id":"https:\/\/aureum.adv.br\/inicio\/2024\/03\/21\/elementor-5887\/#primaryimage","url":"https:\/\/aureum.adv.br\/inicio\/wp-content\/uploads\/2024\/03\/Dengue.png","contentUrl":"https:\/\/aureum.adv.br\/inicio\/wp-content\/uploads\/2024\/03\/Dengue.png","width":581,"height":582},{"@type":"BreadcrumbList","@id":"https:\/\/aureum.adv.br\/inicio\/2024\/03\/21\/elementor-5887\/#breadcrumb","itemListElement":[{"@type":"ListItem","position":1,"name":"In\u00edcio","item":"https:\/\/aureum.adv.br\/inicio\/"},{"@type":"ListItem","position":2,"name":"Dengue: trabalhador afastado pode receber aux\u00edlio do INSS?"}]},{"@type":"WebSite","@id":"https:\/\/aureum.adv.br\/inicio\/#website","url":"https:\/\/aureum.adv.br\/inicio\/","name":"Aureum Advocacia","description":"Aureum Advocacia Tribut\u00e1ria","publisher":{"@id":"https:\/\/aureum.adv.br\/inicio\/#organization"},"potentialAction":[{"@type":"SearchAction","target":{"@type":"EntryPoint","urlTemplate":"https:\/\/aureum.adv.br\/inicio\/?s={search_term_string}"},"query-input":{"@type":"PropertyValueSpecification","valueRequired":true,"valueName":"search_term_string"}}],"inLanguage":"pt-BR"},{"@type":"Organization","@id":"https:\/\/aureum.adv.br\/inicio\/#organization","name":"Aureum","url":"https:\/\/aureum.adv.br\/inicio\/","logo":{"@type":"ImageObject","inLanguage":"pt-BR","@id":"https:\/\/aureum.adv.br\/inicio\/#\/schema\/logo\/image\/","url":"https:\/\/aureum.adv.br\/inicio\/wp-content\/uploads\/2020\/04\/logo_com-fundo.png","contentUrl":"https:\/\/aureum.adv.br\/inicio\/wp-content\/uploads\/2020\/04\/logo_com-fundo.png","width":1080,"height":1400,"caption":"Aureum"},"image":{"@id":"https:\/\/aureum.adv.br\/inicio\/#\/schema\/logo\/image\/"},"sameAs":["https:\/\/www.facebook.com\/aureumadvocacia","https:\/\/br.linkedin.com\/company\/aureum-advocacia"]},{"@type":"Person","@id":"https:\/\/aureum.adv.br\/inicio\/#\/schema\/person\/bfa138bad3521ed6353a3e13d986baf0","name":"bruna","image":{"@type":"ImageObject","inLanguage":"pt-BR","@id":"https:\/\/aureum.adv.br\/inicio\/#\/schema\/person\/image\/","url":"https:\/\/secure.gravatar.com\/avatar\/ec30cfb94570b842e7230a0fa0eaf2d45ab44f38f3165e80cf8f0311e64d4bd6?s=96&d=mm&r=g","contentUrl":"https:\/\/secure.gravatar.com\/avatar\/ec30cfb94570b842e7230a0fa0eaf2d45ab44f38f3165e80cf8f0311e64d4bd6?s=96&d=mm&r=g","caption":"bruna"},"url":"https:\/\/aureum.adv.br\/inicio\/author\/bruna\/"}]}},"_links":{"self":[{"href":"https:\/\/aureum.adv.br\/inicio\/wp-json\/wp\/v2\/posts\/5887","targetHints":{"allow":["GET"]}}],"collection":[{"href":"https:\/\/aureum.adv.br\/inicio\/wp-json\/wp\/v2\/posts"}],"about":[{"href":"https:\/\/aureum.adv.br\/inicio\/wp-json\/wp\/v2\/types\/post"}],"author":[{"embeddable":true,"href":"https:\/\/aureum.adv.br\/inicio\/wp-json\/wp\/v2\/users\/2"}],"replies":[{"embeddable":true,"href":"https:\/\/aureum.adv.br\/inicio\/wp-json\/wp\/v2\/comments?post=5887"}],"version-history":[{"count":4,"href":"https:\/\/aureum.adv.br\/inicio\/wp-json\/wp\/v2\/posts\/5887\/revisions"}],"predecessor-version":[{"id":5892,"href":"https:\/\/aureum.adv.br\/inicio\/wp-json\/wp\/v2\/posts\/5887\/revisions\/5892"}],"wp:featuredmedia":[{"embeddable":true,"href":"https:\/\/aureum.adv.br\/inicio\/wp-json\/wp\/v2\/media\/5889"}],"wp:attachment":[{"href":"https:\/\/aureum.adv.br\/inicio\/wp-json\/wp\/v2\/media?parent=5887"}],"wp:term":[{"taxonomy":"category","embeddable":true,"href":"https:\/\/aureum.adv.br\/inicio\/wp-json\/wp\/v2\/categories?post=5887"},{"taxonomy":"post_tag","embeddable":true,"href":"https:\/\/aureum.adv.br\/inicio\/wp-json\/wp\/v2\/tags?post=5887"}],"curies":[{"name":"wp","href":"https:\/\/api.w.org\/{rel}","templated":true}]}}