{"id":5881,"date":"2024-03-20T16:04:45","date_gmt":"2024-03-20T19:04:45","guid":{"rendered":"https:\/\/aureum.adv.br\/inicio\/?p=5881"},"modified":"2024-03-20T16:05:34","modified_gmt":"2024-03-20T19:05:34","slug":"elementor-5881","status":"publish","type":"post","link":"https:\/\/aureum.adv.br\/inicio\/2024\/03\/20\/elementor-5881\/","title":{"rendered":"Mam\u00e3e n\u00e3o gestante de uni\u00e3o homoafetiva: entenda a licen\u00e7a-maternidade para voc\u00ea!"},"content":{"rendered":"\t\t<div data-elementor-type=\"wp-post\" data-elementor-id=\"5881\" class=\"elementor elementor-5881\">\n\t\t\t\t\t\t<section class=\"elementor-section elementor-top-section elementor-element elementor-element-005589e elementor-section-boxed elementor-section-height-default elementor-section-height-default\" data-id=\"005589e\" data-element_type=\"section\">\n\t\t\t\t\t\t<div class=\"elementor-container elementor-column-gap-default\">\n\t\t\t\t\t<div class=\"elementor-column elementor-col-100 elementor-top-column elementor-element elementor-element-163302e\" data-id=\"163302e\" data-element_type=\"column\">\n\t\t\t<div class=\"elementor-widget-wrap elementor-element-populated\">\n\t\t\t\t\t\t<div class=\"elementor-element elementor-element-ac6a1e5 elementor-widget elementor-widget-text-editor\" data-id=\"ac6a1e5\" data-element_type=\"widget\" data-widget_type=\"text-editor.default\">\n\t\t\t\t<div class=\"elementor-widget-container\">\n\t\t\t\t\t\t\t\t\t<p style=\"text-align: justify;\"><span>Em um relacionamento de duas mulheres, como fica a licen\u00e7a-maternidade?<\/span><br \/><br \/><span>Bem, em regra, a licen\u00e7a tem afastamento de 120 dias, podendo chegar a 180, caso o empregador participe do Programa Empresa Cidad\u00e3.<\/span><br \/><br \/><span>\u201cE quem tem direito?\u201d<\/span><br \/><br \/><span>Toda segurada do INSS que esteja na qualidade de segurada, no per\u00edodo de gra\u00e7a ou recebendo benef\u00edcio previdenci\u00e1rio.<\/span><br \/><br \/><span>Por\u00e9m, os tribunais t\u00eam entendido que a mulher n\u00e3o gestante em rela\u00e7\u00e3o homoafetiva n\u00e3o tem direito ao benef\u00edcio.<\/span><br \/><br \/><span>No m\u00e1ximo, o que se tem conseguido judicialmente a t\u00edtulo de equipara\u00e7\u00e3o, \u00e9 a \u201clicen\u00e7a-paternidade\u201d.<\/span><br \/><br \/><span>Isso d\u00e1 o direito de se afastar pelo per\u00edodo de 5 dias, podendo ser estendido para 20 dias, caso a empresa participe do Programa Empresa Cidad\u00e3.<\/span><br \/><br \/><span>A raz\u00e3o da decis\u00e3o \u00e9 que se o casal homoafetivo tem direito ao benef\u00edcio, o casal h\u00e9tero tamb\u00e9m tem.<\/span><br \/><br \/><span>Al\u00e9m disso, a licen\u00e7a-maternidade \u00e9 concedida a apenas um membro da rela\u00e7\u00e3o enquanto o outro recebe a licen\u00e7a-paternidade.<\/span><br \/><br \/><span>Vale ainda destacar, que o STF deve decidir em breve se \u00e9 poss\u00edvel a concess\u00e3o \u00e0 m\u00e3e n\u00e3o gestante, nos casos em que a gesta\u00e7\u00e3o de sua companheira decorra de procedimento de insemina\u00e7\u00e3o artificial.<\/span><br \/><br \/><span>Mas e voc\u00ea: j\u00e1 sabia como funcionava?<\/span><br \/><br \/><span>E se precisar de ajuda, busque por um advogado da \u00e1rea para te orientar sobre os caminhos poss\u00edveis.<\/span><\/p>\t\t\t\t\t\t\t\t<\/div>\n\t\t\t\t<\/div>\n\t\t\t\t\t<\/div>\n\t\t<\/div>\n\t\t\t\t\t<\/div>\n\t\t<\/section>\n\t\t\t\t<\/div>\n\t\t","protected":false},"excerpt":{"rendered":"<p>Em um relacionamento de duas mulheres, como fica a licen\u00e7a-maternidade? Bem, em regra, a licen\u00e7a tem afastamento de 120 dias, podendo chegar a 180, caso o empregador participe do Programa Empresa Cidad\u00e3. \u201cE quem tem direito?\u201d Toda segurada do INSS que esteja na qualidade de segurada, no per\u00edodo de gra\u00e7a ou recebendo benef\u00edcio previdenci\u00e1rio. Por\u00e9m, os tribunais t\u00eam entendido que a mulher n\u00e3o gestante em rela\u00e7\u00e3o homoafetiva n\u00e3o tem direito ao benef\u00edcio. No m\u00e1ximo, o que se tem conseguido judicialmente a t\u00edtulo de equipara\u00e7\u00e3o, \u00e9 a \u201clicen\u00e7a-paternidade\u201d. Isso d\u00e1 o direito de se afastar pelo per\u00edodo de 5 dias, podendo ser estendido para 20 dias, caso a empresa participe do Programa Empresa Cidad\u00e3. A raz\u00e3o da decis\u00e3o \u00e9&hellip;<\/p>\n","protected":false},"author":2,"featured_media":5883,"comment_status":"open","ping_status":"open","sticky":false,"template":"","format":"standard","meta":{"footnotes":""},"categories":[1],"tags":[],"class_list":["post-5881","post","type-post","status-publish","format-standard","has-post-thumbnail","hentry","category-uncategorized"],"yoast_head":"<!-- This site is optimized with the Yoast SEO plugin v26.9 - https:\/\/yoast.com\/product\/yoast-seo-wordpress\/ -->\n<title>Mam\u00e3e n\u00e3o gestante de uni\u00e3o homoafetiva: entenda a licen\u00e7a-maternidade para voc\u00ea! - Aureum Advocacia<\/title>\n<meta name=\"robots\" content=\"index, follow, max-snippet:-1, max-image-preview:large, max-video-preview:-1\" \/>\n<link rel=\"canonical\" href=\"https:\/\/aureum.adv.br\/inicio\/2024\/03\/20\/elementor-5881\/\" \/>\n<meta property=\"og:locale\" content=\"pt_BR\" \/>\n<meta property=\"og:type\" content=\"article\" \/>\n<meta property=\"og:title\" content=\"Mam\u00e3e n\u00e3o gestante de uni\u00e3o homoafetiva: entenda a licen\u00e7a-maternidade para voc\u00ea! - Aureum Advocacia\" \/>\n<meta property=\"og:description\" content=\"Em um relacionamento de duas mulheres, como fica a licen\u00e7a-maternidade? Bem, em regra, a licen\u00e7a tem afastamento de 120 dias, podendo chegar a 180, caso o empregador participe do Programa Empresa Cidad\u00e3. \u201cE quem tem direito?\u201d Toda segurada do INSS que esteja na qualidade de segurada, no per\u00edodo de gra\u00e7a ou recebendo benef\u00edcio previdenci\u00e1rio. Por\u00e9m, os tribunais t\u00eam entendido que a mulher n\u00e3o gestante em rela\u00e7\u00e3o homoafetiva n\u00e3o tem direito ao benef\u00edcio. No m\u00e1ximo, o que se tem conseguido judicialmente a t\u00edtulo de equipara\u00e7\u00e3o, \u00e9 a \u201clicen\u00e7a-paternidade\u201d. Isso d\u00e1 o direito de se afastar pelo per\u00edodo de 5 dias, podendo ser estendido para 20 dias, caso a empresa participe do Programa Empresa Cidad\u00e3. A raz\u00e3o da decis\u00e3o \u00e9&hellip;\" \/>\n<meta property=\"og:url\" content=\"https:\/\/aureum.adv.br\/inicio\/2024\/03\/20\/elementor-5881\/\" \/>\n<meta property=\"og:site_name\" content=\"Aureum Advocacia\" \/>\n<meta property=\"article:publisher\" content=\"https:\/\/www.facebook.com\/aureumadvocacia\" \/>\n<meta property=\"article:published_time\" content=\"2024-03-20T19:04:45+00:00\" \/>\n<meta property=\"article:modified_time\" content=\"2024-03-20T19:05:34+00:00\" \/>\n<meta property=\"og:image\" content=\"https:\/\/aureum.adv.br\/inicio\/wp-content\/uploads\/2024\/03\/LGBT.png\" \/>\n\t<meta property=\"og:image:width\" content=\"579\" \/>\n\t<meta property=\"og:image:height\" content=\"581\" \/>\n\t<meta property=\"og:image:type\" content=\"image\/png\" \/>\n<meta name=\"author\" content=\"bruna\" \/>\n<meta name=\"twitter:card\" content=\"summary_large_image\" \/>\n<meta name=\"twitter:label1\" content=\"Escrito por\" \/>\n\t<meta name=\"twitter:data1\" content=\"bruna\" \/>\n\t<meta name=\"twitter:label2\" content=\"Est. tempo de leitura\" \/>\n\t<meta name=\"twitter:data2\" content=\"2 minutos\" \/>\n<script type=\"application\/ld+json\" class=\"yoast-schema-graph\">{\"@context\":\"https:\/\/schema.org\",\"@graph\":[{\"@type\":\"Article\",\"@id\":\"https:\/\/aureum.adv.br\/inicio\/2024\/03\/20\/elementor-5881\/#article\",\"isPartOf\":{\"@id\":\"https:\/\/aureum.adv.br\/inicio\/2024\/03\/20\/elementor-5881\/\"},\"author\":{\"name\":\"bruna\",\"@id\":\"https:\/\/aureum.adv.br\/inicio\/#\/schema\/person\/bfa138bad3521ed6353a3e13d986baf0\"},\"headline\":\"Mam\u00e3e n\u00e3o gestante de uni\u00e3o homoafetiva: entenda a licen\u00e7a-maternidade para voc\u00ea!\",\"datePublished\":\"2024-03-20T19:04:45+00:00\",\"dateModified\":\"2024-03-20T19:05:34+00:00\",\"mainEntityOfPage\":{\"@id\":\"https:\/\/aureum.adv.br\/inicio\/2024\/03\/20\/elementor-5881\/\"},\"wordCount\":248,\"commentCount\":0,\"publisher\":{\"@id\":\"https:\/\/aureum.adv.br\/inicio\/#organization\"},\"image\":{\"@id\":\"https:\/\/aureum.adv.br\/inicio\/2024\/03\/20\/elementor-5881\/#primaryimage\"},\"thumbnailUrl\":\"https:\/\/aureum.adv.br\/inicio\/wp-content\/uploads\/2024\/03\/LGBT.png\",\"articleSection\":[\"Uncategorized\"],\"inLanguage\":\"pt-BR\",\"potentialAction\":[{\"@type\":\"CommentAction\",\"name\":\"Comment\",\"target\":[\"https:\/\/aureum.adv.br\/inicio\/2024\/03\/20\/elementor-5881\/#respond\"]}]},{\"@type\":\"WebPage\",\"@id\":\"https:\/\/aureum.adv.br\/inicio\/2024\/03\/20\/elementor-5881\/\",\"url\":\"https:\/\/aureum.adv.br\/inicio\/2024\/03\/20\/elementor-5881\/\",\"name\":\"Mam\u00e3e n\u00e3o gestante de uni\u00e3o homoafetiva: entenda a licen\u00e7a-maternidade para voc\u00ea! - Aureum Advocacia\",\"isPartOf\":{\"@id\":\"https:\/\/aureum.adv.br\/inicio\/#website\"},\"primaryImageOfPage\":{\"@id\":\"https:\/\/aureum.adv.br\/inicio\/2024\/03\/20\/elementor-5881\/#primaryimage\"},\"image\":{\"@id\":\"https:\/\/aureum.adv.br\/inicio\/2024\/03\/20\/elementor-5881\/#primaryimage\"},\"thumbnailUrl\":\"https:\/\/aureum.adv.br\/inicio\/wp-content\/uploads\/2024\/03\/LGBT.png\",\"datePublished\":\"2024-03-20T19:04:45+00:00\",\"dateModified\":\"2024-03-20T19:05:34+00:00\",\"breadcrumb\":{\"@id\":\"https:\/\/aureum.adv.br\/inicio\/2024\/03\/20\/elementor-5881\/#breadcrumb\"},\"inLanguage\":\"pt-BR\",\"potentialAction\":[{\"@type\":\"ReadAction\",\"target\":[\"https:\/\/aureum.adv.br\/inicio\/2024\/03\/20\/elementor-5881\/\"]}]},{\"@type\":\"ImageObject\",\"inLanguage\":\"pt-BR\",\"@id\":\"https:\/\/aureum.adv.br\/inicio\/2024\/03\/20\/elementor-5881\/#primaryimage\",\"url\":\"https:\/\/aureum.adv.br\/inicio\/wp-content\/uploads\/2024\/03\/LGBT.png\",\"contentUrl\":\"https:\/\/aureum.adv.br\/inicio\/wp-content\/uploads\/2024\/03\/LGBT.png\",\"width\":579,\"height\":581},{\"@type\":\"BreadcrumbList\",\"@id\":\"https:\/\/aureum.adv.br\/inicio\/2024\/03\/20\/elementor-5881\/#breadcrumb\",\"itemListElement\":[{\"@type\":\"ListItem\",\"position\":1,\"name\":\"In\u00edcio\",\"item\":\"https:\/\/aureum.adv.br\/inicio\/\"},{\"@type\":\"ListItem\",\"position\":2,\"name\":\"Mam\u00e3e n\u00e3o gestante de uni\u00e3o homoafetiva: entenda a licen\u00e7a-maternidade para voc\u00ea!\"}]},{\"@type\":\"WebSite\",\"@id\":\"https:\/\/aureum.adv.br\/inicio\/#website\",\"url\":\"https:\/\/aureum.adv.br\/inicio\/\",\"name\":\"Aureum Advocacia\",\"description\":\"Aureum Advocacia Tribut\u00e1ria\",\"publisher\":{\"@id\":\"https:\/\/aureum.adv.br\/inicio\/#organization\"},\"potentialAction\":[{\"@type\":\"SearchAction\",\"target\":{\"@type\":\"EntryPoint\",\"urlTemplate\":\"https:\/\/aureum.adv.br\/inicio\/?s={search_term_string}\"},\"query-input\":{\"@type\":\"PropertyValueSpecification\",\"valueRequired\":true,\"valueName\":\"search_term_string\"}}],\"inLanguage\":\"pt-BR\"},{\"@type\":\"Organization\",\"@id\":\"https:\/\/aureum.adv.br\/inicio\/#organization\",\"name\":\"Aureum\",\"url\":\"https:\/\/aureum.adv.br\/inicio\/\",\"logo\":{\"@type\":\"ImageObject\",\"inLanguage\":\"pt-BR\",\"@id\":\"https:\/\/aureum.adv.br\/inicio\/#\/schema\/logo\/image\/\",\"url\":\"https:\/\/aureum.adv.br\/inicio\/wp-content\/uploads\/2020\/04\/logo_com-fundo.png\",\"contentUrl\":\"https:\/\/aureum.adv.br\/inicio\/wp-content\/uploads\/2020\/04\/logo_com-fundo.png\",\"width\":1080,\"height\":1400,\"caption\":\"Aureum\"},\"image\":{\"@id\":\"https:\/\/aureum.adv.br\/inicio\/#\/schema\/logo\/image\/\"},\"sameAs\":[\"https:\/\/www.facebook.com\/aureumadvocacia\",\"https:\/\/br.linkedin.com\/company\/aureum-advocacia\"]},{\"@type\":\"Person\",\"@id\":\"https:\/\/aureum.adv.br\/inicio\/#\/schema\/person\/bfa138bad3521ed6353a3e13d986baf0\",\"name\":\"bruna\",\"image\":{\"@type\":\"ImageObject\",\"inLanguage\":\"pt-BR\",\"@id\":\"https:\/\/aureum.adv.br\/inicio\/#\/schema\/person\/image\/\",\"url\":\"https:\/\/secure.gravatar.com\/avatar\/ec30cfb94570b842e7230a0fa0eaf2d45ab44f38f3165e80cf8f0311e64d4bd6?s=96&d=mm&r=g\",\"contentUrl\":\"https:\/\/secure.gravatar.com\/avatar\/ec30cfb94570b842e7230a0fa0eaf2d45ab44f38f3165e80cf8f0311e64d4bd6?s=96&d=mm&r=g\",\"caption\":\"bruna\"},\"url\":\"https:\/\/aureum.adv.br\/inicio\/author\/bruna\/\"}]}<\/script>\n<!-- \/ Yoast SEO plugin. -->","yoast_head_json":{"title":"Mam\u00e3e n\u00e3o gestante de uni\u00e3o homoafetiva: entenda a licen\u00e7a-maternidade para voc\u00ea! - Aureum Advocacia","robots":{"index":"index","follow":"follow","max-snippet":"max-snippet:-1","max-image-preview":"max-image-preview:large","max-video-preview":"max-video-preview:-1"},"canonical":"https:\/\/aureum.adv.br\/inicio\/2024\/03\/20\/elementor-5881\/","og_locale":"pt_BR","og_type":"article","og_title":"Mam\u00e3e n\u00e3o gestante de uni\u00e3o homoafetiva: entenda a licen\u00e7a-maternidade para voc\u00ea! - Aureum Advocacia","og_description":"Em um relacionamento de duas mulheres, como fica a licen\u00e7a-maternidade? Bem, em regra, a licen\u00e7a tem afastamento de 120 dias, podendo chegar a 180, caso o empregador participe do Programa Empresa Cidad\u00e3. \u201cE quem tem direito?\u201d Toda segurada do INSS que esteja na qualidade de segurada, no per\u00edodo de gra\u00e7a ou recebendo benef\u00edcio previdenci\u00e1rio. Por\u00e9m, os tribunais t\u00eam entendido que a mulher n\u00e3o gestante em rela\u00e7\u00e3o homoafetiva n\u00e3o tem direito ao benef\u00edcio. No m\u00e1ximo, o que se tem conseguido judicialmente a t\u00edtulo de equipara\u00e7\u00e3o, \u00e9 a \u201clicen\u00e7a-paternidade\u201d. Isso d\u00e1 o direito de se afastar pelo per\u00edodo de 5 dias, podendo ser estendido para 20 dias, caso a empresa participe do Programa Empresa Cidad\u00e3. A raz\u00e3o da decis\u00e3o \u00e9&hellip;","og_url":"https:\/\/aureum.adv.br\/inicio\/2024\/03\/20\/elementor-5881\/","og_site_name":"Aureum Advocacia","article_publisher":"https:\/\/www.facebook.com\/aureumadvocacia","article_published_time":"2024-03-20T19:04:45+00:00","article_modified_time":"2024-03-20T19:05:34+00:00","og_image":[{"width":579,"height":581,"url":"https:\/\/aureum.adv.br\/inicio\/wp-content\/uploads\/2024\/03\/LGBT.png","type":"image\/png"}],"author":"bruna","twitter_card":"summary_large_image","twitter_misc":{"Escrito por":"bruna","Est. tempo de leitura":"2 minutos"},"schema":{"@context":"https:\/\/schema.org","@graph":[{"@type":"Article","@id":"https:\/\/aureum.adv.br\/inicio\/2024\/03\/20\/elementor-5881\/#article","isPartOf":{"@id":"https:\/\/aureum.adv.br\/inicio\/2024\/03\/20\/elementor-5881\/"},"author":{"name":"bruna","@id":"https:\/\/aureum.adv.br\/inicio\/#\/schema\/person\/bfa138bad3521ed6353a3e13d986baf0"},"headline":"Mam\u00e3e n\u00e3o gestante de uni\u00e3o homoafetiva: entenda a licen\u00e7a-maternidade para voc\u00ea!","datePublished":"2024-03-20T19:04:45+00:00","dateModified":"2024-03-20T19:05:34+00:00","mainEntityOfPage":{"@id":"https:\/\/aureum.adv.br\/inicio\/2024\/03\/20\/elementor-5881\/"},"wordCount":248,"commentCount":0,"publisher":{"@id":"https:\/\/aureum.adv.br\/inicio\/#organization"},"image":{"@id":"https:\/\/aureum.adv.br\/inicio\/2024\/03\/20\/elementor-5881\/#primaryimage"},"thumbnailUrl":"https:\/\/aureum.adv.br\/inicio\/wp-content\/uploads\/2024\/03\/LGBT.png","articleSection":["Uncategorized"],"inLanguage":"pt-BR","potentialAction":[{"@type":"CommentAction","name":"Comment","target":["https:\/\/aureum.adv.br\/inicio\/2024\/03\/20\/elementor-5881\/#respond"]}]},{"@type":"WebPage","@id":"https:\/\/aureum.adv.br\/inicio\/2024\/03\/20\/elementor-5881\/","url":"https:\/\/aureum.adv.br\/inicio\/2024\/03\/20\/elementor-5881\/","name":"Mam\u00e3e n\u00e3o gestante de uni\u00e3o homoafetiva: entenda a licen\u00e7a-maternidade para voc\u00ea! - Aureum Advocacia","isPartOf":{"@id":"https:\/\/aureum.adv.br\/inicio\/#website"},"primaryImageOfPage":{"@id":"https:\/\/aureum.adv.br\/inicio\/2024\/03\/20\/elementor-5881\/#primaryimage"},"image":{"@id":"https:\/\/aureum.adv.br\/inicio\/2024\/03\/20\/elementor-5881\/#primaryimage"},"thumbnailUrl":"https:\/\/aureum.adv.br\/inicio\/wp-content\/uploads\/2024\/03\/LGBT.png","datePublished":"2024-03-20T19:04:45+00:00","dateModified":"2024-03-20T19:05:34+00:00","breadcrumb":{"@id":"https:\/\/aureum.adv.br\/inicio\/2024\/03\/20\/elementor-5881\/#breadcrumb"},"inLanguage":"pt-BR","potentialAction":[{"@type":"ReadAction","target":["https:\/\/aureum.adv.br\/inicio\/2024\/03\/20\/elementor-5881\/"]}]},{"@type":"ImageObject","inLanguage":"pt-BR","@id":"https:\/\/aureum.adv.br\/inicio\/2024\/03\/20\/elementor-5881\/#primaryimage","url":"https:\/\/aureum.adv.br\/inicio\/wp-content\/uploads\/2024\/03\/LGBT.png","contentUrl":"https:\/\/aureum.adv.br\/inicio\/wp-content\/uploads\/2024\/03\/LGBT.png","width":579,"height":581},{"@type":"BreadcrumbList","@id":"https:\/\/aureum.adv.br\/inicio\/2024\/03\/20\/elementor-5881\/#breadcrumb","itemListElement":[{"@type":"ListItem","position":1,"name":"In\u00edcio","item":"https:\/\/aureum.adv.br\/inicio\/"},{"@type":"ListItem","position":2,"name":"Mam\u00e3e n\u00e3o gestante de uni\u00e3o homoafetiva: entenda a licen\u00e7a-maternidade para voc\u00ea!"}]},{"@type":"WebSite","@id":"https:\/\/aureum.adv.br\/inicio\/#website","url":"https:\/\/aureum.adv.br\/inicio\/","name":"Aureum Advocacia","description":"Aureum Advocacia Tribut\u00e1ria","publisher":{"@id":"https:\/\/aureum.adv.br\/inicio\/#organization"},"potentialAction":[{"@type":"SearchAction","target":{"@type":"EntryPoint","urlTemplate":"https:\/\/aureum.adv.br\/inicio\/?s={search_term_string}"},"query-input":{"@type":"PropertyValueSpecification","valueRequired":true,"valueName":"search_term_string"}}],"inLanguage":"pt-BR"},{"@type":"Organization","@id":"https:\/\/aureum.adv.br\/inicio\/#organization","name":"Aureum","url":"https:\/\/aureum.adv.br\/inicio\/","logo":{"@type":"ImageObject","inLanguage":"pt-BR","@id":"https:\/\/aureum.adv.br\/inicio\/#\/schema\/logo\/image\/","url":"https:\/\/aureum.adv.br\/inicio\/wp-content\/uploads\/2020\/04\/logo_com-fundo.png","contentUrl":"https:\/\/aureum.adv.br\/inicio\/wp-content\/uploads\/2020\/04\/logo_com-fundo.png","width":1080,"height":1400,"caption":"Aureum"},"image":{"@id":"https:\/\/aureum.adv.br\/inicio\/#\/schema\/logo\/image\/"},"sameAs":["https:\/\/www.facebook.com\/aureumadvocacia","https:\/\/br.linkedin.com\/company\/aureum-advocacia"]},{"@type":"Person","@id":"https:\/\/aureum.adv.br\/inicio\/#\/schema\/person\/bfa138bad3521ed6353a3e13d986baf0","name":"bruna","image":{"@type":"ImageObject","inLanguage":"pt-BR","@id":"https:\/\/aureum.adv.br\/inicio\/#\/schema\/person\/image\/","url":"https:\/\/secure.gravatar.com\/avatar\/ec30cfb94570b842e7230a0fa0eaf2d45ab44f38f3165e80cf8f0311e64d4bd6?s=96&d=mm&r=g","contentUrl":"https:\/\/secure.gravatar.com\/avatar\/ec30cfb94570b842e7230a0fa0eaf2d45ab44f38f3165e80cf8f0311e64d4bd6?s=96&d=mm&r=g","caption":"bruna"},"url":"https:\/\/aureum.adv.br\/inicio\/author\/bruna\/"}]}},"_links":{"self":[{"href":"https:\/\/aureum.adv.br\/inicio\/wp-json\/wp\/v2\/posts\/5881","targetHints":{"allow":["GET"]}}],"collection":[{"href":"https:\/\/aureum.adv.br\/inicio\/wp-json\/wp\/v2\/posts"}],"about":[{"href":"https:\/\/aureum.adv.br\/inicio\/wp-json\/wp\/v2\/types\/post"}],"author":[{"embeddable":true,"href":"https:\/\/aureum.adv.br\/inicio\/wp-json\/wp\/v2\/users\/2"}],"replies":[{"embeddable":true,"href":"https:\/\/aureum.adv.br\/inicio\/wp-json\/wp\/v2\/comments?post=5881"}],"version-history":[{"count":4,"href":"https:\/\/aureum.adv.br\/inicio\/wp-json\/wp\/v2\/posts\/5881\/revisions"}],"predecessor-version":[{"id":5886,"href":"https:\/\/aureum.adv.br\/inicio\/wp-json\/wp\/v2\/posts\/5881\/revisions\/5886"}],"wp:featuredmedia":[{"embeddable":true,"href":"https:\/\/aureum.adv.br\/inicio\/wp-json\/wp\/v2\/media\/5883"}],"wp:attachment":[{"href":"https:\/\/aureum.adv.br\/inicio\/wp-json\/wp\/v2\/media?parent=5881"}],"wp:term":[{"taxonomy":"category","embeddable":true,"href":"https:\/\/aureum.adv.br\/inicio\/wp-json\/wp\/v2\/categories?post=5881"},{"taxonomy":"post_tag","embeddable":true,"href":"https:\/\/aureum.adv.br\/inicio\/wp-json\/wp\/v2\/tags?post=5881"}],"curies":[{"name":"wp","href":"https:\/\/api.w.org\/{rel}","templated":true}]}}