{"id":5862,"date":"2024-03-18T09:16:02","date_gmt":"2024-03-18T12:16:02","guid":{"rendered":"https:\/\/aureum.adv.br\/inicio\/?p=5862"},"modified":"2024-03-18T09:16:24","modified_gmt":"2024-03-18T12:16:24","slug":"elementor-5862","status":"publish","type":"post","link":"https:\/\/aureum.adv.br\/inicio\/2024\/03\/18\/elementor-5862\/","title":{"rendered":"Moro no exterior, sou obrigado a contribuir com o INSS?"},"content":{"rendered":"\t\t<div data-elementor-type=\"wp-post\" data-elementor-id=\"5862\" class=\"elementor elementor-5862\">\n\t\t\t\t\t\t<section class=\"elementor-section elementor-top-section elementor-element elementor-element-404d755 elementor-section-boxed elementor-section-height-default elementor-section-height-default\" data-id=\"404d755\" data-element_type=\"section\">\n\t\t\t\t\t\t<div class=\"elementor-container elementor-column-gap-default\">\n\t\t\t\t\t<div class=\"elementor-column elementor-col-100 elementor-top-column elementor-element elementor-element-93d14b9\" data-id=\"93d14b9\" data-element_type=\"column\">\n\t\t\t<div class=\"elementor-widget-wrap elementor-element-populated\">\n\t\t\t\t\t\t<div class=\"elementor-element elementor-element-4e24dd7 elementor-widget elementor-widget-text-editor\" data-id=\"4e24dd7\" data-element_type=\"widget\" data-widget_type=\"text-editor.default\">\n\t\t\t\t<div class=\"elementor-widget-container\">\n\t\t\t\t\t\t\t\t\t<p style=\"text-align: justify;\"><span>Nas \u00faltimas d\u00e9cadas, o fluxo de brasileiros que v\u00e3o para outros pa\u00edses em busca de novas oportunidades aumentou significativamente.<\/span><br \/><br \/><span>Com isso, \u00e9 natural o surgimento de preocupa\u00e7\u00f5es relacionadas \u00e0 seguran\u00e7a previdenci\u00e1ria.<\/span><br \/><br \/><span>Talvez voc\u00ea n\u00e3o saiba, mas contribuir com o INSS \u00e9 obrigat\u00f3rio para quem exerce atividade remunerada no Brasil.<\/span><br \/><br \/><span>Isso garante a qualidade de segurado da previd\u00eancia social, o que possibilita o acesso a benef\u00edcios originados de diversas causas.<\/span><br \/><br \/><span>Entre elas: morte, incapacidades permanentes ou tempor\u00e1rias (doen\u00e7as e acidentes), pris\u00e3o etc.<\/span><br \/><br \/><span>No caso do brasileiro que decide morar em outro pa\u00eds, a contribui\u00e7\u00e3o deixa de ser obrigat\u00f3ria em rela\u00e7\u00e3o ao INSS.<\/span><br \/><br \/><span>Por\u00e9m, n\u00e3o impede que seja obrigat\u00f3ria ao respectivo sistema previdenci\u00e1rio estrangeiro.<\/span><br \/><br \/><span>Outro ponto muito importante \u00e9 que, mesmo n\u00e3o sendo obrigat\u00f3ria, a contribui\u00e7\u00e3o n\u00e3o \u00e9 proibida.<\/span><br \/><br \/><span>Afinal, quem trabalha e mora fora pode planejar o retorno ao Brasil e, nesse caso, manter a qualidade de segurado pode ser interessante.<\/span><br \/><br \/><span>Aquele que permanece contribuindo facultativamente pode, no futuro, se aposentar, tanto no Brasil quanto no pa\u00eds em que residiu e trabalhou.<\/span><br \/><br \/><span>Al\u00e9m disso, tamb\u00e9m fica garantido o direito de requerer os benef\u00edcios exemplificados acima, como no caso de doen\u00e7a ou acidente que o incapacite ao trabalho.<\/span><br \/><br \/><span>Mais que isso, diversos pa\u00edses possuem acordos previdenci\u00e1rios com o Brasil e diversas disposi\u00e7\u00f5es legais que precisam ser observadas.<\/span><br \/><br \/><span>Por isso, antes de come\u00e7ar a recolher contribui\u00e7\u00f5es residindo no exterior, \u00e9 importante consultar um especialista.<\/span><br \/><br \/><span>\u00c9 uma medida que ajuda a evitar custos que podem n\u00e3o refletir positivamente em sua aposentadoria ou no seu futuro.<\/span><br \/><br \/><span>Continue seguindo nosso perfil para receber informa\u00e7\u00f5es importantes como essa!<\/span><\/p>\t\t\t\t\t\t\t\t<\/div>\n\t\t\t\t<\/div>\n\t\t\t\t\t<\/div>\n\t\t<\/div>\n\t\t\t\t\t<\/div>\n\t\t<\/section>\n\t\t\t\t<\/div>\n\t\t","protected":false},"excerpt":{"rendered":"<p>Nas \u00faltimas d\u00e9cadas, o fluxo de brasileiros que v\u00e3o para outros pa\u00edses em busca de novas oportunidades aumentou significativamente. Com isso, \u00e9 natural o surgimento de preocupa\u00e7\u00f5es relacionadas \u00e0 seguran\u00e7a previdenci\u00e1ria. Talvez voc\u00ea n\u00e3o saiba, mas contribuir com o INSS \u00e9 obrigat\u00f3rio para quem exerce atividade remunerada no Brasil. Isso garante a qualidade de segurado da previd\u00eancia social, o que possibilita o acesso a benef\u00edcios originados de diversas causas. Entre elas: morte, incapacidades permanentes ou tempor\u00e1rias (doen\u00e7as e acidentes), pris\u00e3o etc. No caso do brasileiro que decide morar em outro pa\u00eds, a contribui\u00e7\u00e3o deixa de ser obrigat\u00f3ria em rela\u00e7\u00e3o ao INSS. Por\u00e9m, n\u00e3o impede que seja obrigat\u00f3ria ao respectivo sistema previdenci\u00e1rio estrangeiro. Outro ponto muito importante \u00e9 que,&hellip;<\/p>\n","protected":false},"author":2,"featured_media":5865,"comment_status":"open","ping_status":"open","sticky":false,"template":"","format":"standard","meta":{"footnotes":""},"categories":[1],"tags":[],"class_list":["post-5862","post","type-post","status-publish","format-standard","has-post-thumbnail","hentry","category-uncategorized"],"yoast_head":"<!-- This site is optimized with the Yoast SEO plugin v26.9 - https:\/\/yoast.com\/product\/yoast-seo-wordpress\/ -->\n<title>Moro no exterior, sou obrigado a contribuir com o INSS? - Aureum Advocacia<\/title>\n<meta name=\"robots\" content=\"index, follow, max-snippet:-1, max-image-preview:large, max-video-preview:-1\" \/>\n<link rel=\"canonical\" href=\"https:\/\/aureum.adv.br\/inicio\/2024\/03\/18\/elementor-5862\/\" \/>\n<meta property=\"og:locale\" content=\"pt_BR\" \/>\n<meta property=\"og:type\" content=\"article\" \/>\n<meta property=\"og:title\" content=\"Moro no exterior, sou obrigado a contribuir com o INSS? - Aureum Advocacia\" \/>\n<meta property=\"og:description\" content=\"Nas \u00faltimas d\u00e9cadas, o fluxo de brasileiros que v\u00e3o para outros pa\u00edses em busca de novas oportunidades aumentou significativamente. Com isso, \u00e9 natural o surgimento de preocupa\u00e7\u00f5es relacionadas \u00e0 seguran\u00e7a previdenci\u00e1ria. Talvez voc\u00ea n\u00e3o saiba, mas contribuir com o INSS \u00e9 obrigat\u00f3rio para quem exerce atividade remunerada no Brasil. Isso garante a qualidade de segurado da previd\u00eancia social, o que possibilita o acesso a benef\u00edcios originados de diversas causas. Entre elas: morte, incapacidades permanentes ou tempor\u00e1rias (doen\u00e7as e acidentes), pris\u00e3o etc. No caso do brasileiro que decide morar em outro pa\u00eds, a contribui\u00e7\u00e3o deixa de ser obrigat\u00f3ria em rela\u00e7\u00e3o ao INSS. Por\u00e9m, n\u00e3o impede que seja obrigat\u00f3ria ao respectivo sistema previdenci\u00e1rio estrangeiro. Outro ponto muito importante \u00e9 que,&hellip;\" \/>\n<meta property=\"og:url\" content=\"https:\/\/aureum.adv.br\/inicio\/2024\/03\/18\/elementor-5862\/\" \/>\n<meta property=\"og:site_name\" content=\"Aureum Advocacia\" \/>\n<meta property=\"article:publisher\" content=\"https:\/\/www.facebook.com\/aureumadvocacia\" \/>\n<meta property=\"article:published_time\" content=\"2024-03-18T12:16:02+00:00\" \/>\n<meta property=\"article:modified_time\" content=\"2024-03-18T12:16:24+00:00\" \/>\n<meta property=\"og:image\" content=\"https:\/\/aureum.adv.br\/inicio\/wp-content\/uploads\/2024\/03\/Exterior.png\" \/>\n\t<meta property=\"og:image:width\" content=\"580\" \/>\n\t<meta property=\"og:image:height\" content=\"581\" \/>\n\t<meta property=\"og:image:type\" content=\"image\/png\" \/>\n<meta name=\"author\" content=\"bruna\" \/>\n<meta name=\"twitter:card\" content=\"summary_large_image\" \/>\n<meta name=\"twitter:label1\" content=\"Escrito por\" \/>\n\t<meta name=\"twitter:data1\" content=\"bruna\" \/>\n\t<meta name=\"twitter:label2\" content=\"Est. tempo de leitura\" \/>\n\t<meta name=\"twitter:data2\" content=\"2 minutos\" \/>\n<script type=\"application\/ld+json\" class=\"yoast-schema-graph\">{\"@context\":\"https:\/\/schema.org\",\"@graph\":[{\"@type\":\"Article\",\"@id\":\"https:\/\/aureum.adv.br\/inicio\/2024\/03\/18\/elementor-5862\/#article\",\"isPartOf\":{\"@id\":\"https:\/\/aureum.adv.br\/inicio\/2024\/03\/18\/elementor-5862\/\"},\"author\":{\"name\":\"bruna\",\"@id\":\"https:\/\/aureum.adv.br\/inicio\/#\/schema\/person\/bfa138bad3521ed6353a3e13d986baf0\"},\"headline\":\"Moro no exterior, sou obrigado a contribuir com o INSS?\",\"datePublished\":\"2024-03-18T12:16:02+00:00\",\"dateModified\":\"2024-03-18T12:16:24+00:00\",\"mainEntityOfPage\":{\"@id\":\"https:\/\/aureum.adv.br\/inicio\/2024\/03\/18\/elementor-5862\/\"},\"wordCount\":301,\"commentCount\":0,\"publisher\":{\"@id\":\"https:\/\/aureum.adv.br\/inicio\/#organization\"},\"image\":{\"@id\":\"https:\/\/aureum.adv.br\/inicio\/2024\/03\/18\/elementor-5862\/#primaryimage\"},\"thumbnailUrl\":\"https:\/\/aureum.adv.br\/inicio\/wp-content\/uploads\/2024\/03\/Exterior.png\",\"articleSection\":[\"Uncategorized\"],\"inLanguage\":\"pt-BR\",\"potentialAction\":[{\"@type\":\"CommentAction\",\"name\":\"Comment\",\"target\":[\"https:\/\/aureum.adv.br\/inicio\/2024\/03\/18\/elementor-5862\/#respond\"]}]},{\"@type\":\"WebPage\",\"@id\":\"https:\/\/aureum.adv.br\/inicio\/2024\/03\/18\/elementor-5862\/\",\"url\":\"https:\/\/aureum.adv.br\/inicio\/2024\/03\/18\/elementor-5862\/\",\"name\":\"Moro no exterior, sou obrigado a contribuir com o INSS? - Aureum Advocacia\",\"isPartOf\":{\"@id\":\"https:\/\/aureum.adv.br\/inicio\/#website\"},\"primaryImageOfPage\":{\"@id\":\"https:\/\/aureum.adv.br\/inicio\/2024\/03\/18\/elementor-5862\/#primaryimage\"},\"image\":{\"@id\":\"https:\/\/aureum.adv.br\/inicio\/2024\/03\/18\/elementor-5862\/#primaryimage\"},\"thumbnailUrl\":\"https:\/\/aureum.adv.br\/inicio\/wp-content\/uploads\/2024\/03\/Exterior.png\",\"datePublished\":\"2024-03-18T12:16:02+00:00\",\"dateModified\":\"2024-03-18T12:16:24+00:00\",\"breadcrumb\":{\"@id\":\"https:\/\/aureum.adv.br\/inicio\/2024\/03\/18\/elementor-5862\/#breadcrumb\"},\"inLanguage\":\"pt-BR\",\"potentialAction\":[{\"@type\":\"ReadAction\",\"target\":[\"https:\/\/aureum.adv.br\/inicio\/2024\/03\/18\/elementor-5862\/\"]}]},{\"@type\":\"ImageObject\",\"inLanguage\":\"pt-BR\",\"@id\":\"https:\/\/aureum.adv.br\/inicio\/2024\/03\/18\/elementor-5862\/#primaryimage\",\"url\":\"https:\/\/aureum.adv.br\/inicio\/wp-content\/uploads\/2024\/03\/Exterior.png\",\"contentUrl\":\"https:\/\/aureum.adv.br\/inicio\/wp-content\/uploads\/2024\/03\/Exterior.png\",\"width\":580,\"height\":581},{\"@type\":\"BreadcrumbList\",\"@id\":\"https:\/\/aureum.adv.br\/inicio\/2024\/03\/18\/elementor-5862\/#breadcrumb\",\"itemListElement\":[{\"@type\":\"ListItem\",\"position\":1,\"name\":\"In\u00edcio\",\"item\":\"https:\/\/aureum.adv.br\/inicio\/\"},{\"@type\":\"ListItem\",\"position\":2,\"name\":\"Moro no exterior, sou obrigado a contribuir com o INSS?\"}]},{\"@type\":\"WebSite\",\"@id\":\"https:\/\/aureum.adv.br\/inicio\/#website\",\"url\":\"https:\/\/aureum.adv.br\/inicio\/\",\"name\":\"Aureum Advocacia\",\"description\":\"Aureum Advocacia Tribut\u00e1ria\",\"publisher\":{\"@id\":\"https:\/\/aureum.adv.br\/inicio\/#organization\"},\"potentialAction\":[{\"@type\":\"SearchAction\",\"target\":{\"@type\":\"EntryPoint\",\"urlTemplate\":\"https:\/\/aureum.adv.br\/inicio\/?s={search_term_string}\"},\"query-input\":{\"@type\":\"PropertyValueSpecification\",\"valueRequired\":true,\"valueName\":\"search_term_string\"}}],\"inLanguage\":\"pt-BR\"},{\"@type\":\"Organization\",\"@id\":\"https:\/\/aureum.adv.br\/inicio\/#organization\",\"name\":\"Aureum\",\"url\":\"https:\/\/aureum.adv.br\/inicio\/\",\"logo\":{\"@type\":\"ImageObject\",\"inLanguage\":\"pt-BR\",\"@id\":\"https:\/\/aureum.adv.br\/inicio\/#\/schema\/logo\/image\/\",\"url\":\"https:\/\/aureum.adv.br\/inicio\/wp-content\/uploads\/2020\/04\/logo_com-fundo.png\",\"contentUrl\":\"https:\/\/aureum.adv.br\/inicio\/wp-content\/uploads\/2020\/04\/logo_com-fundo.png\",\"width\":1080,\"height\":1400,\"caption\":\"Aureum\"},\"image\":{\"@id\":\"https:\/\/aureum.adv.br\/inicio\/#\/schema\/logo\/image\/\"},\"sameAs\":[\"https:\/\/www.facebook.com\/aureumadvocacia\",\"https:\/\/br.linkedin.com\/company\/aureum-advocacia\"]},{\"@type\":\"Person\",\"@id\":\"https:\/\/aureum.adv.br\/inicio\/#\/schema\/person\/bfa138bad3521ed6353a3e13d986baf0\",\"name\":\"bruna\",\"image\":{\"@type\":\"ImageObject\",\"inLanguage\":\"pt-BR\",\"@id\":\"https:\/\/aureum.adv.br\/inicio\/#\/schema\/person\/image\/\",\"url\":\"https:\/\/secure.gravatar.com\/avatar\/ec30cfb94570b842e7230a0fa0eaf2d45ab44f38f3165e80cf8f0311e64d4bd6?s=96&d=mm&r=g\",\"contentUrl\":\"https:\/\/secure.gravatar.com\/avatar\/ec30cfb94570b842e7230a0fa0eaf2d45ab44f38f3165e80cf8f0311e64d4bd6?s=96&d=mm&r=g\",\"caption\":\"bruna\"},\"url\":\"https:\/\/aureum.adv.br\/inicio\/author\/bruna\/\"}]}<\/script>\n<!-- \/ Yoast SEO plugin. -->","yoast_head_json":{"title":"Moro no exterior, sou obrigado a contribuir com o INSS? - Aureum Advocacia","robots":{"index":"index","follow":"follow","max-snippet":"max-snippet:-1","max-image-preview":"max-image-preview:large","max-video-preview":"max-video-preview:-1"},"canonical":"https:\/\/aureum.adv.br\/inicio\/2024\/03\/18\/elementor-5862\/","og_locale":"pt_BR","og_type":"article","og_title":"Moro no exterior, sou obrigado a contribuir com o INSS? - Aureum Advocacia","og_description":"Nas \u00faltimas d\u00e9cadas, o fluxo de brasileiros que v\u00e3o para outros pa\u00edses em busca de novas oportunidades aumentou significativamente. Com isso, \u00e9 natural o surgimento de preocupa\u00e7\u00f5es relacionadas \u00e0 seguran\u00e7a previdenci\u00e1ria. Talvez voc\u00ea n\u00e3o saiba, mas contribuir com o INSS \u00e9 obrigat\u00f3rio para quem exerce atividade remunerada no Brasil. Isso garante a qualidade de segurado da previd\u00eancia social, o que possibilita o acesso a benef\u00edcios originados de diversas causas. Entre elas: morte, incapacidades permanentes ou tempor\u00e1rias (doen\u00e7as e acidentes), pris\u00e3o etc. No caso do brasileiro que decide morar em outro pa\u00eds, a contribui\u00e7\u00e3o deixa de ser obrigat\u00f3ria em rela\u00e7\u00e3o ao INSS. Por\u00e9m, n\u00e3o impede que seja obrigat\u00f3ria ao respectivo sistema previdenci\u00e1rio estrangeiro. Outro ponto muito importante \u00e9 que,&hellip;","og_url":"https:\/\/aureum.adv.br\/inicio\/2024\/03\/18\/elementor-5862\/","og_site_name":"Aureum Advocacia","article_publisher":"https:\/\/www.facebook.com\/aureumadvocacia","article_published_time":"2024-03-18T12:16:02+00:00","article_modified_time":"2024-03-18T12:16:24+00:00","og_image":[{"width":580,"height":581,"url":"https:\/\/aureum.adv.br\/inicio\/wp-content\/uploads\/2024\/03\/Exterior.png","type":"image\/png"}],"author":"bruna","twitter_card":"summary_large_image","twitter_misc":{"Escrito por":"bruna","Est. tempo de leitura":"2 minutos"},"schema":{"@context":"https:\/\/schema.org","@graph":[{"@type":"Article","@id":"https:\/\/aureum.adv.br\/inicio\/2024\/03\/18\/elementor-5862\/#article","isPartOf":{"@id":"https:\/\/aureum.adv.br\/inicio\/2024\/03\/18\/elementor-5862\/"},"author":{"name":"bruna","@id":"https:\/\/aureum.adv.br\/inicio\/#\/schema\/person\/bfa138bad3521ed6353a3e13d986baf0"},"headline":"Moro no exterior, sou obrigado a contribuir com o INSS?","datePublished":"2024-03-18T12:16:02+00:00","dateModified":"2024-03-18T12:16:24+00:00","mainEntityOfPage":{"@id":"https:\/\/aureum.adv.br\/inicio\/2024\/03\/18\/elementor-5862\/"},"wordCount":301,"commentCount":0,"publisher":{"@id":"https:\/\/aureum.adv.br\/inicio\/#organization"},"image":{"@id":"https:\/\/aureum.adv.br\/inicio\/2024\/03\/18\/elementor-5862\/#primaryimage"},"thumbnailUrl":"https:\/\/aureum.adv.br\/inicio\/wp-content\/uploads\/2024\/03\/Exterior.png","articleSection":["Uncategorized"],"inLanguage":"pt-BR","potentialAction":[{"@type":"CommentAction","name":"Comment","target":["https:\/\/aureum.adv.br\/inicio\/2024\/03\/18\/elementor-5862\/#respond"]}]},{"@type":"WebPage","@id":"https:\/\/aureum.adv.br\/inicio\/2024\/03\/18\/elementor-5862\/","url":"https:\/\/aureum.adv.br\/inicio\/2024\/03\/18\/elementor-5862\/","name":"Moro no exterior, sou obrigado a contribuir com o INSS? - Aureum Advocacia","isPartOf":{"@id":"https:\/\/aureum.adv.br\/inicio\/#website"},"primaryImageOfPage":{"@id":"https:\/\/aureum.adv.br\/inicio\/2024\/03\/18\/elementor-5862\/#primaryimage"},"image":{"@id":"https:\/\/aureum.adv.br\/inicio\/2024\/03\/18\/elementor-5862\/#primaryimage"},"thumbnailUrl":"https:\/\/aureum.adv.br\/inicio\/wp-content\/uploads\/2024\/03\/Exterior.png","datePublished":"2024-03-18T12:16:02+00:00","dateModified":"2024-03-18T12:16:24+00:00","breadcrumb":{"@id":"https:\/\/aureum.adv.br\/inicio\/2024\/03\/18\/elementor-5862\/#breadcrumb"},"inLanguage":"pt-BR","potentialAction":[{"@type":"ReadAction","target":["https:\/\/aureum.adv.br\/inicio\/2024\/03\/18\/elementor-5862\/"]}]},{"@type":"ImageObject","inLanguage":"pt-BR","@id":"https:\/\/aureum.adv.br\/inicio\/2024\/03\/18\/elementor-5862\/#primaryimage","url":"https:\/\/aureum.adv.br\/inicio\/wp-content\/uploads\/2024\/03\/Exterior.png","contentUrl":"https:\/\/aureum.adv.br\/inicio\/wp-content\/uploads\/2024\/03\/Exterior.png","width":580,"height":581},{"@type":"BreadcrumbList","@id":"https:\/\/aureum.adv.br\/inicio\/2024\/03\/18\/elementor-5862\/#breadcrumb","itemListElement":[{"@type":"ListItem","position":1,"name":"In\u00edcio","item":"https:\/\/aureum.adv.br\/inicio\/"},{"@type":"ListItem","position":2,"name":"Moro no exterior, sou obrigado a contribuir com o INSS?"}]},{"@type":"WebSite","@id":"https:\/\/aureum.adv.br\/inicio\/#website","url":"https:\/\/aureum.adv.br\/inicio\/","name":"Aureum Advocacia","description":"Aureum Advocacia Tribut\u00e1ria","publisher":{"@id":"https:\/\/aureum.adv.br\/inicio\/#organization"},"potentialAction":[{"@type":"SearchAction","target":{"@type":"EntryPoint","urlTemplate":"https:\/\/aureum.adv.br\/inicio\/?s={search_term_string}"},"query-input":{"@type":"PropertyValueSpecification","valueRequired":true,"valueName":"search_term_string"}}],"inLanguage":"pt-BR"},{"@type":"Organization","@id":"https:\/\/aureum.adv.br\/inicio\/#organization","name":"Aureum","url":"https:\/\/aureum.adv.br\/inicio\/","logo":{"@type":"ImageObject","inLanguage":"pt-BR","@id":"https:\/\/aureum.adv.br\/inicio\/#\/schema\/logo\/image\/","url":"https:\/\/aureum.adv.br\/inicio\/wp-content\/uploads\/2020\/04\/logo_com-fundo.png","contentUrl":"https:\/\/aureum.adv.br\/inicio\/wp-content\/uploads\/2020\/04\/logo_com-fundo.png","width":1080,"height":1400,"caption":"Aureum"},"image":{"@id":"https:\/\/aureum.adv.br\/inicio\/#\/schema\/logo\/image\/"},"sameAs":["https:\/\/www.facebook.com\/aureumadvocacia","https:\/\/br.linkedin.com\/company\/aureum-advocacia"]},{"@type":"Person","@id":"https:\/\/aureum.adv.br\/inicio\/#\/schema\/person\/bfa138bad3521ed6353a3e13d986baf0","name":"bruna","image":{"@type":"ImageObject","inLanguage":"pt-BR","@id":"https:\/\/aureum.adv.br\/inicio\/#\/schema\/person\/image\/","url":"https:\/\/secure.gravatar.com\/avatar\/ec30cfb94570b842e7230a0fa0eaf2d45ab44f38f3165e80cf8f0311e64d4bd6?s=96&d=mm&r=g","contentUrl":"https:\/\/secure.gravatar.com\/avatar\/ec30cfb94570b842e7230a0fa0eaf2d45ab44f38f3165e80cf8f0311e64d4bd6?s=96&d=mm&r=g","caption":"bruna"},"url":"https:\/\/aureum.adv.br\/inicio\/author\/bruna\/"}]}},"_links":{"self":[{"href":"https:\/\/aureum.adv.br\/inicio\/wp-json\/wp\/v2\/posts\/5862","targetHints":{"allow":["GET"]}}],"collection":[{"href":"https:\/\/aureum.adv.br\/inicio\/wp-json\/wp\/v2\/posts"}],"about":[{"href":"https:\/\/aureum.adv.br\/inicio\/wp-json\/wp\/v2\/types\/post"}],"author":[{"embeddable":true,"href":"https:\/\/aureum.adv.br\/inicio\/wp-json\/wp\/v2\/users\/2"}],"replies":[{"embeddable":true,"href":"https:\/\/aureum.adv.br\/inicio\/wp-json\/wp\/v2\/comments?post=5862"}],"version-history":[{"count":5,"href":"https:\/\/aureum.adv.br\/inicio\/wp-json\/wp\/v2\/posts\/5862\/revisions"}],"predecessor-version":[{"id":5868,"href":"https:\/\/aureum.adv.br\/inicio\/wp-json\/wp\/v2\/posts\/5862\/revisions\/5868"}],"wp:featuredmedia":[{"embeddable":true,"href":"https:\/\/aureum.adv.br\/inicio\/wp-json\/wp\/v2\/media\/5865"}],"wp:attachment":[{"href":"https:\/\/aureum.adv.br\/inicio\/wp-json\/wp\/v2\/media?parent=5862"}],"wp:term":[{"taxonomy":"category","embeddable":true,"href":"https:\/\/aureum.adv.br\/inicio\/wp-json\/wp\/v2\/categories?post=5862"},{"taxonomy":"post_tag","embeddable":true,"href":"https:\/\/aureum.adv.br\/inicio\/wp-json\/wp\/v2\/tags?post=5862"}],"curies":[{"name":"wp","href":"https:\/\/api.w.org\/{rel}","templated":true}]}}