{"id":5849,"date":"2024-03-15T09:07:50","date_gmt":"2024-03-15T12:07:50","guid":{"rendered":"https:\/\/aureum.adv.br\/inicio\/?p=5849"},"modified":"2024-03-15T09:10:12","modified_gmt":"2024-03-15T12:10:12","slug":"elementor-5849","status":"publish","type":"post","link":"https:\/\/aureum.adv.br\/inicio\/2024\/03\/15\/elementor-5849\/","title":{"rendered":"STJ decide que TUST\/TUD comp\u00f5em a base de c\u00e1lculo do ICMS"},"content":{"rendered":"\t\t<div data-elementor-type=\"wp-post\" data-elementor-id=\"5849\" class=\"elementor elementor-5849\">\n\t\t\t\t\t\t<section class=\"elementor-section elementor-top-section elementor-element elementor-element-8c6f3af elementor-section-boxed elementor-section-height-default elementor-section-height-default\" data-id=\"8c6f3af\" data-element_type=\"section\">\n\t\t\t\t\t\t<div class=\"elementor-container elementor-column-gap-default\">\n\t\t\t\t\t<div class=\"elementor-column elementor-col-100 elementor-top-column elementor-element elementor-element-526db16\" data-id=\"526db16\" data-element_type=\"column\">\n\t\t\t<div class=\"elementor-widget-wrap elementor-element-populated\">\n\t\t\t\t\t\t<div class=\"elementor-element elementor-element-69947fc elementor-widget elementor-widget-text-editor\" data-id=\"69947fc\" data-element_type=\"widget\" data-widget_type=\"text-editor.default\">\n\t\t\t\t<div class=\"elementor-widget-container\">\n\t\t\t\t\t\t\t\t\t<p style=\"text-align: justify;\"><span>Por unanimidade, os Ministros decidiram que as Tarifas de Uso do Sistema de Transmiss\u00e3o (TUST) e de Uso do Sistema de Distribui\u00e7\u00e3o (TUSD) comp\u00f5em a base de c\u00e1lculo do ICMS.<\/span><br \/><br \/><span>Prevaleceu o entendimento do Relator, o Ministro Herman Benjamin, que alterou seu posicionamento, votando a favor da tributa\u00e7\u00e3o.<\/span><br \/><br \/><span>Com o resultado, os estados evitam impacto financeiro bilion\u00e1rio. A proje\u00e7\u00e3o do Comit\u00ea Nacional dos Secret\u00e1rios de Fazenda (Comsefaz) \u00e9 que haveria perda arrecadat\u00f3ria anual da ordem de R$28,3 bilh\u00f5es em caso de derrota.<\/span><br \/><br \/><span>O assunto foi discutido no STJ como repetitivo, o que significa que ser\u00e1 de aplica\u00e7\u00e3o obrigat\u00f3ria pelos demais tribunais, com exce\u00e7\u00e3o do Supremo Tribunal Federal (STF). A posi\u00e7\u00e3o adotada pelo STJ abrange o per\u00edodo anterior \u00e0 edi\u00e7\u00e3o da Lei Complementar (LC) 194\/2022, que excluiu expressamente TUST\/TUSD da base de c\u00e1lculo do ICMS.<\/span><br \/><br \/><span>Com rela\u00e7\u00e3o \u00e0 modula\u00e7\u00e3o de efeitos, os Ministros do STJ definiram que a decis\u00e3o desta quarta-feira (13\/3) n\u00e3o se aplicar\u00e1 aos contribuintes que, at\u00e9 27 de mar\u00e7o de 2017, foram beneficiados por decis\u00f5es que tenham concedido antecipa\u00e7\u00e3o de tutela.<\/span><br \/><br \/><span>A condi\u00e7\u00e3o \u00e9 que essas decis\u00f5es provis\u00f3rias favor\u00e1veis aos contribuintes se encontrem ainda vigentes para, independentemente de dep\u00f3sito judicial, autorizar o recolhimento do ICMS sem a inclus\u00e3o da TUST e da TUST em sua base de c\u00e1lculo.<\/span><br \/><br \/><span>Al\u00e9m disso, mesmo esses contribuintes contemplados pela modula\u00e7\u00e3o dever\u00e3o voltar a recolher o ICMS sobre as tarifas a partir da publica\u00e7\u00e3o dos ac\u00f3rd\u00e3os dos repetitivos julgados nesta quarta-feira (13\/3).<\/span><br \/><br \/><span>O dia 27 de mar\u00e7o de 2017 foi a data de publica\u00e7\u00e3o do ac\u00f3rd\u00e3o no REsp 1163020\/RS, por meio do qual 1 \u00aa Turma alterou a jurisprud\u00eancia do STJ, passando ent\u00e3o a incluir as tarifas na base de c\u00e1lculo do ICMS.<\/span><br \/><br \/><span>Para ficar por dentro de todas as novidades tribut\u00e1rias, siga-nos em nossas redes sociais ou consulte um de nossos especialistas.<\/span><\/p>\t\t\t\t\t\t\t\t<\/div>\n\t\t\t\t<\/div>\n\t\t\t\t\t<\/div>\n\t\t<\/div>\n\t\t\t\t\t<\/div>\n\t\t<\/section>\n\t\t\t\t<\/div>\n\t\t","protected":false},"excerpt":{"rendered":"<p>Por unanimidade, os Ministros decidiram que as Tarifas de Uso do Sistema de Transmiss\u00e3o (TUST) e de Uso do Sistema de Distribui\u00e7\u00e3o (TUSD) comp\u00f5em a base de c\u00e1lculo do ICMS. Prevaleceu o entendimento do Relator, o Ministro Herman Benjamin, que alterou seu posicionamento, votando a favor da tributa\u00e7\u00e3o. Com o resultado, os estados evitam impacto financeiro bilion\u00e1rio. A proje\u00e7\u00e3o do Comit\u00ea Nacional dos Secret\u00e1rios de Fazenda (Comsefaz) \u00e9 que haveria perda arrecadat\u00f3ria anual da ordem de R$28,3 bilh\u00f5es em caso de derrota. O assunto foi discutido no STJ como repetitivo, o que significa que ser\u00e1 de aplica\u00e7\u00e3o obrigat\u00f3ria pelos demais tribunais, com exce\u00e7\u00e3o do Supremo Tribunal Federal (STF). A posi\u00e7\u00e3o adotada pelo STJ abrange o per\u00edodo anterior \u00e0&hellip;<\/p>\n","protected":false},"author":2,"featured_media":5851,"comment_status":"open","ping_status":"open","sticky":false,"template":"","format":"standard","meta":{"footnotes":""},"categories":[1],"tags":[],"class_list":["post-5849","post","type-post","status-publish","format-standard","has-post-thumbnail","hentry","category-uncategorized"],"yoast_head":"<!-- This site is optimized with the Yoast SEO plugin v26.9 - https:\/\/yoast.com\/product\/yoast-seo-wordpress\/ -->\n<title>STJ decide que TUST\/TUD comp\u00f5em a base de c\u00e1lculo do ICMS - Aureum Advocacia<\/title>\n<meta name=\"robots\" content=\"index, follow, max-snippet:-1, max-image-preview:large, max-video-preview:-1\" \/>\n<link rel=\"canonical\" href=\"https:\/\/aureum.adv.br\/inicio\/2024\/03\/15\/elementor-5849\/\" \/>\n<meta property=\"og:locale\" content=\"pt_BR\" \/>\n<meta property=\"og:type\" content=\"article\" \/>\n<meta property=\"og:title\" content=\"STJ decide que TUST\/TUD comp\u00f5em a base de c\u00e1lculo do ICMS - Aureum Advocacia\" \/>\n<meta property=\"og:description\" content=\"Por unanimidade, os Ministros decidiram que as Tarifas de Uso do Sistema de Transmiss\u00e3o (TUST) e de Uso do Sistema de Distribui\u00e7\u00e3o (TUSD) comp\u00f5em a base de c\u00e1lculo do ICMS. Prevaleceu o entendimento do Relator, o Ministro Herman Benjamin, que alterou seu posicionamento, votando a favor da tributa\u00e7\u00e3o. Com o resultado, os estados evitam impacto financeiro bilion\u00e1rio. A proje\u00e7\u00e3o do Comit\u00ea Nacional dos Secret\u00e1rios de Fazenda (Comsefaz) \u00e9 que haveria perda arrecadat\u00f3ria anual da ordem de R$28,3 bilh\u00f5es em caso de derrota. O assunto foi discutido no STJ como repetitivo, o que significa que ser\u00e1 de aplica\u00e7\u00e3o obrigat\u00f3ria pelos demais tribunais, com exce\u00e7\u00e3o do Supremo Tribunal Federal (STF). A posi\u00e7\u00e3o adotada pelo STJ abrange o per\u00edodo anterior \u00e0&hellip;\" \/>\n<meta property=\"og:url\" content=\"https:\/\/aureum.adv.br\/inicio\/2024\/03\/15\/elementor-5849\/\" \/>\n<meta property=\"og:site_name\" content=\"Aureum Advocacia\" \/>\n<meta property=\"article:publisher\" content=\"https:\/\/www.facebook.com\/aureumadvocacia\" \/>\n<meta property=\"article:published_time\" content=\"2024-03-15T12:07:50+00:00\" \/>\n<meta property=\"article:modified_time\" content=\"2024-03-15T12:10:12+00:00\" \/>\n<meta property=\"og:image\" content=\"https:\/\/aureum.adv.br\/inicio\/wp-content\/uploads\/2024\/03\/POSTS-e-NEWS-32.jpg\" \/>\n\t<meta property=\"og:image:width\" content=\"1080\" \/>\n\t<meta property=\"og:image:height\" content=\"1080\" \/>\n\t<meta property=\"og:image:type\" content=\"image\/jpeg\" \/>\n<meta name=\"author\" content=\"bruna\" \/>\n<meta name=\"twitter:card\" content=\"summary_large_image\" \/>\n<meta name=\"twitter:label1\" content=\"Escrito por\" \/>\n\t<meta name=\"twitter:data1\" content=\"bruna\" \/>\n\t<meta name=\"twitter:label2\" content=\"Est. tempo de leitura\" \/>\n\t<meta name=\"twitter:data2\" content=\"2 minutos\" \/>\n<script type=\"application\/ld+json\" class=\"yoast-schema-graph\">{\"@context\":\"https:\/\/schema.org\",\"@graph\":[{\"@type\":\"Article\",\"@id\":\"https:\/\/aureum.adv.br\/inicio\/2024\/03\/15\/elementor-5849\/#article\",\"isPartOf\":{\"@id\":\"https:\/\/aureum.adv.br\/inicio\/2024\/03\/15\/elementor-5849\/\"},\"author\":{\"name\":\"bruna\",\"@id\":\"https:\/\/aureum.adv.br\/inicio\/#\/schema\/person\/bfa138bad3521ed6353a3e13d986baf0\"},\"headline\":\"STJ decide que TUST\/TUD comp\u00f5em a base de c\u00e1lculo do ICMS\",\"datePublished\":\"2024-03-15T12:07:50+00:00\",\"dateModified\":\"2024-03-15T12:10:12+00:00\",\"mainEntityOfPage\":{\"@id\":\"https:\/\/aureum.adv.br\/inicio\/2024\/03\/15\/elementor-5849\/\"},\"wordCount\":347,\"commentCount\":0,\"publisher\":{\"@id\":\"https:\/\/aureum.adv.br\/inicio\/#organization\"},\"image\":{\"@id\":\"https:\/\/aureum.adv.br\/inicio\/2024\/03\/15\/elementor-5849\/#primaryimage\"},\"thumbnailUrl\":\"https:\/\/aureum.adv.br\/inicio\/wp-content\/uploads\/2024\/03\/POSTS-e-NEWS-32.jpg\",\"articleSection\":[\"Uncategorized\"],\"inLanguage\":\"pt-BR\",\"potentialAction\":[{\"@type\":\"CommentAction\",\"name\":\"Comment\",\"target\":[\"https:\/\/aureum.adv.br\/inicio\/2024\/03\/15\/elementor-5849\/#respond\"]}]},{\"@type\":\"WebPage\",\"@id\":\"https:\/\/aureum.adv.br\/inicio\/2024\/03\/15\/elementor-5849\/\",\"url\":\"https:\/\/aureum.adv.br\/inicio\/2024\/03\/15\/elementor-5849\/\",\"name\":\"STJ decide que TUST\/TUD comp\u00f5em a base de c\u00e1lculo do ICMS - Aureum Advocacia\",\"isPartOf\":{\"@id\":\"https:\/\/aureum.adv.br\/inicio\/#website\"},\"primaryImageOfPage\":{\"@id\":\"https:\/\/aureum.adv.br\/inicio\/2024\/03\/15\/elementor-5849\/#primaryimage\"},\"image\":{\"@id\":\"https:\/\/aureum.adv.br\/inicio\/2024\/03\/15\/elementor-5849\/#primaryimage\"},\"thumbnailUrl\":\"https:\/\/aureum.adv.br\/inicio\/wp-content\/uploads\/2024\/03\/POSTS-e-NEWS-32.jpg\",\"datePublished\":\"2024-03-15T12:07:50+00:00\",\"dateModified\":\"2024-03-15T12:10:12+00:00\",\"breadcrumb\":{\"@id\":\"https:\/\/aureum.adv.br\/inicio\/2024\/03\/15\/elementor-5849\/#breadcrumb\"},\"inLanguage\":\"pt-BR\",\"potentialAction\":[{\"@type\":\"ReadAction\",\"target\":[\"https:\/\/aureum.adv.br\/inicio\/2024\/03\/15\/elementor-5849\/\"]}]},{\"@type\":\"ImageObject\",\"inLanguage\":\"pt-BR\",\"@id\":\"https:\/\/aureum.adv.br\/inicio\/2024\/03\/15\/elementor-5849\/#primaryimage\",\"url\":\"https:\/\/aureum.adv.br\/inicio\/wp-content\/uploads\/2024\/03\/POSTS-e-NEWS-32.jpg\",\"contentUrl\":\"https:\/\/aureum.adv.br\/inicio\/wp-content\/uploads\/2024\/03\/POSTS-e-NEWS-32.jpg\",\"width\":1080,\"height\":1080},{\"@type\":\"BreadcrumbList\",\"@id\":\"https:\/\/aureum.adv.br\/inicio\/2024\/03\/15\/elementor-5849\/#breadcrumb\",\"itemListElement\":[{\"@type\":\"ListItem\",\"position\":1,\"name\":\"In\u00edcio\",\"item\":\"https:\/\/aureum.adv.br\/inicio\/\"},{\"@type\":\"ListItem\",\"position\":2,\"name\":\"STJ decide que TUST\/TUD comp\u00f5em a base de c\u00e1lculo do ICMS\"}]},{\"@type\":\"WebSite\",\"@id\":\"https:\/\/aureum.adv.br\/inicio\/#website\",\"url\":\"https:\/\/aureum.adv.br\/inicio\/\",\"name\":\"Aureum Advocacia\",\"description\":\"Aureum Advocacia Tribut\u00e1ria\",\"publisher\":{\"@id\":\"https:\/\/aureum.adv.br\/inicio\/#organization\"},\"potentialAction\":[{\"@type\":\"SearchAction\",\"target\":{\"@type\":\"EntryPoint\",\"urlTemplate\":\"https:\/\/aureum.adv.br\/inicio\/?s={search_term_string}\"},\"query-input\":{\"@type\":\"PropertyValueSpecification\",\"valueRequired\":true,\"valueName\":\"search_term_string\"}}],\"inLanguage\":\"pt-BR\"},{\"@type\":\"Organization\",\"@id\":\"https:\/\/aureum.adv.br\/inicio\/#organization\",\"name\":\"Aureum\",\"url\":\"https:\/\/aureum.adv.br\/inicio\/\",\"logo\":{\"@type\":\"ImageObject\",\"inLanguage\":\"pt-BR\",\"@id\":\"https:\/\/aureum.adv.br\/inicio\/#\/schema\/logo\/image\/\",\"url\":\"https:\/\/aureum.adv.br\/inicio\/wp-content\/uploads\/2020\/04\/logo_com-fundo.png\",\"contentUrl\":\"https:\/\/aureum.adv.br\/inicio\/wp-content\/uploads\/2020\/04\/logo_com-fundo.png\",\"width\":1080,\"height\":1400,\"caption\":\"Aureum\"},\"image\":{\"@id\":\"https:\/\/aureum.adv.br\/inicio\/#\/schema\/logo\/image\/\"},\"sameAs\":[\"https:\/\/www.facebook.com\/aureumadvocacia\",\"https:\/\/br.linkedin.com\/company\/aureum-advocacia\"]},{\"@type\":\"Person\",\"@id\":\"https:\/\/aureum.adv.br\/inicio\/#\/schema\/person\/bfa138bad3521ed6353a3e13d986baf0\",\"name\":\"bruna\",\"image\":{\"@type\":\"ImageObject\",\"inLanguage\":\"pt-BR\",\"@id\":\"https:\/\/aureum.adv.br\/inicio\/#\/schema\/person\/image\/\",\"url\":\"https:\/\/secure.gravatar.com\/avatar\/ec30cfb94570b842e7230a0fa0eaf2d45ab44f38f3165e80cf8f0311e64d4bd6?s=96&d=mm&r=g\",\"contentUrl\":\"https:\/\/secure.gravatar.com\/avatar\/ec30cfb94570b842e7230a0fa0eaf2d45ab44f38f3165e80cf8f0311e64d4bd6?s=96&d=mm&r=g\",\"caption\":\"bruna\"},\"url\":\"https:\/\/aureum.adv.br\/inicio\/author\/bruna\/\"}]}<\/script>\n<!-- \/ Yoast SEO plugin. -->","yoast_head_json":{"title":"STJ decide que TUST\/TUD comp\u00f5em a base de c\u00e1lculo do ICMS - Aureum Advocacia","robots":{"index":"index","follow":"follow","max-snippet":"max-snippet:-1","max-image-preview":"max-image-preview:large","max-video-preview":"max-video-preview:-1"},"canonical":"https:\/\/aureum.adv.br\/inicio\/2024\/03\/15\/elementor-5849\/","og_locale":"pt_BR","og_type":"article","og_title":"STJ decide que TUST\/TUD comp\u00f5em a base de c\u00e1lculo do ICMS - Aureum Advocacia","og_description":"Por unanimidade, os Ministros decidiram que as Tarifas de Uso do Sistema de Transmiss\u00e3o (TUST) e de Uso do Sistema de Distribui\u00e7\u00e3o (TUSD) comp\u00f5em a base de c\u00e1lculo do ICMS. Prevaleceu o entendimento do Relator, o Ministro Herman Benjamin, que alterou seu posicionamento, votando a favor da tributa\u00e7\u00e3o. Com o resultado, os estados evitam impacto financeiro bilion\u00e1rio. A proje\u00e7\u00e3o do Comit\u00ea Nacional dos Secret\u00e1rios de Fazenda (Comsefaz) \u00e9 que haveria perda arrecadat\u00f3ria anual da ordem de R$28,3 bilh\u00f5es em caso de derrota. O assunto foi discutido no STJ como repetitivo, o que significa que ser\u00e1 de aplica\u00e7\u00e3o obrigat\u00f3ria pelos demais tribunais, com exce\u00e7\u00e3o do Supremo Tribunal Federal (STF). A posi\u00e7\u00e3o adotada pelo STJ abrange o per\u00edodo anterior \u00e0&hellip;","og_url":"https:\/\/aureum.adv.br\/inicio\/2024\/03\/15\/elementor-5849\/","og_site_name":"Aureum Advocacia","article_publisher":"https:\/\/www.facebook.com\/aureumadvocacia","article_published_time":"2024-03-15T12:07:50+00:00","article_modified_time":"2024-03-15T12:10:12+00:00","og_image":[{"width":1080,"height":1080,"url":"https:\/\/aureum.adv.br\/inicio\/wp-content\/uploads\/2024\/03\/POSTS-e-NEWS-32.jpg","type":"image\/jpeg"}],"author":"bruna","twitter_card":"summary_large_image","twitter_misc":{"Escrito por":"bruna","Est. tempo de leitura":"2 minutos"},"schema":{"@context":"https:\/\/schema.org","@graph":[{"@type":"Article","@id":"https:\/\/aureum.adv.br\/inicio\/2024\/03\/15\/elementor-5849\/#article","isPartOf":{"@id":"https:\/\/aureum.adv.br\/inicio\/2024\/03\/15\/elementor-5849\/"},"author":{"name":"bruna","@id":"https:\/\/aureum.adv.br\/inicio\/#\/schema\/person\/bfa138bad3521ed6353a3e13d986baf0"},"headline":"STJ decide que TUST\/TUD comp\u00f5em a base de c\u00e1lculo do ICMS","datePublished":"2024-03-15T12:07:50+00:00","dateModified":"2024-03-15T12:10:12+00:00","mainEntityOfPage":{"@id":"https:\/\/aureum.adv.br\/inicio\/2024\/03\/15\/elementor-5849\/"},"wordCount":347,"commentCount":0,"publisher":{"@id":"https:\/\/aureum.adv.br\/inicio\/#organization"},"image":{"@id":"https:\/\/aureum.adv.br\/inicio\/2024\/03\/15\/elementor-5849\/#primaryimage"},"thumbnailUrl":"https:\/\/aureum.adv.br\/inicio\/wp-content\/uploads\/2024\/03\/POSTS-e-NEWS-32.jpg","articleSection":["Uncategorized"],"inLanguage":"pt-BR","potentialAction":[{"@type":"CommentAction","name":"Comment","target":["https:\/\/aureum.adv.br\/inicio\/2024\/03\/15\/elementor-5849\/#respond"]}]},{"@type":"WebPage","@id":"https:\/\/aureum.adv.br\/inicio\/2024\/03\/15\/elementor-5849\/","url":"https:\/\/aureum.adv.br\/inicio\/2024\/03\/15\/elementor-5849\/","name":"STJ decide que TUST\/TUD comp\u00f5em a base de c\u00e1lculo do ICMS - Aureum Advocacia","isPartOf":{"@id":"https:\/\/aureum.adv.br\/inicio\/#website"},"primaryImageOfPage":{"@id":"https:\/\/aureum.adv.br\/inicio\/2024\/03\/15\/elementor-5849\/#primaryimage"},"image":{"@id":"https:\/\/aureum.adv.br\/inicio\/2024\/03\/15\/elementor-5849\/#primaryimage"},"thumbnailUrl":"https:\/\/aureum.adv.br\/inicio\/wp-content\/uploads\/2024\/03\/POSTS-e-NEWS-32.jpg","datePublished":"2024-03-15T12:07:50+00:00","dateModified":"2024-03-15T12:10:12+00:00","breadcrumb":{"@id":"https:\/\/aureum.adv.br\/inicio\/2024\/03\/15\/elementor-5849\/#breadcrumb"},"inLanguage":"pt-BR","potentialAction":[{"@type":"ReadAction","target":["https:\/\/aureum.adv.br\/inicio\/2024\/03\/15\/elementor-5849\/"]}]},{"@type":"ImageObject","inLanguage":"pt-BR","@id":"https:\/\/aureum.adv.br\/inicio\/2024\/03\/15\/elementor-5849\/#primaryimage","url":"https:\/\/aureum.adv.br\/inicio\/wp-content\/uploads\/2024\/03\/POSTS-e-NEWS-32.jpg","contentUrl":"https:\/\/aureum.adv.br\/inicio\/wp-content\/uploads\/2024\/03\/POSTS-e-NEWS-32.jpg","width":1080,"height":1080},{"@type":"BreadcrumbList","@id":"https:\/\/aureum.adv.br\/inicio\/2024\/03\/15\/elementor-5849\/#breadcrumb","itemListElement":[{"@type":"ListItem","position":1,"name":"In\u00edcio","item":"https:\/\/aureum.adv.br\/inicio\/"},{"@type":"ListItem","position":2,"name":"STJ decide que TUST\/TUD comp\u00f5em a base de c\u00e1lculo do ICMS"}]},{"@type":"WebSite","@id":"https:\/\/aureum.adv.br\/inicio\/#website","url":"https:\/\/aureum.adv.br\/inicio\/","name":"Aureum Advocacia","description":"Aureum Advocacia Tribut\u00e1ria","publisher":{"@id":"https:\/\/aureum.adv.br\/inicio\/#organization"},"potentialAction":[{"@type":"SearchAction","target":{"@type":"EntryPoint","urlTemplate":"https:\/\/aureum.adv.br\/inicio\/?s={search_term_string}"},"query-input":{"@type":"PropertyValueSpecification","valueRequired":true,"valueName":"search_term_string"}}],"inLanguage":"pt-BR"},{"@type":"Organization","@id":"https:\/\/aureum.adv.br\/inicio\/#organization","name":"Aureum","url":"https:\/\/aureum.adv.br\/inicio\/","logo":{"@type":"ImageObject","inLanguage":"pt-BR","@id":"https:\/\/aureum.adv.br\/inicio\/#\/schema\/logo\/image\/","url":"https:\/\/aureum.adv.br\/inicio\/wp-content\/uploads\/2020\/04\/logo_com-fundo.png","contentUrl":"https:\/\/aureum.adv.br\/inicio\/wp-content\/uploads\/2020\/04\/logo_com-fundo.png","width":1080,"height":1400,"caption":"Aureum"},"image":{"@id":"https:\/\/aureum.adv.br\/inicio\/#\/schema\/logo\/image\/"},"sameAs":["https:\/\/www.facebook.com\/aureumadvocacia","https:\/\/br.linkedin.com\/company\/aureum-advocacia"]},{"@type":"Person","@id":"https:\/\/aureum.adv.br\/inicio\/#\/schema\/person\/bfa138bad3521ed6353a3e13d986baf0","name":"bruna","image":{"@type":"ImageObject","inLanguage":"pt-BR","@id":"https:\/\/aureum.adv.br\/inicio\/#\/schema\/person\/image\/","url":"https:\/\/secure.gravatar.com\/avatar\/ec30cfb94570b842e7230a0fa0eaf2d45ab44f38f3165e80cf8f0311e64d4bd6?s=96&d=mm&r=g","contentUrl":"https:\/\/secure.gravatar.com\/avatar\/ec30cfb94570b842e7230a0fa0eaf2d45ab44f38f3165e80cf8f0311e64d4bd6?s=96&d=mm&r=g","caption":"bruna"},"url":"https:\/\/aureum.adv.br\/inicio\/author\/bruna\/"}]}},"_links":{"self":[{"href":"https:\/\/aureum.adv.br\/inicio\/wp-json\/wp\/v2\/posts\/5849","targetHints":{"allow":["GET"]}}],"collection":[{"href":"https:\/\/aureum.adv.br\/inicio\/wp-json\/wp\/v2\/posts"}],"about":[{"href":"https:\/\/aureum.adv.br\/inicio\/wp-json\/wp\/v2\/types\/post"}],"author":[{"embeddable":true,"href":"https:\/\/aureum.adv.br\/inicio\/wp-json\/wp\/v2\/users\/2"}],"replies":[{"embeddable":true,"href":"https:\/\/aureum.adv.br\/inicio\/wp-json\/wp\/v2\/comments?post=5849"}],"version-history":[{"count":4,"href":"https:\/\/aureum.adv.br\/inicio\/wp-json\/wp\/v2\/posts\/5849\/revisions"}],"predecessor-version":[{"id":5854,"href":"https:\/\/aureum.adv.br\/inicio\/wp-json\/wp\/v2\/posts\/5849\/revisions\/5854"}],"wp:featuredmedia":[{"embeddable":true,"href":"https:\/\/aureum.adv.br\/inicio\/wp-json\/wp\/v2\/media\/5851"}],"wp:attachment":[{"href":"https:\/\/aureum.adv.br\/inicio\/wp-json\/wp\/v2\/media?parent=5849"}],"wp:term":[{"taxonomy":"category","embeddable":true,"href":"https:\/\/aureum.adv.br\/inicio\/wp-json\/wp\/v2\/categories?post=5849"},{"taxonomy":"post_tag","embeddable":true,"href":"https:\/\/aureum.adv.br\/inicio\/wp-json\/wp\/v2\/tags?post=5849"}],"curies":[{"name":"wp","href":"https:\/\/api.w.org\/{rel}","templated":true}]}}