{"id":5834,"date":"2024-03-13T09:25:48","date_gmt":"2024-03-13T12:25:48","guid":{"rendered":"https:\/\/aureum.adv.br\/inicio\/?p=5834"},"modified":"2024-03-13T09:27:36","modified_gmt":"2024-03-13T12:27:36","slug":"elementor-5834","status":"publish","type":"post","link":"https:\/\/aureum.adv.br\/inicio\/2024\/03\/13\/elementor-5834\/","title":{"rendered":"Dano Moral previdenci\u00e1rio \u00e9 poss\u00edvel? Descubra neste post!"},"content":{"rendered":"\t\t<div data-elementor-type=\"wp-post\" data-elementor-id=\"5834\" class=\"elementor elementor-5834\">\n\t\t\t\t\t\t<section class=\"elementor-section elementor-top-section elementor-element elementor-element-73ff6c7 elementor-section-boxed elementor-section-height-default elementor-section-height-default\" data-id=\"73ff6c7\" data-element_type=\"section\">\n\t\t\t\t\t\t<div class=\"elementor-container elementor-column-gap-default\">\n\t\t\t\t\t<div class=\"elementor-column elementor-col-100 elementor-top-column elementor-element elementor-element-d5dca67\" data-id=\"d5dca67\" data-element_type=\"column\">\n\t\t\t<div class=\"elementor-widget-wrap elementor-element-populated\">\n\t\t\t\t\t\t<div class=\"elementor-element elementor-element-474c937 elementor-widget elementor-widget-text-editor\" data-id=\"474c937\" data-element_type=\"widget\" data-widget_type=\"text-editor.default\">\n\t\t\t\t<div class=\"elementor-widget-container\">\n\t\t\t\t\t\t\t\t\t<p style=\"text-align: justify;\"><span>Antes de irmos ao tema espec\u00edfico deste post, \u00e9 importante trazermos uma defini\u00e7\u00e3o breve do que \u00e9 dano moral!<\/span><br \/><br \/><span>Ele ocorre quando h\u00e1 algum tipo de les\u00e3o sofrida por uma pessoa, no \u00e2mbito ps\u00edquico e intelectual, por atingi-la em direitos da personalidade, originada de um ato il\u00edcito.<\/span><br \/><br \/><span>Aqui, a ilicitude significa um ato que desrespeita previs\u00f5es legais ou constitucionais, seja no \u00e2mbito civil, criminal ou administrativo.<\/span><br \/><br \/><span>O dano moral previdenci\u00e1rio \u00e9 uma tese jur\u00eddica.<\/span><br \/><br \/><span>Ela defende ser dever do Estado indenizar indiv\u00edduos cujos direitos s\u00e3o lesados por condutas ou omiss\u00f5es estatais, no contexto previdenci\u00e1rio.<\/span><br \/><br \/><span>Como exemplo, \u00e9 poss\u00edvel citar a demora irrazo\u00e1vel que muitos pedidos de aposentadoria ou benef\u00edcio por incapacidade tempor\u00e1ria levam para ser analisados ou pagos.<\/span><br \/><br \/><span>Enquanto o segurado aguarda a decis\u00e3o, fica sem receber o benef\u00edcio essencial para a sua subsist\u00eancia, que pode ser sua \u00fanica fonte de sustento.<\/span><br \/><br \/><span>Outra possibilidade \u00e9 quando, mesmo com o atendimento de todos os requisitos legais exigidos, h\u00e1 o indeferimento ou a revoga\u00e7\u00e3o injustificada.<\/span><br \/><br \/><span>Vale dizer que a simples demora ou indeferimento do pedido n\u00e3o gera, automaticamente, dano moral.<\/span><br \/><br \/><span>\u00c9 preciso que existam provas sobre uma demora anormal e injustificada.<\/span><br \/><br \/><span>Ou, ainda, de que os fundamentos usados para a n\u00e3o concess\u00e3o s\u00e3o claramente equivocados ou inexistentes.<\/span><br \/><br \/><span>Bem como provas de que tal situa\u00e7\u00e3o gerou ofensas aos direitos da personalidade.<\/span><br \/><br \/><span>O pedido de indeniza\u00e7\u00e3o por danos morais \u00e9 um pedido em separado, que deve ser feito por meio de a\u00e7\u00e3o pr\u00f3pria ao Poder Judici\u00e1rio.<\/span><br \/><br \/><span>Ap\u00f3s todos os tr\u00e2mites processuais, o juiz analisa a prova e decide se houve, ou n\u00e3o, dano moral.<\/span><br \/><br \/><span>Tamb\u00e9m \u00e9 decidido sobre a extens\u00e3o do dano e o valor a ser pago.<\/span><br \/><br \/><span>Voc\u00ea j\u00e1 sabia sobre essa possibilidade?<\/span><br \/><br \/><span>Conte aqui nos coment\u00e1rios a sua opini\u00e3o ou experi\u00eancia com o INSS!<\/span><\/p>\t\t\t\t\t\t\t\t<\/div>\n\t\t\t\t<\/div>\n\t\t\t\t\t<\/div>\n\t\t<\/div>\n\t\t\t\t\t<\/div>\n\t\t<\/section>\n\t\t\t\t<\/div>\n\t\t","protected":false},"excerpt":{"rendered":"<p>Antes de irmos ao tema espec\u00edfico deste post, \u00e9 importante trazermos uma defini\u00e7\u00e3o breve do que \u00e9 dano moral! Ele ocorre quando h\u00e1 algum tipo de les\u00e3o sofrida por uma pessoa, no \u00e2mbito ps\u00edquico e intelectual, por atingi-la em direitos da personalidade, originada de um ato il\u00edcito. Aqui, a ilicitude significa um ato que desrespeita previs\u00f5es legais ou constitucionais, seja no \u00e2mbito civil, criminal ou administrativo. O dano moral previdenci\u00e1rio \u00e9 uma tese jur\u00eddica. Ela defende ser dever do Estado indenizar indiv\u00edduos cujos direitos s\u00e3o lesados por condutas ou omiss\u00f5es estatais, no contexto previdenci\u00e1rio. Como exemplo, \u00e9 poss\u00edvel citar a demora irrazo\u00e1vel que muitos pedidos de aposentadoria ou benef\u00edcio por incapacidade tempor\u00e1ria levam para ser analisados ou pagos.&hellip;<\/p>\n","protected":false},"author":2,"featured_media":5836,"comment_status":"open","ping_status":"open","sticky":false,"template":"","format":"standard","meta":{"footnotes":""},"categories":[1],"tags":[],"class_list":["post-5834","post","type-post","status-publish","format-standard","has-post-thumbnail","hentry","category-uncategorized"],"yoast_head":"<!-- This site is optimized with the Yoast SEO plugin v26.9 - https:\/\/yoast.com\/product\/yoast-seo-wordpress\/ -->\n<title>Dano Moral previdenci\u00e1rio \u00e9 poss\u00edvel? Descubra neste post! - Aureum Advocacia<\/title>\n<meta name=\"robots\" content=\"index, follow, max-snippet:-1, max-image-preview:large, max-video-preview:-1\" \/>\n<link rel=\"canonical\" href=\"https:\/\/aureum.adv.br\/inicio\/2024\/03\/13\/elementor-5834\/\" \/>\n<meta property=\"og:locale\" content=\"pt_BR\" \/>\n<meta property=\"og:type\" content=\"article\" \/>\n<meta property=\"og:title\" content=\"Dano Moral previdenci\u00e1rio \u00e9 poss\u00edvel? Descubra neste post! - Aureum Advocacia\" \/>\n<meta property=\"og:description\" content=\"Antes de irmos ao tema espec\u00edfico deste post, \u00e9 importante trazermos uma defini\u00e7\u00e3o breve do que \u00e9 dano moral! Ele ocorre quando h\u00e1 algum tipo de les\u00e3o sofrida por uma pessoa, no \u00e2mbito ps\u00edquico e intelectual, por atingi-la em direitos da personalidade, originada de um ato il\u00edcito. Aqui, a ilicitude significa um ato que desrespeita previs\u00f5es legais ou constitucionais, seja no \u00e2mbito civil, criminal ou administrativo. O dano moral previdenci\u00e1rio \u00e9 uma tese jur\u00eddica. Ela defende ser dever do Estado indenizar indiv\u00edduos cujos direitos s\u00e3o lesados por condutas ou omiss\u00f5es estatais, no contexto previdenci\u00e1rio. Como exemplo, \u00e9 poss\u00edvel citar a demora irrazo\u00e1vel que muitos pedidos de aposentadoria ou benef\u00edcio por incapacidade tempor\u00e1ria levam para ser analisados ou pagos.&hellip;\" \/>\n<meta property=\"og:url\" content=\"https:\/\/aureum.adv.br\/inicio\/2024\/03\/13\/elementor-5834\/\" \/>\n<meta property=\"og:site_name\" content=\"Aureum Advocacia\" \/>\n<meta property=\"article:publisher\" content=\"https:\/\/www.facebook.com\/aureumadvocacia\" \/>\n<meta property=\"article:published_time\" content=\"2024-03-13T12:25:48+00:00\" \/>\n<meta property=\"article:modified_time\" content=\"2024-03-13T12:27:36+00:00\" \/>\n<meta property=\"og:image\" content=\"https:\/\/aureum.adv.br\/inicio\/wp-content\/uploads\/2024\/03\/Dano-Moral.png\" \/>\n\t<meta property=\"og:image:width\" content=\"583\" \/>\n\t<meta property=\"og:image:height\" content=\"581\" \/>\n\t<meta property=\"og:image:type\" content=\"image\/png\" \/>\n<meta name=\"author\" content=\"bruna\" \/>\n<meta name=\"twitter:card\" content=\"summary_large_image\" \/>\n<meta name=\"twitter:label1\" content=\"Escrito por\" \/>\n\t<meta name=\"twitter:data1\" content=\"bruna\" \/>\n\t<meta name=\"twitter:label2\" content=\"Est. tempo de leitura\" \/>\n\t<meta name=\"twitter:data2\" content=\"2 minutos\" \/>\n<script type=\"application\/ld+json\" class=\"yoast-schema-graph\">{\"@context\":\"https:\/\/schema.org\",\"@graph\":[{\"@type\":\"Article\",\"@id\":\"https:\/\/aureum.adv.br\/inicio\/2024\/03\/13\/elementor-5834\/#article\",\"isPartOf\":{\"@id\":\"https:\/\/aureum.adv.br\/inicio\/2024\/03\/13\/elementor-5834\/\"},\"author\":{\"name\":\"bruna\",\"@id\":\"https:\/\/aureum.adv.br\/inicio\/#\/schema\/person\/bfa138bad3521ed6353a3e13d986baf0\"},\"headline\":\"Dano Moral previdenci\u00e1rio \u00e9 poss\u00edvel? Descubra neste post!\",\"datePublished\":\"2024-03-13T12:25:48+00:00\",\"dateModified\":\"2024-03-13T12:27:36+00:00\",\"mainEntityOfPage\":{\"@id\":\"https:\/\/aureum.adv.br\/inicio\/2024\/03\/13\/elementor-5834\/\"},\"wordCount\":330,\"commentCount\":0,\"publisher\":{\"@id\":\"https:\/\/aureum.adv.br\/inicio\/#organization\"},\"image\":{\"@id\":\"https:\/\/aureum.adv.br\/inicio\/2024\/03\/13\/elementor-5834\/#primaryimage\"},\"thumbnailUrl\":\"https:\/\/aureum.adv.br\/inicio\/wp-content\/uploads\/2024\/03\/Dano-Moral.png\",\"articleSection\":[\"Uncategorized\"],\"inLanguage\":\"pt-BR\",\"potentialAction\":[{\"@type\":\"CommentAction\",\"name\":\"Comment\",\"target\":[\"https:\/\/aureum.adv.br\/inicio\/2024\/03\/13\/elementor-5834\/#respond\"]}]},{\"@type\":\"WebPage\",\"@id\":\"https:\/\/aureum.adv.br\/inicio\/2024\/03\/13\/elementor-5834\/\",\"url\":\"https:\/\/aureum.adv.br\/inicio\/2024\/03\/13\/elementor-5834\/\",\"name\":\"Dano Moral previdenci\u00e1rio \u00e9 poss\u00edvel? Descubra neste post! - Aureum Advocacia\",\"isPartOf\":{\"@id\":\"https:\/\/aureum.adv.br\/inicio\/#website\"},\"primaryImageOfPage\":{\"@id\":\"https:\/\/aureum.adv.br\/inicio\/2024\/03\/13\/elementor-5834\/#primaryimage\"},\"image\":{\"@id\":\"https:\/\/aureum.adv.br\/inicio\/2024\/03\/13\/elementor-5834\/#primaryimage\"},\"thumbnailUrl\":\"https:\/\/aureum.adv.br\/inicio\/wp-content\/uploads\/2024\/03\/Dano-Moral.png\",\"datePublished\":\"2024-03-13T12:25:48+00:00\",\"dateModified\":\"2024-03-13T12:27:36+00:00\",\"breadcrumb\":{\"@id\":\"https:\/\/aureum.adv.br\/inicio\/2024\/03\/13\/elementor-5834\/#breadcrumb\"},\"inLanguage\":\"pt-BR\",\"potentialAction\":[{\"@type\":\"ReadAction\",\"target\":[\"https:\/\/aureum.adv.br\/inicio\/2024\/03\/13\/elementor-5834\/\"]}]},{\"@type\":\"ImageObject\",\"inLanguage\":\"pt-BR\",\"@id\":\"https:\/\/aureum.adv.br\/inicio\/2024\/03\/13\/elementor-5834\/#primaryimage\",\"url\":\"https:\/\/aureum.adv.br\/inicio\/wp-content\/uploads\/2024\/03\/Dano-Moral.png\",\"contentUrl\":\"https:\/\/aureum.adv.br\/inicio\/wp-content\/uploads\/2024\/03\/Dano-Moral.png\",\"width\":583,\"height\":581},{\"@type\":\"BreadcrumbList\",\"@id\":\"https:\/\/aureum.adv.br\/inicio\/2024\/03\/13\/elementor-5834\/#breadcrumb\",\"itemListElement\":[{\"@type\":\"ListItem\",\"position\":1,\"name\":\"In\u00edcio\",\"item\":\"https:\/\/aureum.adv.br\/inicio\/\"},{\"@type\":\"ListItem\",\"position\":2,\"name\":\"Dano Moral previdenci\u00e1rio \u00e9 poss\u00edvel? Descubra neste post!\"}]},{\"@type\":\"WebSite\",\"@id\":\"https:\/\/aureum.adv.br\/inicio\/#website\",\"url\":\"https:\/\/aureum.adv.br\/inicio\/\",\"name\":\"Aureum Advocacia\",\"description\":\"Aureum Advocacia Tribut\u00e1ria\",\"publisher\":{\"@id\":\"https:\/\/aureum.adv.br\/inicio\/#organization\"},\"potentialAction\":[{\"@type\":\"SearchAction\",\"target\":{\"@type\":\"EntryPoint\",\"urlTemplate\":\"https:\/\/aureum.adv.br\/inicio\/?s={search_term_string}\"},\"query-input\":{\"@type\":\"PropertyValueSpecification\",\"valueRequired\":true,\"valueName\":\"search_term_string\"}}],\"inLanguage\":\"pt-BR\"},{\"@type\":\"Organization\",\"@id\":\"https:\/\/aureum.adv.br\/inicio\/#organization\",\"name\":\"Aureum\",\"url\":\"https:\/\/aureum.adv.br\/inicio\/\",\"logo\":{\"@type\":\"ImageObject\",\"inLanguage\":\"pt-BR\",\"@id\":\"https:\/\/aureum.adv.br\/inicio\/#\/schema\/logo\/image\/\",\"url\":\"https:\/\/aureum.adv.br\/inicio\/wp-content\/uploads\/2020\/04\/logo_com-fundo.png\",\"contentUrl\":\"https:\/\/aureum.adv.br\/inicio\/wp-content\/uploads\/2020\/04\/logo_com-fundo.png\",\"width\":1080,\"height\":1400,\"caption\":\"Aureum\"},\"image\":{\"@id\":\"https:\/\/aureum.adv.br\/inicio\/#\/schema\/logo\/image\/\"},\"sameAs\":[\"https:\/\/www.facebook.com\/aureumadvocacia\",\"https:\/\/br.linkedin.com\/company\/aureum-advocacia\"]},{\"@type\":\"Person\",\"@id\":\"https:\/\/aureum.adv.br\/inicio\/#\/schema\/person\/bfa138bad3521ed6353a3e13d986baf0\",\"name\":\"bruna\",\"image\":{\"@type\":\"ImageObject\",\"inLanguage\":\"pt-BR\",\"@id\":\"https:\/\/aureum.adv.br\/inicio\/#\/schema\/person\/image\/\",\"url\":\"https:\/\/secure.gravatar.com\/avatar\/ec30cfb94570b842e7230a0fa0eaf2d45ab44f38f3165e80cf8f0311e64d4bd6?s=96&d=mm&r=g\",\"contentUrl\":\"https:\/\/secure.gravatar.com\/avatar\/ec30cfb94570b842e7230a0fa0eaf2d45ab44f38f3165e80cf8f0311e64d4bd6?s=96&d=mm&r=g\",\"caption\":\"bruna\"},\"url\":\"https:\/\/aureum.adv.br\/inicio\/author\/bruna\/\"}]}<\/script>\n<!-- \/ Yoast SEO plugin. -->","yoast_head_json":{"title":"Dano Moral previdenci\u00e1rio \u00e9 poss\u00edvel? Descubra neste post! - Aureum Advocacia","robots":{"index":"index","follow":"follow","max-snippet":"max-snippet:-1","max-image-preview":"max-image-preview:large","max-video-preview":"max-video-preview:-1"},"canonical":"https:\/\/aureum.adv.br\/inicio\/2024\/03\/13\/elementor-5834\/","og_locale":"pt_BR","og_type":"article","og_title":"Dano Moral previdenci\u00e1rio \u00e9 poss\u00edvel? Descubra neste post! - Aureum Advocacia","og_description":"Antes de irmos ao tema espec\u00edfico deste post, \u00e9 importante trazermos uma defini\u00e7\u00e3o breve do que \u00e9 dano moral! Ele ocorre quando h\u00e1 algum tipo de les\u00e3o sofrida por uma pessoa, no \u00e2mbito ps\u00edquico e intelectual, por atingi-la em direitos da personalidade, originada de um ato il\u00edcito. Aqui, a ilicitude significa um ato que desrespeita previs\u00f5es legais ou constitucionais, seja no \u00e2mbito civil, criminal ou administrativo. O dano moral previdenci\u00e1rio \u00e9 uma tese jur\u00eddica. Ela defende ser dever do Estado indenizar indiv\u00edduos cujos direitos s\u00e3o lesados por condutas ou omiss\u00f5es estatais, no contexto previdenci\u00e1rio. Como exemplo, \u00e9 poss\u00edvel citar a demora irrazo\u00e1vel que muitos pedidos de aposentadoria ou benef\u00edcio por incapacidade tempor\u00e1ria levam para ser analisados ou pagos.&hellip;","og_url":"https:\/\/aureum.adv.br\/inicio\/2024\/03\/13\/elementor-5834\/","og_site_name":"Aureum Advocacia","article_publisher":"https:\/\/www.facebook.com\/aureumadvocacia","article_published_time":"2024-03-13T12:25:48+00:00","article_modified_time":"2024-03-13T12:27:36+00:00","og_image":[{"width":583,"height":581,"url":"https:\/\/aureum.adv.br\/inicio\/wp-content\/uploads\/2024\/03\/Dano-Moral.png","type":"image\/png"}],"author":"bruna","twitter_card":"summary_large_image","twitter_misc":{"Escrito por":"bruna","Est. tempo de leitura":"2 minutos"},"schema":{"@context":"https:\/\/schema.org","@graph":[{"@type":"Article","@id":"https:\/\/aureum.adv.br\/inicio\/2024\/03\/13\/elementor-5834\/#article","isPartOf":{"@id":"https:\/\/aureum.adv.br\/inicio\/2024\/03\/13\/elementor-5834\/"},"author":{"name":"bruna","@id":"https:\/\/aureum.adv.br\/inicio\/#\/schema\/person\/bfa138bad3521ed6353a3e13d986baf0"},"headline":"Dano Moral previdenci\u00e1rio \u00e9 poss\u00edvel? Descubra neste post!","datePublished":"2024-03-13T12:25:48+00:00","dateModified":"2024-03-13T12:27:36+00:00","mainEntityOfPage":{"@id":"https:\/\/aureum.adv.br\/inicio\/2024\/03\/13\/elementor-5834\/"},"wordCount":330,"commentCount":0,"publisher":{"@id":"https:\/\/aureum.adv.br\/inicio\/#organization"},"image":{"@id":"https:\/\/aureum.adv.br\/inicio\/2024\/03\/13\/elementor-5834\/#primaryimage"},"thumbnailUrl":"https:\/\/aureum.adv.br\/inicio\/wp-content\/uploads\/2024\/03\/Dano-Moral.png","articleSection":["Uncategorized"],"inLanguage":"pt-BR","potentialAction":[{"@type":"CommentAction","name":"Comment","target":["https:\/\/aureum.adv.br\/inicio\/2024\/03\/13\/elementor-5834\/#respond"]}]},{"@type":"WebPage","@id":"https:\/\/aureum.adv.br\/inicio\/2024\/03\/13\/elementor-5834\/","url":"https:\/\/aureum.adv.br\/inicio\/2024\/03\/13\/elementor-5834\/","name":"Dano Moral previdenci\u00e1rio \u00e9 poss\u00edvel? Descubra neste post! - Aureum Advocacia","isPartOf":{"@id":"https:\/\/aureum.adv.br\/inicio\/#website"},"primaryImageOfPage":{"@id":"https:\/\/aureum.adv.br\/inicio\/2024\/03\/13\/elementor-5834\/#primaryimage"},"image":{"@id":"https:\/\/aureum.adv.br\/inicio\/2024\/03\/13\/elementor-5834\/#primaryimage"},"thumbnailUrl":"https:\/\/aureum.adv.br\/inicio\/wp-content\/uploads\/2024\/03\/Dano-Moral.png","datePublished":"2024-03-13T12:25:48+00:00","dateModified":"2024-03-13T12:27:36+00:00","breadcrumb":{"@id":"https:\/\/aureum.adv.br\/inicio\/2024\/03\/13\/elementor-5834\/#breadcrumb"},"inLanguage":"pt-BR","potentialAction":[{"@type":"ReadAction","target":["https:\/\/aureum.adv.br\/inicio\/2024\/03\/13\/elementor-5834\/"]}]},{"@type":"ImageObject","inLanguage":"pt-BR","@id":"https:\/\/aureum.adv.br\/inicio\/2024\/03\/13\/elementor-5834\/#primaryimage","url":"https:\/\/aureum.adv.br\/inicio\/wp-content\/uploads\/2024\/03\/Dano-Moral.png","contentUrl":"https:\/\/aureum.adv.br\/inicio\/wp-content\/uploads\/2024\/03\/Dano-Moral.png","width":583,"height":581},{"@type":"BreadcrumbList","@id":"https:\/\/aureum.adv.br\/inicio\/2024\/03\/13\/elementor-5834\/#breadcrumb","itemListElement":[{"@type":"ListItem","position":1,"name":"In\u00edcio","item":"https:\/\/aureum.adv.br\/inicio\/"},{"@type":"ListItem","position":2,"name":"Dano Moral previdenci\u00e1rio \u00e9 poss\u00edvel? Descubra neste post!"}]},{"@type":"WebSite","@id":"https:\/\/aureum.adv.br\/inicio\/#website","url":"https:\/\/aureum.adv.br\/inicio\/","name":"Aureum Advocacia","description":"Aureum Advocacia Tribut\u00e1ria","publisher":{"@id":"https:\/\/aureum.adv.br\/inicio\/#organization"},"potentialAction":[{"@type":"SearchAction","target":{"@type":"EntryPoint","urlTemplate":"https:\/\/aureum.adv.br\/inicio\/?s={search_term_string}"},"query-input":{"@type":"PropertyValueSpecification","valueRequired":true,"valueName":"search_term_string"}}],"inLanguage":"pt-BR"},{"@type":"Organization","@id":"https:\/\/aureum.adv.br\/inicio\/#organization","name":"Aureum","url":"https:\/\/aureum.adv.br\/inicio\/","logo":{"@type":"ImageObject","inLanguage":"pt-BR","@id":"https:\/\/aureum.adv.br\/inicio\/#\/schema\/logo\/image\/","url":"https:\/\/aureum.adv.br\/inicio\/wp-content\/uploads\/2020\/04\/logo_com-fundo.png","contentUrl":"https:\/\/aureum.adv.br\/inicio\/wp-content\/uploads\/2020\/04\/logo_com-fundo.png","width":1080,"height":1400,"caption":"Aureum"},"image":{"@id":"https:\/\/aureum.adv.br\/inicio\/#\/schema\/logo\/image\/"},"sameAs":["https:\/\/www.facebook.com\/aureumadvocacia","https:\/\/br.linkedin.com\/company\/aureum-advocacia"]},{"@type":"Person","@id":"https:\/\/aureum.adv.br\/inicio\/#\/schema\/person\/bfa138bad3521ed6353a3e13d986baf0","name":"bruna","image":{"@type":"ImageObject","inLanguage":"pt-BR","@id":"https:\/\/aureum.adv.br\/inicio\/#\/schema\/person\/image\/","url":"https:\/\/secure.gravatar.com\/avatar\/ec30cfb94570b842e7230a0fa0eaf2d45ab44f38f3165e80cf8f0311e64d4bd6?s=96&d=mm&r=g","contentUrl":"https:\/\/secure.gravatar.com\/avatar\/ec30cfb94570b842e7230a0fa0eaf2d45ab44f38f3165e80cf8f0311e64d4bd6?s=96&d=mm&r=g","caption":"bruna"},"url":"https:\/\/aureum.adv.br\/inicio\/author\/bruna\/"}]}},"_links":{"self":[{"href":"https:\/\/aureum.adv.br\/inicio\/wp-json\/wp\/v2\/posts\/5834","targetHints":{"allow":["GET"]}}],"collection":[{"href":"https:\/\/aureum.adv.br\/inicio\/wp-json\/wp\/v2\/posts"}],"about":[{"href":"https:\/\/aureum.adv.br\/inicio\/wp-json\/wp\/v2\/types\/post"}],"author":[{"embeddable":true,"href":"https:\/\/aureum.adv.br\/inicio\/wp-json\/wp\/v2\/users\/2"}],"replies":[{"embeddable":true,"href":"https:\/\/aureum.adv.br\/inicio\/wp-json\/wp\/v2\/comments?post=5834"}],"version-history":[{"count":4,"href":"https:\/\/aureum.adv.br\/inicio\/wp-json\/wp\/v2\/posts\/5834\/revisions"}],"predecessor-version":[{"id":5839,"href":"https:\/\/aureum.adv.br\/inicio\/wp-json\/wp\/v2\/posts\/5834\/revisions\/5839"}],"wp:featuredmedia":[{"embeddable":true,"href":"https:\/\/aureum.adv.br\/inicio\/wp-json\/wp\/v2\/media\/5836"}],"wp:attachment":[{"href":"https:\/\/aureum.adv.br\/inicio\/wp-json\/wp\/v2\/media?parent=5834"}],"wp:term":[{"taxonomy":"category","embeddable":true,"href":"https:\/\/aureum.adv.br\/inicio\/wp-json\/wp\/v2\/categories?post=5834"},{"taxonomy":"post_tag","embeddable":true,"href":"https:\/\/aureum.adv.br\/inicio\/wp-json\/wp\/v2\/tags?post=5834"}],"curies":[{"name":"wp","href":"https:\/\/api.w.org\/{rel}","templated":true}]}}