{"id":5828,"date":"2024-03-13T09:09:56","date_gmt":"2024-03-13T12:09:56","guid":{"rendered":"https:\/\/aureum.adv.br\/inicio\/?p=5828"},"modified":"2024-03-13T09:11:17","modified_gmt":"2024-03-13T12:11:17","slug":"elementor-5828","status":"publish","type":"post","link":"https:\/\/aureum.adv.br\/inicio\/2024\/03\/13\/elementor-5828\/","title":{"rendered":"STF mant\u00e9m cr\u00e9ditos de ICMS concedidos antes da modula\u00e7\u00e3o dos efeitos aplicada ao Tema 69"},"content":{"rendered":"\t\t<div data-elementor-type=\"wp-post\" data-elementor-id=\"5828\" class=\"elementor elementor-5828\">\n\t\t\t\t\t\t<section class=\"elementor-section elementor-top-section elementor-element elementor-element-ad6ac5b elementor-section-boxed elementor-section-height-default elementor-section-height-default\" data-id=\"ad6ac5b\" data-element_type=\"section\">\n\t\t\t\t\t\t<div class=\"elementor-container elementor-column-gap-default\">\n\t\t\t\t\t<div class=\"elementor-column elementor-col-100 elementor-top-column elementor-element elementor-element-c8e5fad\" data-id=\"c8e5fad\" data-element_type=\"column\">\n\t\t\t<div class=\"elementor-widget-wrap elementor-element-populated\">\n\t\t\t\t\t\t<div class=\"elementor-element elementor-element-e6c7b86 elementor-widget elementor-widget-text-editor\" data-id=\"e6c7b86\" data-element_type=\"widget\" data-widget_type=\"text-editor.default\">\n\t\t\t\t<div class=\"elementor-widget-container\">\n\t\t\t\t\t\t\t\t\t<p style=\"text-align: justify;\">O Ministro Luiz Fux foi o primeiro integrante do Supremo Tribunal Federal a se manifestar sobre a tentativa da Fazenda Nacional de derrubar cr\u00e9ditos tribut\u00e1rios concedidos judicialmente para empresas em rela\u00e7\u00e3o a \u201ctese do s\u00e9culo\u201d.<\/p><p style=\"text-align: justify;\">A chamada \u201ctese do s\u00e9culo\u201d, como \u00e9 conhecida, trata-se da exclus\u00e3o do ICMS na base de c\u00e1lculo do PIS e da Cofins, conforme restou decidido pelo STF no julgamento do RE 574.706 (Tema 69) em 2017. Quatro anos depois, em 2021, no julgamento dos embargos de declara\u00e7\u00e3o, a Corte modulou os efeitos da decis\u00e3o, restringindo seus efeitos a partir de mar\u00e7o de 2017 \u2013 ressalvando a\u00e7\u00f5es judiciais e procedimentos administrativos protocolados antes dessa data.<\/p><p style=\"text-align: justify;\">O problema \u00e9 que, no intervalo entre os dois julgamentos, v\u00e1rios contribuintes obtiveram na Justi\u00e7a decis\u00f5es favor\u00e1veis ao direito de excluir o ICMS da base de c\u00e1lculo do PIS e da Cofins, ganhando cr\u00e9ditos tribut\u00e1rios.<\/p><p style=\"text-align: justify;\">Foi o que aconteceu com uma empresa catarinense do setor t\u00eaxtil, que entrou com uma a\u00e7\u00e3o em 2017, logo ap\u00f3s a decis\u00e3o do STF, e conseguiu uma decis\u00e3o favor\u00e1vel da Justi\u00e7a antes do julgamento dos embargos de declara\u00e7\u00e3o no Supremo. O ac\u00f3rd\u00e3o, inclusive, transitou em julgado um m\u00eas antes da modula\u00e7\u00e3o dos efeitos pelo STF.<\/p><p style=\"text-align: justify;\">Em mar\u00e7o de 2022, a Uni\u00e3o entrou com uma a\u00e7\u00e3o rescis\u00f3ria pedindo que fosse desconstitu\u00edda a coisa julgada na apela\u00e7\u00e3o c\u00edvel interposta pela empresa, argumentando que era preciso adequar a decis\u00e3o ao entendimento do STF no julgamento que decidiu pela modula\u00e7\u00e3o de efeitos da \u201ctese do s\u00e9culo\u201d.<\/p><p style=\"text-align: justify;\">A 1\u00aa Se\u00e7\u00e3o do Tribunal Regional Federal da 4\u00aa Regi\u00e3o (TRF4), em outubro de 2022, decidiu, por unanimidade, julgar procedente a a\u00e7\u00e3o rescis\u00f3ria da Fazenda Nacional. A companhia, ent\u00e3o, entrou com o Recurso Extraordin\u00e1rio no Supremo.<\/p><p style=\"text-align: justify;\">Em decis\u00e3o monocr\u00e1tica proferida em 28\/02\/2024 no julgamento do Recurso Extraordin\u00e1rio n\u00ba 1.468.946, o Ministro Fux decidiu contra a Fazenda, mantendo R$ 4,4 milh\u00f5es em cr\u00e9ditos obtidos pela empresa catarinense.<\/p><p style=\"text-align: justify;\">Ao julgar o caso, Fux entendeu que o fato de a empresa ter conseguido a decis\u00e3o favor\u00e1vel da Justi\u00e7a antes do novo entendimento do Supremo garante o seu direito aos cr\u00e9ditos tribut\u00e1rios. \u201cO ac\u00f3rd\u00e3o rescindendo, \u00e0 \u00e9poca de sua formaliza\u00e7\u00e3o, estava em harmonia com o entendimento do Plen\u00e1rio desta Corte relativo ao referido tema de repercuss\u00e3o geral, o que inviabiliza sua rescis\u00e3o\u201d, escreveu o Ministro.<\/p><p style=\"text-align: justify;\">Fux ainda citou o julgamento do RE 590.809 (Tema 136), que fixou a seguinte tese de repercuss\u00e3o geral: \u201cN\u00e3o cabe a\u00e7\u00e3o rescis\u00f3ria quando o julgado estiver em<br \/>harmonia com o entendimento firmado pelo Plen\u00e1rio do Supremo \u00e0 \u00e9poca da formaliza\u00e7\u00e3o do ac\u00f3rd\u00e3o rescindendo, ainda que ocorra posterior supera\u00e7\u00e3o do precedente\u201d.<\/p><p style=\"text-align: justify;\">Para ficar por dentro de todas as novidades tribut\u00e1rias, siga-nos em nossas redes sociais ou consulte um de nossos especialistas.<\/p>\t\t\t\t\t\t\t\t<\/div>\n\t\t\t\t<\/div>\n\t\t\t\t\t<\/div>\n\t\t<\/div>\n\t\t\t\t\t<\/div>\n\t\t<\/section>\n\t\t\t\t<\/div>\n\t\t","protected":false},"excerpt":{"rendered":"<p>O Ministro Luiz Fux foi o primeiro integrante do Supremo Tribunal Federal a se manifestar sobre a tentativa da Fazenda Nacional de derrubar cr\u00e9ditos tribut\u00e1rios concedidos judicialmente para empresas em rela\u00e7\u00e3o a \u201ctese do s\u00e9culo\u201d. A chamada \u201ctese do s\u00e9culo\u201d, como \u00e9 conhecida, trata-se da exclus\u00e3o do ICMS na base de c\u00e1lculo do PIS e da Cofins, conforme restou decidido pelo STF no julgamento do RE 574.706 (Tema 69) em 2017. Quatro anos depois, em 2021, no julgamento dos embargos de declara\u00e7\u00e3o, a Corte modulou os efeitos da decis\u00e3o, restringindo seus efeitos a partir de mar\u00e7o de 2017 \u2013 ressalvando a\u00e7\u00f5es judiciais e procedimentos administrativos protocolados antes dessa data. O problema \u00e9 que, no intervalo entre os dois&hellip;<\/p>\n","protected":false},"author":2,"featured_media":5830,"comment_status":"open","ping_status":"open","sticky":false,"template":"","format":"standard","meta":{"footnotes":""},"categories":[1],"tags":[],"class_list":["post-5828","post","type-post","status-publish","format-standard","has-post-thumbnail","hentry","category-uncategorized"],"yoast_head":"<!-- This site is optimized with the Yoast SEO plugin v26.9 - https:\/\/yoast.com\/product\/yoast-seo-wordpress\/ -->\n<title>STF mant\u00e9m cr\u00e9ditos de ICMS concedidos antes da modula\u00e7\u00e3o dos efeitos aplicada ao Tema 69 - Aureum Advocacia<\/title>\n<meta name=\"robots\" content=\"index, follow, max-snippet:-1, max-image-preview:large, max-video-preview:-1\" \/>\n<link rel=\"canonical\" href=\"https:\/\/aureum.adv.br\/inicio\/2024\/03\/13\/elementor-5828\/\" \/>\n<meta property=\"og:locale\" content=\"pt_BR\" \/>\n<meta property=\"og:type\" content=\"article\" \/>\n<meta property=\"og:title\" content=\"STF mant\u00e9m cr\u00e9ditos de ICMS concedidos antes da modula\u00e7\u00e3o dos efeitos aplicada ao Tema 69 - Aureum Advocacia\" \/>\n<meta property=\"og:description\" content=\"O Ministro Luiz Fux foi o primeiro integrante do Supremo Tribunal Federal a se manifestar sobre a tentativa da Fazenda Nacional de derrubar cr\u00e9ditos tribut\u00e1rios concedidos judicialmente para empresas em rela\u00e7\u00e3o a \u201ctese do s\u00e9culo\u201d. A chamada \u201ctese do s\u00e9culo\u201d, como \u00e9 conhecida, trata-se da exclus\u00e3o do ICMS na base de c\u00e1lculo do PIS e da Cofins, conforme restou decidido pelo STF no julgamento do RE 574.706 (Tema 69) em 2017. Quatro anos depois, em 2021, no julgamento dos embargos de declara\u00e7\u00e3o, a Corte modulou os efeitos da decis\u00e3o, restringindo seus efeitos a partir de mar\u00e7o de 2017 \u2013 ressalvando a\u00e7\u00f5es judiciais e procedimentos administrativos protocolados antes dessa data. O problema \u00e9 que, no intervalo entre os dois&hellip;\" \/>\n<meta property=\"og:url\" content=\"https:\/\/aureum.adv.br\/inicio\/2024\/03\/13\/elementor-5828\/\" \/>\n<meta property=\"og:site_name\" content=\"Aureum Advocacia\" \/>\n<meta property=\"article:publisher\" content=\"https:\/\/www.facebook.com\/aureumadvocacia\" \/>\n<meta property=\"article:published_time\" content=\"2024-03-13T12:09:56+00:00\" \/>\n<meta property=\"article:modified_time\" content=\"2024-03-13T12:11:17+00:00\" \/>\n<meta property=\"og:image\" content=\"https:\/\/aureum.adv.br\/inicio\/wp-content\/uploads\/2024\/03\/POSTS-e-NEWS-31.jpg\" \/>\n\t<meta property=\"og:image:width\" content=\"1080\" \/>\n\t<meta property=\"og:image:height\" content=\"1080\" \/>\n\t<meta property=\"og:image:type\" content=\"image\/jpeg\" \/>\n<meta name=\"author\" content=\"bruna\" \/>\n<meta name=\"twitter:card\" content=\"summary_large_image\" \/>\n<meta name=\"twitter:label1\" content=\"Escrito por\" \/>\n\t<meta name=\"twitter:data1\" content=\"bruna\" \/>\n\t<meta name=\"twitter:label2\" content=\"Est. tempo de leitura\" \/>\n\t<meta name=\"twitter:data2\" content=\"3 minutos\" \/>\n<script type=\"application\/ld+json\" class=\"yoast-schema-graph\">{\"@context\":\"https:\/\/schema.org\",\"@graph\":[{\"@type\":\"Article\",\"@id\":\"https:\/\/aureum.adv.br\/inicio\/2024\/03\/13\/elementor-5828\/#article\",\"isPartOf\":{\"@id\":\"https:\/\/aureum.adv.br\/inicio\/2024\/03\/13\/elementor-5828\/\"},\"author\":{\"name\":\"bruna\",\"@id\":\"https:\/\/aureum.adv.br\/inicio\/#\/schema\/person\/bfa138bad3521ed6353a3e13d986baf0\"},\"headline\":\"STF mant\u00e9m cr\u00e9ditos de ICMS concedidos antes da modula\u00e7\u00e3o dos efeitos aplicada ao Tema 69\",\"datePublished\":\"2024-03-13T12:09:56+00:00\",\"dateModified\":\"2024-03-13T12:11:17+00:00\",\"mainEntityOfPage\":{\"@id\":\"https:\/\/aureum.adv.br\/inicio\/2024\/03\/13\/elementor-5828\/\"},\"wordCount\":515,\"commentCount\":0,\"publisher\":{\"@id\":\"https:\/\/aureum.adv.br\/inicio\/#organization\"},\"image\":{\"@id\":\"https:\/\/aureum.adv.br\/inicio\/2024\/03\/13\/elementor-5828\/#primaryimage\"},\"thumbnailUrl\":\"https:\/\/aureum.adv.br\/inicio\/wp-content\/uploads\/2024\/03\/POSTS-e-NEWS-31.jpg\",\"articleSection\":[\"Uncategorized\"],\"inLanguage\":\"pt-BR\",\"potentialAction\":[{\"@type\":\"CommentAction\",\"name\":\"Comment\",\"target\":[\"https:\/\/aureum.adv.br\/inicio\/2024\/03\/13\/elementor-5828\/#respond\"]}]},{\"@type\":\"WebPage\",\"@id\":\"https:\/\/aureum.adv.br\/inicio\/2024\/03\/13\/elementor-5828\/\",\"url\":\"https:\/\/aureum.adv.br\/inicio\/2024\/03\/13\/elementor-5828\/\",\"name\":\"STF mant\u00e9m cr\u00e9ditos de ICMS concedidos antes da modula\u00e7\u00e3o dos efeitos aplicada ao Tema 69 - Aureum Advocacia\",\"isPartOf\":{\"@id\":\"https:\/\/aureum.adv.br\/inicio\/#website\"},\"primaryImageOfPage\":{\"@id\":\"https:\/\/aureum.adv.br\/inicio\/2024\/03\/13\/elementor-5828\/#primaryimage\"},\"image\":{\"@id\":\"https:\/\/aureum.adv.br\/inicio\/2024\/03\/13\/elementor-5828\/#primaryimage\"},\"thumbnailUrl\":\"https:\/\/aureum.adv.br\/inicio\/wp-content\/uploads\/2024\/03\/POSTS-e-NEWS-31.jpg\",\"datePublished\":\"2024-03-13T12:09:56+00:00\",\"dateModified\":\"2024-03-13T12:11:17+00:00\",\"breadcrumb\":{\"@id\":\"https:\/\/aureum.adv.br\/inicio\/2024\/03\/13\/elementor-5828\/#breadcrumb\"},\"inLanguage\":\"pt-BR\",\"potentialAction\":[{\"@type\":\"ReadAction\",\"target\":[\"https:\/\/aureum.adv.br\/inicio\/2024\/03\/13\/elementor-5828\/\"]}]},{\"@type\":\"ImageObject\",\"inLanguage\":\"pt-BR\",\"@id\":\"https:\/\/aureum.adv.br\/inicio\/2024\/03\/13\/elementor-5828\/#primaryimage\",\"url\":\"https:\/\/aureum.adv.br\/inicio\/wp-content\/uploads\/2024\/03\/POSTS-e-NEWS-31.jpg\",\"contentUrl\":\"https:\/\/aureum.adv.br\/inicio\/wp-content\/uploads\/2024\/03\/POSTS-e-NEWS-31.jpg\",\"width\":1080,\"height\":1080},{\"@type\":\"BreadcrumbList\",\"@id\":\"https:\/\/aureum.adv.br\/inicio\/2024\/03\/13\/elementor-5828\/#breadcrumb\",\"itemListElement\":[{\"@type\":\"ListItem\",\"position\":1,\"name\":\"In\u00edcio\",\"item\":\"https:\/\/aureum.adv.br\/inicio\/\"},{\"@type\":\"ListItem\",\"position\":2,\"name\":\"STF mant\u00e9m cr\u00e9ditos de ICMS concedidos antes da modula\u00e7\u00e3o dos efeitos aplicada ao Tema 69\"}]},{\"@type\":\"WebSite\",\"@id\":\"https:\/\/aureum.adv.br\/inicio\/#website\",\"url\":\"https:\/\/aureum.adv.br\/inicio\/\",\"name\":\"Aureum Advocacia\",\"description\":\"Aureum Advocacia Tribut\u00e1ria\",\"publisher\":{\"@id\":\"https:\/\/aureum.adv.br\/inicio\/#organization\"},\"potentialAction\":[{\"@type\":\"SearchAction\",\"target\":{\"@type\":\"EntryPoint\",\"urlTemplate\":\"https:\/\/aureum.adv.br\/inicio\/?s={search_term_string}\"},\"query-input\":{\"@type\":\"PropertyValueSpecification\",\"valueRequired\":true,\"valueName\":\"search_term_string\"}}],\"inLanguage\":\"pt-BR\"},{\"@type\":\"Organization\",\"@id\":\"https:\/\/aureum.adv.br\/inicio\/#organization\",\"name\":\"Aureum\",\"url\":\"https:\/\/aureum.adv.br\/inicio\/\",\"logo\":{\"@type\":\"ImageObject\",\"inLanguage\":\"pt-BR\",\"@id\":\"https:\/\/aureum.adv.br\/inicio\/#\/schema\/logo\/image\/\",\"url\":\"https:\/\/aureum.adv.br\/inicio\/wp-content\/uploads\/2020\/04\/logo_com-fundo.png\",\"contentUrl\":\"https:\/\/aureum.adv.br\/inicio\/wp-content\/uploads\/2020\/04\/logo_com-fundo.png\",\"width\":1080,\"height\":1400,\"caption\":\"Aureum\"},\"image\":{\"@id\":\"https:\/\/aureum.adv.br\/inicio\/#\/schema\/logo\/image\/\"},\"sameAs\":[\"https:\/\/www.facebook.com\/aureumadvocacia\",\"https:\/\/br.linkedin.com\/company\/aureum-advocacia\"]},{\"@type\":\"Person\",\"@id\":\"https:\/\/aureum.adv.br\/inicio\/#\/schema\/person\/bfa138bad3521ed6353a3e13d986baf0\",\"name\":\"bruna\",\"image\":{\"@type\":\"ImageObject\",\"inLanguage\":\"pt-BR\",\"@id\":\"https:\/\/aureum.adv.br\/inicio\/#\/schema\/person\/image\/\",\"url\":\"https:\/\/secure.gravatar.com\/avatar\/ec30cfb94570b842e7230a0fa0eaf2d45ab44f38f3165e80cf8f0311e64d4bd6?s=96&d=mm&r=g\",\"contentUrl\":\"https:\/\/secure.gravatar.com\/avatar\/ec30cfb94570b842e7230a0fa0eaf2d45ab44f38f3165e80cf8f0311e64d4bd6?s=96&d=mm&r=g\",\"caption\":\"bruna\"},\"url\":\"https:\/\/aureum.adv.br\/inicio\/author\/bruna\/\"}]}<\/script>\n<!-- \/ Yoast SEO plugin. -->","yoast_head_json":{"title":"STF mant\u00e9m cr\u00e9ditos de ICMS concedidos antes da modula\u00e7\u00e3o dos efeitos aplicada ao Tema 69 - Aureum Advocacia","robots":{"index":"index","follow":"follow","max-snippet":"max-snippet:-1","max-image-preview":"max-image-preview:large","max-video-preview":"max-video-preview:-1"},"canonical":"https:\/\/aureum.adv.br\/inicio\/2024\/03\/13\/elementor-5828\/","og_locale":"pt_BR","og_type":"article","og_title":"STF mant\u00e9m cr\u00e9ditos de ICMS concedidos antes da modula\u00e7\u00e3o dos efeitos aplicada ao Tema 69 - Aureum Advocacia","og_description":"O Ministro Luiz Fux foi o primeiro integrante do Supremo Tribunal Federal a se manifestar sobre a tentativa da Fazenda Nacional de derrubar cr\u00e9ditos tribut\u00e1rios concedidos judicialmente para empresas em rela\u00e7\u00e3o a \u201ctese do s\u00e9culo\u201d. A chamada \u201ctese do s\u00e9culo\u201d, como \u00e9 conhecida, trata-se da exclus\u00e3o do ICMS na base de c\u00e1lculo do PIS e da Cofins, conforme restou decidido pelo STF no julgamento do RE 574.706 (Tema 69) em 2017. Quatro anos depois, em 2021, no julgamento dos embargos de declara\u00e7\u00e3o, a Corte modulou os efeitos da decis\u00e3o, restringindo seus efeitos a partir de mar\u00e7o de 2017 \u2013 ressalvando a\u00e7\u00f5es judiciais e procedimentos administrativos protocolados antes dessa data. O problema \u00e9 que, no intervalo entre os dois&hellip;","og_url":"https:\/\/aureum.adv.br\/inicio\/2024\/03\/13\/elementor-5828\/","og_site_name":"Aureum Advocacia","article_publisher":"https:\/\/www.facebook.com\/aureumadvocacia","article_published_time":"2024-03-13T12:09:56+00:00","article_modified_time":"2024-03-13T12:11:17+00:00","og_image":[{"width":1080,"height":1080,"url":"https:\/\/aureum.adv.br\/inicio\/wp-content\/uploads\/2024\/03\/POSTS-e-NEWS-31.jpg","type":"image\/jpeg"}],"author":"bruna","twitter_card":"summary_large_image","twitter_misc":{"Escrito por":"bruna","Est. tempo de leitura":"3 minutos"},"schema":{"@context":"https:\/\/schema.org","@graph":[{"@type":"Article","@id":"https:\/\/aureum.adv.br\/inicio\/2024\/03\/13\/elementor-5828\/#article","isPartOf":{"@id":"https:\/\/aureum.adv.br\/inicio\/2024\/03\/13\/elementor-5828\/"},"author":{"name":"bruna","@id":"https:\/\/aureum.adv.br\/inicio\/#\/schema\/person\/bfa138bad3521ed6353a3e13d986baf0"},"headline":"STF mant\u00e9m cr\u00e9ditos de ICMS concedidos antes da modula\u00e7\u00e3o dos efeitos aplicada ao Tema 69","datePublished":"2024-03-13T12:09:56+00:00","dateModified":"2024-03-13T12:11:17+00:00","mainEntityOfPage":{"@id":"https:\/\/aureum.adv.br\/inicio\/2024\/03\/13\/elementor-5828\/"},"wordCount":515,"commentCount":0,"publisher":{"@id":"https:\/\/aureum.adv.br\/inicio\/#organization"},"image":{"@id":"https:\/\/aureum.adv.br\/inicio\/2024\/03\/13\/elementor-5828\/#primaryimage"},"thumbnailUrl":"https:\/\/aureum.adv.br\/inicio\/wp-content\/uploads\/2024\/03\/POSTS-e-NEWS-31.jpg","articleSection":["Uncategorized"],"inLanguage":"pt-BR","potentialAction":[{"@type":"CommentAction","name":"Comment","target":["https:\/\/aureum.adv.br\/inicio\/2024\/03\/13\/elementor-5828\/#respond"]}]},{"@type":"WebPage","@id":"https:\/\/aureum.adv.br\/inicio\/2024\/03\/13\/elementor-5828\/","url":"https:\/\/aureum.adv.br\/inicio\/2024\/03\/13\/elementor-5828\/","name":"STF mant\u00e9m cr\u00e9ditos de ICMS concedidos antes da modula\u00e7\u00e3o dos efeitos aplicada ao Tema 69 - Aureum Advocacia","isPartOf":{"@id":"https:\/\/aureum.adv.br\/inicio\/#website"},"primaryImageOfPage":{"@id":"https:\/\/aureum.adv.br\/inicio\/2024\/03\/13\/elementor-5828\/#primaryimage"},"image":{"@id":"https:\/\/aureum.adv.br\/inicio\/2024\/03\/13\/elementor-5828\/#primaryimage"},"thumbnailUrl":"https:\/\/aureum.adv.br\/inicio\/wp-content\/uploads\/2024\/03\/POSTS-e-NEWS-31.jpg","datePublished":"2024-03-13T12:09:56+00:00","dateModified":"2024-03-13T12:11:17+00:00","breadcrumb":{"@id":"https:\/\/aureum.adv.br\/inicio\/2024\/03\/13\/elementor-5828\/#breadcrumb"},"inLanguage":"pt-BR","potentialAction":[{"@type":"ReadAction","target":["https:\/\/aureum.adv.br\/inicio\/2024\/03\/13\/elementor-5828\/"]}]},{"@type":"ImageObject","inLanguage":"pt-BR","@id":"https:\/\/aureum.adv.br\/inicio\/2024\/03\/13\/elementor-5828\/#primaryimage","url":"https:\/\/aureum.adv.br\/inicio\/wp-content\/uploads\/2024\/03\/POSTS-e-NEWS-31.jpg","contentUrl":"https:\/\/aureum.adv.br\/inicio\/wp-content\/uploads\/2024\/03\/POSTS-e-NEWS-31.jpg","width":1080,"height":1080},{"@type":"BreadcrumbList","@id":"https:\/\/aureum.adv.br\/inicio\/2024\/03\/13\/elementor-5828\/#breadcrumb","itemListElement":[{"@type":"ListItem","position":1,"name":"In\u00edcio","item":"https:\/\/aureum.adv.br\/inicio\/"},{"@type":"ListItem","position":2,"name":"STF mant\u00e9m cr\u00e9ditos de ICMS concedidos antes da modula\u00e7\u00e3o dos efeitos aplicada ao Tema 69"}]},{"@type":"WebSite","@id":"https:\/\/aureum.adv.br\/inicio\/#website","url":"https:\/\/aureum.adv.br\/inicio\/","name":"Aureum Advocacia","description":"Aureum Advocacia Tribut\u00e1ria","publisher":{"@id":"https:\/\/aureum.adv.br\/inicio\/#organization"},"potentialAction":[{"@type":"SearchAction","target":{"@type":"EntryPoint","urlTemplate":"https:\/\/aureum.adv.br\/inicio\/?s={search_term_string}"},"query-input":{"@type":"PropertyValueSpecification","valueRequired":true,"valueName":"search_term_string"}}],"inLanguage":"pt-BR"},{"@type":"Organization","@id":"https:\/\/aureum.adv.br\/inicio\/#organization","name":"Aureum","url":"https:\/\/aureum.adv.br\/inicio\/","logo":{"@type":"ImageObject","inLanguage":"pt-BR","@id":"https:\/\/aureum.adv.br\/inicio\/#\/schema\/logo\/image\/","url":"https:\/\/aureum.adv.br\/inicio\/wp-content\/uploads\/2020\/04\/logo_com-fundo.png","contentUrl":"https:\/\/aureum.adv.br\/inicio\/wp-content\/uploads\/2020\/04\/logo_com-fundo.png","width":1080,"height":1400,"caption":"Aureum"},"image":{"@id":"https:\/\/aureum.adv.br\/inicio\/#\/schema\/logo\/image\/"},"sameAs":["https:\/\/www.facebook.com\/aureumadvocacia","https:\/\/br.linkedin.com\/company\/aureum-advocacia"]},{"@type":"Person","@id":"https:\/\/aureum.adv.br\/inicio\/#\/schema\/person\/bfa138bad3521ed6353a3e13d986baf0","name":"bruna","image":{"@type":"ImageObject","inLanguage":"pt-BR","@id":"https:\/\/aureum.adv.br\/inicio\/#\/schema\/person\/image\/","url":"https:\/\/secure.gravatar.com\/avatar\/ec30cfb94570b842e7230a0fa0eaf2d45ab44f38f3165e80cf8f0311e64d4bd6?s=96&d=mm&r=g","contentUrl":"https:\/\/secure.gravatar.com\/avatar\/ec30cfb94570b842e7230a0fa0eaf2d45ab44f38f3165e80cf8f0311e64d4bd6?s=96&d=mm&r=g","caption":"bruna"},"url":"https:\/\/aureum.adv.br\/inicio\/author\/bruna\/"}]}},"_links":{"self":[{"href":"https:\/\/aureum.adv.br\/inicio\/wp-json\/wp\/v2\/posts\/5828","targetHints":{"allow":["GET"]}}],"collection":[{"href":"https:\/\/aureum.adv.br\/inicio\/wp-json\/wp\/v2\/posts"}],"about":[{"href":"https:\/\/aureum.adv.br\/inicio\/wp-json\/wp\/v2\/types\/post"}],"author":[{"embeddable":true,"href":"https:\/\/aureum.adv.br\/inicio\/wp-json\/wp\/v2\/users\/2"}],"replies":[{"embeddable":true,"href":"https:\/\/aureum.adv.br\/inicio\/wp-json\/wp\/v2\/comments?post=5828"}],"version-history":[{"count":4,"href":"https:\/\/aureum.adv.br\/inicio\/wp-json\/wp\/v2\/posts\/5828\/revisions"}],"predecessor-version":[{"id":5833,"href":"https:\/\/aureum.adv.br\/inicio\/wp-json\/wp\/v2\/posts\/5828\/revisions\/5833"}],"wp:featuredmedia":[{"embeddable":true,"href":"https:\/\/aureum.adv.br\/inicio\/wp-json\/wp\/v2\/media\/5830"}],"wp:attachment":[{"href":"https:\/\/aureum.adv.br\/inicio\/wp-json\/wp\/v2\/media?parent=5828"}],"wp:term":[{"taxonomy":"category","embeddable":true,"href":"https:\/\/aureum.adv.br\/inicio\/wp-json\/wp\/v2\/categories?post=5828"},{"taxonomy":"post_tag","embeddable":true,"href":"https:\/\/aureum.adv.br\/inicio\/wp-json\/wp\/v2\/tags?post=5828"}],"curies":[{"name":"wp","href":"https:\/\/api.w.org\/{rel}","templated":true}]}}