{"id":5822,"date":"2024-03-12T08:59:28","date_gmt":"2024-03-12T11:59:28","guid":{"rendered":"https:\/\/aureum.adv.br\/inicio\/?p=5822"},"modified":"2024-03-12T09:00:26","modified_gmt":"2024-03-12T12:00:26","slug":"elementor-5822","status":"publish","type":"post","link":"https:\/\/aureum.adv.br\/inicio\/2024\/03\/12\/elementor-5822\/","title":{"rendered":"Idoso pode receber benef\u00edcio assistencial? Descubra!"},"content":{"rendered":"\t\t<div data-elementor-type=\"wp-post\" data-elementor-id=\"5822\" class=\"elementor elementor-5822\">\n\t\t\t\t\t\t<section class=\"elementor-section elementor-top-section elementor-element elementor-element-0e8d8ee elementor-section-boxed elementor-section-height-default elementor-section-height-default\" data-id=\"0e8d8ee\" data-element_type=\"section\">\n\t\t\t\t\t\t<div class=\"elementor-container elementor-column-gap-default\">\n\t\t\t\t\t<div class=\"elementor-column elementor-col-100 elementor-top-column elementor-element elementor-element-0d259b1\" data-id=\"0d259b1\" data-element_type=\"column\">\n\t\t\t<div class=\"elementor-widget-wrap elementor-element-populated\">\n\t\t\t\t\t\t<div class=\"elementor-element elementor-element-a18bd09 elementor-widget elementor-widget-text-editor\" data-id=\"a18bd09\" data-element_type=\"widget\" data-widget_type=\"text-editor.default\">\n\t\t\t\t<div class=\"elementor-widget-container\">\n\t\t\t\t\t\t\t\t\t<p style=\"text-align: justify;\"><span>O Benef\u00edcio de Presta\u00e7\u00e3o Continuada (BPC) visa enfrentar a pobreza e garantir a prote\u00e7\u00e3o social, baseando-se no princ\u00edpio da dignidade da pessoa humana.<\/span><br \/><br \/><span>Vamos entender!<\/span><br \/><br \/><span>Ele \u00e9 destinado \u00e0 pessoa idosa com 65 anos ou mais que n\u00e3o possui meios para prover a pr\u00f3pria manuten\u00e7\u00e3o, nem t\u00ea-la provida por sua fam\u00edlia.<\/span><br \/><br \/><span>A garantia \u00e9 de 1 sal\u00e1rio m\u00ednimo, sendo necess\u00e1rio que a renda familiar seja igual ou inferior a um quarto do sal\u00e1rio m\u00ednimo para cada membro familiar que vive com o requerente do benef\u00edcio.<\/span><br \/><br \/><span>Ele tamb\u00e9m pode ser concedido a mais de uma pessoa do mesmo grupo familiar. Uma vez que j\u00e1 concedido a qualquer membro da fam\u00edlia, n\u00e3o ser\u00e1 computado para os fins do c\u00e1lculo da renda familiar per capita.<\/span><br \/><br \/><span>\u00c9 importante ressaltar que para ter direito, n\u00e3o \u00e9 necess\u00e1rio o pagamento das contribui\u00e7\u00f5es sociais do INSS.<\/span><br \/><br \/><span>Seus requisitos b\u00e1sicos, al\u00e9m da renda, s\u00e3o:<\/span><br \/><br \/><span>-&gt; Possuir CPF.<\/span><br \/><span>-&gt; Estar inscrito e com informa\u00e7\u00f5es atualizadas no Cadastro \u00danico (Cad\u00danico).<\/span><br \/><br \/><span>Por fim, o benef\u00edcio n\u00e3o d\u00e1 direito ao 13\u00ba sal\u00e1rio nem \u00e0 pens\u00e3o por morte para os dependentes do benefici\u00e1rio.<\/span><br \/><br \/><span>Ficou com alguma d\u00favida? Busque aux\u00edlio jur\u00eddico especializado!<\/span><\/p>\t\t\t\t\t\t\t\t<\/div>\n\t\t\t\t<\/div>\n\t\t\t\t\t<\/div>\n\t\t<\/div>\n\t\t\t\t\t<\/div>\n\t\t<\/section>\n\t\t\t\t<\/div>\n\t\t","protected":false},"excerpt":{"rendered":"<p>O Benef\u00edcio de Presta\u00e7\u00e3o Continuada (BPC) visa enfrentar a pobreza e garantir a prote\u00e7\u00e3o social, baseando-se no princ\u00edpio da dignidade da pessoa humana. Vamos entender! Ele \u00e9 destinado \u00e0 pessoa idosa com 65 anos ou mais que n\u00e3o possui meios para prover a pr\u00f3pria manuten\u00e7\u00e3o, nem t\u00ea-la provida por sua fam\u00edlia. A garantia \u00e9 de 1 sal\u00e1rio m\u00ednimo, sendo necess\u00e1rio que a renda familiar seja igual ou inferior a um quarto do sal\u00e1rio m\u00ednimo para cada membro familiar que vive com o requerente do benef\u00edcio. Ele tamb\u00e9m pode ser concedido a mais de uma pessoa do mesmo grupo familiar. Uma vez que j\u00e1 concedido a qualquer membro da fam\u00edlia, n\u00e3o ser\u00e1 computado para os fins do c\u00e1lculo da&hellip;<\/p>\n","protected":false},"author":2,"featured_media":5824,"comment_status":"open","ping_status":"open","sticky":false,"template":"","format":"standard","meta":{"footnotes":""},"categories":[1],"tags":[],"class_list":["post-5822","post","type-post","status-publish","format-standard","has-post-thumbnail","hentry","category-uncategorized"],"yoast_head":"<!-- This site is optimized with the Yoast SEO plugin v26.9 - https:\/\/yoast.com\/product\/yoast-seo-wordpress\/ -->\n<title>Idoso pode receber benef\u00edcio assistencial? Descubra! - Aureum Advocacia<\/title>\n<meta name=\"robots\" content=\"index, follow, max-snippet:-1, max-image-preview:large, max-video-preview:-1\" \/>\n<link rel=\"canonical\" href=\"https:\/\/aureum.adv.br\/inicio\/2024\/03\/12\/elementor-5822\/\" \/>\n<meta property=\"og:locale\" content=\"pt_BR\" \/>\n<meta property=\"og:type\" content=\"article\" \/>\n<meta property=\"og:title\" content=\"Idoso pode receber benef\u00edcio assistencial? Descubra! - Aureum Advocacia\" \/>\n<meta property=\"og:description\" content=\"O Benef\u00edcio de Presta\u00e7\u00e3o Continuada (BPC) visa enfrentar a pobreza e garantir a prote\u00e7\u00e3o social, baseando-se no princ\u00edpio da dignidade da pessoa humana. Vamos entender! Ele \u00e9 destinado \u00e0 pessoa idosa com 65 anos ou mais que n\u00e3o possui meios para prover a pr\u00f3pria manuten\u00e7\u00e3o, nem t\u00ea-la provida por sua fam\u00edlia. A garantia \u00e9 de 1 sal\u00e1rio m\u00ednimo, sendo necess\u00e1rio que a renda familiar seja igual ou inferior a um quarto do sal\u00e1rio m\u00ednimo para cada membro familiar que vive com o requerente do benef\u00edcio. Ele tamb\u00e9m pode ser concedido a mais de uma pessoa do mesmo grupo familiar. Uma vez que j\u00e1 concedido a qualquer membro da fam\u00edlia, n\u00e3o ser\u00e1 computado para os fins do c\u00e1lculo da&hellip;\" \/>\n<meta property=\"og:url\" content=\"https:\/\/aureum.adv.br\/inicio\/2024\/03\/12\/elementor-5822\/\" \/>\n<meta property=\"og:site_name\" content=\"Aureum Advocacia\" \/>\n<meta property=\"article:publisher\" content=\"https:\/\/www.facebook.com\/aureumadvocacia\" \/>\n<meta property=\"article:published_time\" content=\"2024-03-12T11:59:28+00:00\" \/>\n<meta property=\"article:modified_time\" content=\"2024-03-12T12:00:26+00:00\" \/>\n<meta property=\"og:image\" content=\"https:\/\/aureum.adv.br\/inicio\/wp-content\/uploads\/2024\/03\/Idoso.png\" \/>\n\t<meta property=\"og:image:width\" content=\"581\" \/>\n\t<meta property=\"og:image:height\" content=\"581\" \/>\n\t<meta property=\"og:image:type\" content=\"image\/png\" \/>\n<meta name=\"author\" content=\"bruna\" \/>\n<meta name=\"twitter:card\" content=\"summary_large_image\" \/>\n<meta name=\"twitter:label1\" content=\"Escrito por\" \/>\n\t<meta name=\"twitter:data1\" content=\"bruna\" \/>\n\t<meta name=\"twitter:label2\" content=\"Est. tempo de leitura\" \/>\n\t<meta name=\"twitter:data2\" content=\"2 minutos\" \/>\n<script type=\"application\/ld+json\" class=\"yoast-schema-graph\">{\"@context\":\"https:\/\/schema.org\",\"@graph\":[{\"@type\":\"Article\",\"@id\":\"https:\/\/aureum.adv.br\/inicio\/2024\/03\/12\/elementor-5822\/#article\",\"isPartOf\":{\"@id\":\"https:\/\/aureum.adv.br\/inicio\/2024\/03\/12\/elementor-5822\/\"},\"author\":{\"name\":\"bruna\",\"@id\":\"https:\/\/aureum.adv.br\/inicio\/#\/schema\/person\/bfa138bad3521ed6353a3e13d986baf0\"},\"headline\":\"Idoso pode receber benef\u00edcio assistencial? Descubra!\",\"datePublished\":\"2024-03-12T11:59:28+00:00\",\"dateModified\":\"2024-03-12T12:00:26+00:00\",\"mainEntityOfPage\":{\"@id\":\"https:\/\/aureum.adv.br\/inicio\/2024\/03\/12\/elementor-5822\/\"},\"wordCount\":223,\"commentCount\":0,\"publisher\":{\"@id\":\"https:\/\/aureum.adv.br\/inicio\/#organization\"},\"image\":{\"@id\":\"https:\/\/aureum.adv.br\/inicio\/2024\/03\/12\/elementor-5822\/#primaryimage\"},\"thumbnailUrl\":\"https:\/\/aureum.adv.br\/inicio\/wp-content\/uploads\/2024\/03\/Idoso.png\",\"articleSection\":[\"Uncategorized\"],\"inLanguage\":\"pt-BR\",\"potentialAction\":[{\"@type\":\"CommentAction\",\"name\":\"Comment\",\"target\":[\"https:\/\/aureum.adv.br\/inicio\/2024\/03\/12\/elementor-5822\/#respond\"]}]},{\"@type\":\"WebPage\",\"@id\":\"https:\/\/aureum.adv.br\/inicio\/2024\/03\/12\/elementor-5822\/\",\"url\":\"https:\/\/aureum.adv.br\/inicio\/2024\/03\/12\/elementor-5822\/\",\"name\":\"Idoso pode receber benef\u00edcio assistencial? Descubra! - Aureum Advocacia\",\"isPartOf\":{\"@id\":\"https:\/\/aureum.adv.br\/inicio\/#website\"},\"primaryImageOfPage\":{\"@id\":\"https:\/\/aureum.adv.br\/inicio\/2024\/03\/12\/elementor-5822\/#primaryimage\"},\"image\":{\"@id\":\"https:\/\/aureum.adv.br\/inicio\/2024\/03\/12\/elementor-5822\/#primaryimage\"},\"thumbnailUrl\":\"https:\/\/aureum.adv.br\/inicio\/wp-content\/uploads\/2024\/03\/Idoso.png\",\"datePublished\":\"2024-03-12T11:59:28+00:00\",\"dateModified\":\"2024-03-12T12:00:26+00:00\",\"breadcrumb\":{\"@id\":\"https:\/\/aureum.adv.br\/inicio\/2024\/03\/12\/elementor-5822\/#breadcrumb\"},\"inLanguage\":\"pt-BR\",\"potentialAction\":[{\"@type\":\"ReadAction\",\"target\":[\"https:\/\/aureum.adv.br\/inicio\/2024\/03\/12\/elementor-5822\/\"]}]},{\"@type\":\"ImageObject\",\"inLanguage\":\"pt-BR\",\"@id\":\"https:\/\/aureum.adv.br\/inicio\/2024\/03\/12\/elementor-5822\/#primaryimage\",\"url\":\"https:\/\/aureum.adv.br\/inicio\/wp-content\/uploads\/2024\/03\/Idoso.png\",\"contentUrl\":\"https:\/\/aureum.adv.br\/inicio\/wp-content\/uploads\/2024\/03\/Idoso.png\",\"width\":581,\"height\":581},{\"@type\":\"BreadcrumbList\",\"@id\":\"https:\/\/aureum.adv.br\/inicio\/2024\/03\/12\/elementor-5822\/#breadcrumb\",\"itemListElement\":[{\"@type\":\"ListItem\",\"position\":1,\"name\":\"In\u00edcio\",\"item\":\"https:\/\/aureum.adv.br\/inicio\/\"},{\"@type\":\"ListItem\",\"position\":2,\"name\":\"Idoso pode receber benef\u00edcio assistencial? Descubra!\"}]},{\"@type\":\"WebSite\",\"@id\":\"https:\/\/aureum.adv.br\/inicio\/#website\",\"url\":\"https:\/\/aureum.adv.br\/inicio\/\",\"name\":\"Aureum Advocacia\",\"description\":\"Aureum Advocacia Tribut\u00e1ria\",\"publisher\":{\"@id\":\"https:\/\/aureum.adv.br\/inicio\/#organization\"},\"potentialAction\":[{\"@type\":\"SearchAction\",\"target\":{\"@type\":\"EntryPoint\",\"urlTemplate\":\"https:\/\/aureum.adv.br\/inicio\/?s={search_term_string}\"},\"query-input\":{\"@type\":\"PropertyValueSpecification\",\"valueRequired\":true,\"valueName\":\"search_term_string\"}}],\"inLanguage\":\"pt-BR\"},{\"@type\":\"Organization\",\"@id\":\"https:\/\/aureum.adv.br\/inicio\/#organization\",\"name\":\"Aureum\",\"url\":\"https:\/\/aureum.adv.br\/inicio\/\",\"logo\":{\"@type\":\"ImageObject\",\"inLanguage\":\"pt-BR\",\"@id\":\"https:\/\/aureum.adv.br\/inicio\/#\/schema\/logo\/image\/\",\"url\":\"https:\/\/aureum.adv.br\/inicio\/wp-content\/uploads\/2020\/04\/logo_com-fundo.png\",\"contentUrl\":\"https:\/\/aureum.adv.br\/inicio\/wp-content\/uploads\/2020\/04\/logo_com-fundo.png\",\"width\":1080,\"height\":1400,\"caption\":\"Aureum\"},\"image\":{\"@id\":\"https:\/\/aureum.adv.br\/inicio\/#\/schema\/logo\/image\/\"},\"sameAs\":[\"https:\/\/www.facebook.com\/aureumadvocacia\",\"https:\/\/br.linkedin.com\/company\/aureum-advocacia\"]},{\"@type\":\"Person\",\"@id\":\"https:\/\/aureum.adv.br\/inicio\/#\/schema\/person\/bfa138bad3521ed6353a3e13d986baf0\",\"name\":\"bruna\",\"image\":{\"@type\":\"ImageObject\",\"inLanguage\":\"pt-BR\",\"@id\":\"https:\/\/aureum.adv.br\/inicio\/#\/schema\/person\/image\/\",\"url\":\"https:\/\/secure.gravatar.com\/avatar\/ec30cfb94570b842e7230a0fa0eaf2d45ab44f38f3165e80cf8f0311e64d4bd6?s=96&d=mm&r=g\",\"contentUrl\":\"https:\/\/secure.gravatar.com\/avatar\/ec30cfb94570b842e7230a0fa0eaf2d45ab44f38f3165e80cf8f0311e64d4bd6?s=96&d=mm&r=g\",\"caption\":\"bruna\"},\"url\":\"https:\/\/aureum.adv.br\/inicio\/author\/bruna\/\"}]}<\/script>\n<!-- \/ Yoast SEO plugin. -->","yoast_head_json":{"title":"Idoso pode receber benef\u00edcio assistencial? Descubra! - Aureum Advocacia","robots":{"index":"index","follow":"follow","max-snippet":"max-snippet:-1","max-image-preview":"max-image-preview:large","max-video-preview":"max-video-preview:-1"},"canonical":"https:\/\/aureum.adv.br\/inicio\/2024\/03\/12\/elementor-5822\/","og_locale":"pt_BR","og_type":"article","og_title":"Idoso pode receber benef\u00edcio assistencial? Descubra! - Aureum Advocacia","og_description":"O Benef\u00edcio de Presta\u00e7\u00e3o Continuada (BPC) visa enfrentar a pobreza e garantir a prote\u00e7\u00e3o social, baseando-se no princ\u00edpio da dignidade da pessoa humana. Vamos entender! Ele \u00e9 destinado \u00e0 pessoa idosa com 65 anos ou mais que n\u00e3o possui meios para prover a pr\u00f3pria manuten\u00e7\u00e3o, nem t\u00ea-la provida por sua fam\u00edlia. A garantia \u00e9 de 1 sal\u00e1rio m\u00ednimo, sendo necess\u00e1rio que a renda familiar seja igual ou inferior a um quarto do sal\u00e1rio m\u00ednimo para cada membro familiar que vive com o requerente do benef\u00edcio. Ele tamb\u00e9m pode ser concedido a mais de uma pessoa do mesmo grupo familiar. Uma vez que j\u00e1 concedido a qualquer membro da fam\u00edlia, n\u00e3o ser\u00e1 computado para os fins do c\u00e1lculo da&hellip;","og_url":"https:\/\/aureum.adv.br\/inicio\/2024\/03\/12\/elementor-5822\/","og_site_name":"Aureum Advocacia","article_publisher":"https:\/\/www.facebook.com\/aureumadvocacia","article_published_time":"2024-03-12T11:59:28+00:00","article_modified_time":"2024-03-12T12:00:26+00:00","og_image":[{"width":581,"height":581,"url":"https:\/\/aureum.adv.br\/inicio\/wp-content\/uploads\/2024\/03\/Idoso.png","type":"image\/png"}],"author":"bruna","twitter_card":"summary_large_image","twitter_misc":{"Escrito por":"bruna","Est. tempo de leitura":"2 minutos"},"schema":{"@context":"https:\/\/schema.org","@graph":[{"@type":"Article","@id":"https:\/\/aureum.adv.br\/inicio\/2024\/03\/12\/elementor-5822\/#article","isPartOf":{"@id":"https:\/\/aureum.adv.br\/inicio\/2024\/03\/12\/elementor-5822\/"},"author":{"name":"bruna","@id":"https:\/\/aureum.adv.br\/inicio\/#\/schema\/person\/bfa138bad3521ed6353a3e13d986baf0"},"headline":"Idoso pode receber benef\u00edcio assistencial? Descubra!","datePublished":"2024-03-12T11:59:28+00:00","dateModified":"2024-03-12T12:00:26+00:00","mainEntityOfPage":{"@id":"https:\/\/aureum.adv.br\/inicio\/2024\/03\/12\/elementor-5822\/"},"wordCount":223,"commentCount":0,"publisher":{"@id":"https:\/\/aureum.adv.br\/inicio\/#organization"},"image":{"@id":"https:\/\/aureum.adv.br\/inicio\/2024\/03\/12\/elementor-5822\/#primaryimage"},"thumbnailUrl":"https:\/\/aureum.adv.br\/inicio\/wp-content\/uploads\/2024\/03\/Idoso.png","articleSection":["Uncategorized"],"inLanguage":"pt-BR","potentialAction":[{"@type":"CommentAction","name":"Comment","target":["https:\/\/aureum.adv.br\/inicio\/2024\/03\/12\/elementor-5822\/#respond"]}]},{"@type":"WebPage","@id":"https:\/\/aureum.adv.br\/inicio\/2024\/03\/12\/elementor-5822\/","url":"https:\/\/aureum.adv.br\/inicio\/2024\/03\/12\/elementor-5822\/","name":"Idoso pode receber benef\u00edcio assistencial? Descubra! - Aureum Advocacia","isPartOf":{"@id":"https:\/\/aureum.adv.br\/inicio\/#website"},"primaryImageOfPage":{"@id":"https:\/\/aureum.adv.br\/inicio\/2024\/03\/12\/elementor-5822\/#primaryimage"},"image":{"@id":"https:\/\/aureum.adv.br\/inicio\/2024\/03\/12\/elementor-5822\/#primaryimage"},"thumbnailUrl":"https:\/\/aureum.adv.br\/inicio\/wp-content\/uploads\/2024\/03\/Idoso.png","datePublished":"2024-03-12T11:59:28+00:00","dateModified":"2024-03-12T12:00:26+00:00","breadcrumb":{"@id":"https:\/\/aureum.adv.br\/inicio\/2024\/03\/12\/elementor-5822\/#breadcrumb"},"inLanguage":"pt-BR","potentialAction":[{"@type":"ReadAction","target":["https:\/\/aureum.adv.br\/inicio\/2024\/03\/12\/elementor-5822\/"]}]},{"@type":"ImageObject","inLanguage":"pt-BR","@id":"https:\/\/aureum.adv.br\/inicio\/2024\/03\/12\/elementor-5822\/#primaryimage","url":"https:\/\/aureum.adv.br\/inicio\/wp-content\/uploads\/2024\/03\/Idoso.png","contentUrl":"https:\/\/aureum.adv.br\/inicio\/wp-content\/uploads\/2024\/03\/Idoso.png","width":581,"height":581},{"@type":"BreadcrumbList","@id":"https:\/\/aureum.adv.br\/inicio\/2024\/03\/12\/elementor-5822\/#breadcrumb","itemListElement":[{"@type":"ListItem","position":1,"name":"In\u00edcio","item":"https:\/\/aureum.adv.br\/inicio\/"},{"@type":"ListItem","position":2,"name":"Idoso pode receber benef\u00edcio assistencial? Descubra!"}]},{"@type":"WebSite","@id":"https:\/\/aureum.adv.br\/inicio\/#website","url":"https:\/\/aureum.adv.br\/inicio\/","name":"Aureum Advocacia","description":"Aureum Advocacia Tribut\u00e1ria","publisher":{"@id":"https:\/\/aureum.adv.br\/inicio\/#organization"},"potentialAction":[{"@type":"SearchAction","target":{"@type":"EntryPoint","urlTemplate":"https:\/\/aureum.adv.br\/inicio\/?s={search_term_string}"},"query-input":{"@type":"PropertyValueSpecification","valueRequired":true,"valueName":"search_term_string"}}],"inLanguage":"pt-BR"},{"@type":"Organization","@id":"https:\/\/aureum.adv.br\/inicio\/#organization","name":"Aureum","url":"https:\/\/aureum.adv.br\/inicio\/","logo":{"@type":"ImageObject","inLanguage":"pt-BR","@id":"https:\/\/aureum.adv.br\/inicio\/#\/schema\/logo\/image\/","url":"https:\/\/aureum.adv.br\/inicio\/wp-content\/uploads\/2020\/04\/logo_com-fundo.png","contentUrl":"https:\/\/aureum.adv.br\/inicio\/wp-content\/uploads\/2020\/04\/logo_com-fundo.png","width":1080,"height":1400,"caption":"Aureum"},"image":{"@id":"https:\/\/aureum.adv.br\/inicio\/#\/schema\/logo\/image\/"},"sameAs":["https:\/\/www.facebook.com\/aureumadvocacia","https:\/\/br.linkedin.com\/company\/aureum-advocacia"]},{"@type":"Person","@id":"https:\/\/aureum.adv.br\/inicio\/#\/schema\/person\/bfa138bad3521ed6353a3e13d986baf0","name":"bruna","image":{"@type":"ImageObject","inLanguage":"pt-BR","@id":"https:\/\/aureum.adv.br\/inicio\/#\/schema\/person\/image\/","url":"https:\/\/secure.gravatar.com\/avatar\/ec30cfb94570b842e7230a0fa0eaf2d45ab44f38f3165e80cf8f0311e64d4bd6?s=96&d=mm&r=g","contentUrl":"https:\/\/secure.gravatar.com\/avatar\/ec30cfb94570b842e7230a0fa0eaf2d45ab44f38f3165e80cf8f0311e64d4bd6?s=96&d=mm&r=g","caption":"bruna"},"url":"https:\/\/aureum.adv.br\/inicio\/author\/bruna\/"}]}},"_links":{"self":[{"href":"https:\/\/aureum.adv.br\/inicio\/wp-json\/wp\/v2\/posts\/5822","targetHints":{"allow":["GET"]}}],"collection":[{"href":"https:\/\/aureum.adv.br\/inicio\/wp-json\/wp\/v2\/posts"}],"about":[{"href":"https:\/\/aureum.adv.br\/inicio\/wp-json\/wp\/v2\/types\/post"}],"author":[{"embeddable":true,"href":"https:\/\/aureum.adv.br\/inicio\/wp-json\/wp\/v2\/users\/2"}],"replies":[{"embeddable":true,"href":"https:\/\/aureum.adv.br\/inicio\/wp-json\/wp\/v2\/comments?post=5822"}],"version-history":[{"count":4,"href":"https:\/\/aureum.adv.br\/inicio\/wp-json\/wp\/v2\/posts\/5822\/revisions"}],"predecessor-version":[{"id":5827,"href":"https:\/\/aureum.adv.br\/inicio\/wp-json\/wp\/v2\/posts\/5822\/revisions\/5827"}],"wp:featuredmedia":[{"embeddable":true,"href":"https:\/\/aureum.adv.br\/inicio\/wp-json\/wp\/v2\/media\/5824"}],"wp:attachment":[{"href":"https:\/\/aureum.adv.br\/inicio\/wp-json\/wp\/v2\/media?parent=5822"}],"wp:term":[{"taxonomy":"category","embeddable":true,"href":"https:\/\/aureum.adv.br\/inicio\/wp-json\/wp\/v2\/categories?post=5822"},{"taxonomy":"post_tag","embeddable":true,"href":"https:\/\/aureum.adv.br\/inicio\/wp-json\/wp\/v2\/tags?post=5822"}],"curies":[{"name":"wp","href":"https:\/\/api.w.org\/{rel}","templated":true}]}}