{"id":5816,"date":"2024-03-12T08:56:25","date_gmt":"2024-03-12T11:56:25","guid":{"rendered":"https:\/\/aureum.adv.br\/inicio\/?p=5816"},"modified":"2024-03-12T08:57:41","modified_gmt":"2024-03-12T11:57:41","slug":"elementor-5816","status":"publish","type":"post","link":"https:\/\/aureum.adv.br\/inicio\/2024\/03\/12\/elementor-5816\/","title":{"rendered":"Idoso pode receber benef\u00edcio assistencial? Descubra!"},"content":{"rendered":"\t\t<div data-elementor-type=\"wp-post\" data-elementor-id=\"5816\" class=\"elementor elementor-5816\">\n\t\t\t\t\t\t<section class=\"elementor-section elementor-top-section elementor-element elementor-element-7e6957c elementor-section-boxed elementor-section-height-default elementor-section-height-default\" data-id=\"7e6957c\" data-element_type=\"section\">\n\t\t\t\t\t\t<div class=\"elementor-container elementor-column-gap-default\">\n\t\t\t\t\t<div class=\"elementor-column elementor-col-100 elementor-top-column elementor-element elementor-element-7450165\" data-id=\"7450165\" data-element_type=\"column\">\n\t\t\t<div class=\"elementor-widget-wrap elementor-element-populated\">\n\t\t\t\t\t\t<div class=\"elementor-element elementor-element-d24f16c elementor-widget elementor-widget-text-editor\" data-id=\"d24f16c\" data-element_type=\"widget\" data-widget_type=\"text-editor.default\">\n\t\t\t\t<div class=\"elementor-widget-container\">\n\t\t\t\t\t\t\t\t\t<p style=\"text-align: justify;\"><span>O Benef\u00edcio de Presta\u00e7\u00e3o Continuada (BPC) \u00e9 um benef\u00edcio assistencial pago ao idoso e \u00e0 pessoa com defici\u00eancia que n\u00e3o t\u00eam meios de se sustentar.<\/span><br \/><br \/><span>O Bolsa fam\u00edlia faz parte de um Programa Federal de transfer\u00eancia de renda com objetivo de combater a pobreza e a fome no Brasil.<\/span><br \/><br \/><span>Se a fam\u00edlia j\u00e1 recebe o Bolsa Fam\u00edlia, esse valor n\u00e3o entra no c\u00e1lculo da renda per capita para ter direito ao BPC.<\/span><br \/><br \/><span>Nessa situa\u00e7\u00e3o, \u00e9 poss\u00edvel acumular os benef\u00edcios sem maiores complica\u00e7\u00f5es.<\/span><br \/><br \/><span>No entanto, se algum membro do grupo familiar recebe BPC, o valor entra no c\u00e1lculo da renda para acesso ao Bolsa Fam\u00edlia, e o direito aos dois benef\u00edcios vai depender da composi\u00e7\u00e3o da renda do grupo familiar.<\/span><br \/><br \/><span>Ficou com alguma d\u00favida? Entre em contato com um advogado especialista na \u00e1rea previdenci\u00e1ria!<\/span><\/p>\t\t\t\t\t\t\t\t<\/div>\n\t\t\t\t<\/div>\n\t\t\t\t\t<\/div>\n\t\t<\/div>\n\t\t\t\t\t<\/div>\n\t\t<\/section>\n\t\t\t\t<\/div>\n\t\t","protected":false},"excerpt":{"rendered":"<p>O Benef\u00edcio de Presta\u00e7\u00e3o Continuada (BPC) \u00e9 um benef\u00edcio assistencial pago ao idoso e \u00e0 pessoa com defici\u00eancia que n\u00e3o t\u00eam meios de se sustentar. O Bolsa fam\u00edlia faz parte de um Programa Federal de transfer\u00eancia de renda com objetivo de combater a pobreza e a fome no Brasil. Se a fam\u00edlia j\u00e1 recebe o Bolsa Fam\u00edlia, esse valor n\u00e3o entra no c\u00e1lculo da renda per capita para ter direito ao BPC. Nessa situa\u00e7\u00e3o, \u00e9 poss\u00edvel acumular os benef\u00edcios sem maiores complica\u00e7\u00f5es. No entanto, se algum membro do grupo familiar recebe BPC, o valor entra no c\u00e1lculo da renda para acesso ao Bolsa Fam\u00edlia, e o direito aos dois benef\u00edcios vai depender da composi\u00e7\u00e3o da renda do grupo&hellip;<\/p>\n","protected":false},"author":2,"featured_media":5818,"comment_status":"open","ping_status":"open","sticky":false,"template":"","format":"standard","meta":{"footnotes":""},"categories":[1],"tags":[],"class_list":["post-5816","post","type-post","status-publish","format-standard","has-post-thumbnail","hentry","category-uncategorized"],"yoast_head":"<!-- This site is optimized with the Yoast SEO plugin v26.9 - https:\/\/yoast.com\/product\/yoast-seo-wordpress\/ -->\n<title>Idoso pode receber benef\u00edcio assistencial? Descubra! - Aureum Advocacia<\/title>\n<meta name=\"robots\" content=\"index, follow, max-snippet:-1, max-image-preview:large, max-video-preview:-1\" \/>\n<link rel=\"canonical\" href=\"https:\/\/aureum.adv.br\/inicio\/2024\/03\/12\/elementor-5816\/\" \/>\n<meta property=\"og:locale\" content=\"pt_BR\" \/>\n<meta property=\"og:type\" content=\"article\" \/>\n<meta property=\"og:title\" content=\"Idoso pode receber benef\u00edcio assistencial? Descubra! - Aureum Advocacia\" \/>\n<meta property=\"og:description\" content=\"O Benef\u00edcio de Presta\u00e7\u00e3o Continuada (BPC) \u00e9 um benef\u00edcio assistencial pago ao idoso e \u00e0 pessoa com defici\u00eancia que n\u00e3o t\u00eam meios de se sustentar. O Bolsa fam\u00edlia faz parte de um Programa Federal de transfer\u00eancia de renda com objetivo de combater a pobreza e a fome no Brasil. Se a fam\u00edlia j\u00e1 recebe o Bolsa Fam\u00edlia, esse valor n\u00e3o entra no c\u00e1lculo da renda per capita para ter direito ao BPC. Nessa situa\u00e7\u00e3o, \u00e9 poss\u00edvel acumular os benef\u00edcios sem maiores complica\u00e7\u00f5es. No entanto, se algum membro do grupo familiar recebe BPC, o valor entra no c\u00e1lculo da renda para acesso ao Bolsa Fam\u00edlia, e o direito aos dois benef\u00edcios vai depender da composi\u00e7\u00e3o da renda do grupo&hellip;\" \/>\n<meta property=\"og:url\" content=\"https:\/\/aureum.adv.br\/inicio\/2024\/03\/12\/elementor-5816\/\" \/>\n<meta property=\"og:site_name\" content=\"Aureum Advocacia\" \/>\n<meta property=\"article:publisher\" content=\"https:\/\/www.facebook.com\/aureumadvocacia\" \/>\n<meta property=\"article:published_time\" content=\"2024-03-12T11:56:25+00:00\" \/>\n<meta property=\"article:modified_time\" content=\"2024-03-12T11:57:41+00:00\" \/>\n<meta property=\"og:image\" content=\"https:\/\/aureum.adv.br\/inicio\/wp-content\/uploads\/2024\/03\/BPC.png\" \/>\n\t<meta property=\"og:image:width\" content=\"584\" \/>\n\t<meta property=\"og:image:height\" content=\"583\" \/>\n\t<meta property=\"og:image:type\" content=\"image\/png\" \/>\n<meta name=\"author\" content=\"bruna\" \/>\n<meta name=\"twitter:card\" content=\"summary_large_image\" \/>\n<meta name=\"twitter:label1\" content=\"Escrito por\" \/>\n\t<meta name=\"twitter:data1\" content=\"bruna\" \/>\n\t<meta name=\"twitter:label2\" content=\"Est. tempo de leitura\" \/>\n\t<meta name=\"twitter:data2\" content=\"1 minuto\" \/>\n<script type=\"application\/ld+json\" class=\"yoast-schema-graph\">{\"@context\":\"https:\/\/schema.org\",\"@graph\":[{\"@type\":\"Article\",\"@id\":\"https:\/\/aureum.adv.br\/inicio\/2024\/03\/12\/elementor-5816\/#article\",\"isPartOf\":{\"@id\":\"https:\/\/aureum.adv.br\/inicio\/2024\/03\/12\/elementor-5816\/\"},\"author\":{\"name\":\"bruna\",\"@id\":\"https:\/\/aureum.adv.br\/inicio\/#\/schema\/person\/bfa138bad3521ed6353a3e13d986baf0\"},\"headline\":\"Idoso pode receber benef\u00edcio assistencial? Descubra!\",\"datePublished\":\"2024-03-12T11:56:25+00:00\",\"dateModified\":\"2024-03-12T11:57:41+00:00\",\"mainEntityOfPage\":{\"@id\":\"https:\/\/aureum.adv.br\/inicio\/2024\/03\/12\/elementor-5816\/\"},\"wordCount\":159,\"commentCount\":0,\"publisher\":{\"@id\":\"https:\/\/aureum.adv.br\/inicio\/#organization\"},\"image\":{\"@id\":\"https:\/\/aureum.adv.br\/inicio\/2024\/03\/12\/elementor-5816\/#primaryimage\"},\"thumbnailUrl\":\"https:\/\/aureum.adv.br\/inicio\/wp-content\/uploads\/2024\/03\/BPC.png\",\"articleSection\":[\"Uncategorized\"],\"inLanguage\":\"pt-BR\",\"potentialAction\":[{\"@type\":\"CommentAction\",\"name\":\"Comment\",\"target\":[\"https:\/\/aureum.adv.br\/inicio\/2024\/03\/12\/elementor-5816\/#respond\"]}]},{\"@type\":\"WebPage\",\"@id\":\"https:\/\/aureum.adv.br\/inicio\/2024\/03\/12\/elementor-5816\/\",\"url\":\"https:\/\/aureum.adv.br\/inicio\/2024\/03\/12\/elementor-5816\/\",\"name\":\"Idoso pode receber benef\u00edcio assistencial? Descubra! - Aureum Advocacia\",\"isPartOf\":{\"@id\":\"https:\/\/aureum.adv.br\/inicio\/#website\"},\"primaryImageOfPage\":{\"@id\":\"https:\/\/aureum.adv.br\/inicio\/2024\/03\/12\/elementor-5816\/#primaryimage\"},\"image\":{\"@id\":\"https:\/\/aureum.adv.br\/inicio\/2024\/03\/12\/elementor-5816\/#primaryimage\"},\"thumbnailUrl\":\"https:\/\/aureum.adv.br\/inicio\/wp-content\/uploads\/2024\/03\/BPC.png\",\"datePublished\":\"2024-03-12T11:56:25+00:00\",\"dateModified\":\"2024-03-12T11:57:41+00:00\",\"breadcrumb\":{\"@id\":\"https:\/\/aureum.adv.br\/inicio\/2024\/03\/12\/elementor-5816\/#breadcrumb\"},\"inLanguage\":\"pt-BR\",\"potentialAction\":[{\"@type\":\"ReadAction\",\"target\":[\"https:\/\/aureum.adv.br\/inicio\/2024\/03\/12\/elementor-5816\/\"]}]},{\"@type\":\"ImageObject\",\"inLanguage\":\"pt-BR\",\"@id\":\"https:\/\/aureum.adv.br\/inicio\/2024\/03\/12\/elementor-5816\/#primaryimage\",\"url\":\"https:\/\/aureum.adv.br\/inicio\/wp-content\/uploads\/2024\/03\/BPC.png\",\"contentUrl\":\"https:\/\/aureum.adv.br\/inicio\/wp-content\/uploads\/2024\/03\/BPC.png\",\"width\":584,\"height\":583},{\"@type\":\"BreadcrumbList\",\"@id\":\"https:\/\/aureum.adv.br\/inicio\/2024\/03\/12\/elementor-5816\/#breadcrumb\",\"itemListElement\":[{\"@type\":\"ListItem\",\"position\":1,\"name\":\"In\u00edcio\",\"item\":\"https:\/\/aureum.adv.br\/inicio\/\"},{\"@type\":\"ListItem\",\"position\":2,\"name\":\"Idoso pode receber benef\u00edcio assistencial? Descubra!\"}]},{\"@type\":\"WebSite\",\"@id\":\"https:\/\/aureum.adv.br\/inicio\/#website\",\"url\":\"https:\/\/aureum.adv.br\/inicio\/\",\"name\":\"Aureum Advocacia\",\"description\":\"Aureum Advocacia Tribut\u00e1ria\",\"publisher\":{\"@id\":\"https:\/\/aureum.adv.br\/inicio\/#organization\"},\"potentialAction\":[{\"@type\":\"SearchAction\",\"target\":{\"@type\":\"EntryPoint\",\"urlTemplate\":\"https:\/\/aureum.adv.br\/inicio\/?s={search_term_string}\"},\"query-input\":{\"@type\":\"PropertyValueSpecification\",\"valueRequired\":true,\"valueName\":\"search_term_string\"}}],\"inLanguage\":\"pt-BR\"},{\"@type\":\"Organization\",\"@id\":\"https:\/\/aureum.adv.br\/inicio\/#organization\",\"name\":\"Aureum\",\"url\":\"https:\/\/aureum.adv.br\/inicio\/\",\"logo\":{\"@type\":\"ImageObject\",\"inLanguage\":\"pt-BR\",\"@id\":\"https:\/\/aureum.adv.br\/inicio\/#\/schema\/logo\/image\/\",\"url\":\"https:\/\/aureum.adv.br\/inicio\/wp-content\/uploads\/2020\/04\/logo_com-fundo.png\",\"contentUrl\":\"https:\/\/aureum.adv.br\/inicio\/wp-content\/uploads\/2020\/04\/logo_com-fundo.png\",\"width\":1080,\"height\":1400,\"caption\":\"Aureum\"},\"image\":{\"@id\":\"https:\/\/aureum.adv.br\/inicio\/#\/schema\/logo\/image\/\"},\"sameAs\":[\"https:\/\/www.facebook.com\/aureumadvocacia\",\"https:\/\/br.linkedin.com\/company\/aureum-advocacia\"]},{\"@type\":\"Person\",\"@id\":\"https:\/\/aureum.adv.br\/inicio\/#\/schema\/person\/bfa138bad3521ed6353a3e13d986baf0\",\"name\":\"bruna\",\"image\":{\"@type\":\"ImageObject\",\"inLanguage\":\"pt-BR\",\"@id\":\"https:\/\/aureum.adv.br\/inicio\/#\/schema\/person\/image\/\",\"url\":\"https:\/\/secure.gravatar.com\/avatar\/ec30cfb94570b842e7230a0fa0eaf2d45ab44f38f3165e80cf8f0311e64d4bd6?s=96&d=mm&r=g\",\"contentUrl\":\"https:\/\/secure.gravatar.com\/avatar\/ec30cfb94570b842e7230a0fa0eaf2d45ab44f38f3165e80cf8f0311e64d4bd6?s=96&d=mm&r=g\",\"caption\":\"bruna\"},\"url\":\"https:\/\/aureum.adv.br\/inicio\/author\/bruna\/\"}]}<\/script>\n<!-- \/ Yoast SEO plugin. -->","yoast_head_json":{"title":"Idoso pode receber benef\u00edcio assistencial? Descubra! - Aureum Advocacia","robots":{"index":"index","follow":"follow","max-snippet":"max-snippet:-1","max-image-preview":"max-image-preview:large","max-video-preview":"max-video-preview:-1"},"canonical":"https:\/\/aureum.adv.br\/inicio\/2024\/03\/12\/elementor-5816\/","og_locale":"pt_BR","og_type":"article","og_title":"Idoso pode receber benef\u00edcio assistencial? Descubra! - Aureum Advocacia","og_description":"O Benef\u00edcio de Presta\u00e7\u00e3o Continuada (BPC) \u00e9 um benef\u00edcio assistencial pago ao idoso e \u00e0 pessoa com defici\u00eancia que n\u00e3o t\u00eam meios de se sustentar. O Bolsa fam\u00edlia faz parte de um Programa Federal de transfer\u00eancia de renda com objetivo de combater a pobreza e a fome no Brasil. Se a fam\u00edlia j\u00e1 recebe o Bolsa Fam\u00edlia, esse valor n\u00e3o entra no c\u00e1lculo da renda per capita para ter direito ao BPC. Nessa situa\u00e7\u00e3o, \u00e9 poss\u00edvel acumular os benef\u00edcios sem maiores complica\u00e7\u00f5es. No entanto, se algum membro do grupo familiar recebe BPC, o valor entra no c\u00e1lculo da renda para acesso ao Bolsa Fam\u00edlia, e o direito aos dois benef\u00edcios vai depender da composi\u00e7\u00e3o da renda do grupo&hellip;","og_url":"https:\/\/aureum.adv.br\/inicio\/2024\/03\/12\/elementor-5816\/","og_site_name":"Aureum Advocacia","article_publisher":"https:\/\/www.facebook.com\/aureumadvocacia","article_published_time":"2024-03-12T11:56:25+00:00","article_modified_time":"2024-03-12T11:57:41+00:00","og_image":[{"width":584,"height":583,"url":"https:\/\/aureum.adv.br\/inicio\/wp-content\/uploads\/2024\/03\/BPC.png","type":"image\/png"}],"author":"bruna","twitter_card":"summary_large_image","twitter_misc":{"Escrito por":"bruna","Est. tempo de leitura":"1 minuto"},"schema":{"@context":"https:\/\/schema.org","@graph":[{"@type":"Article","@id":"https:\/\/aureum.adv.br\/inicio\/2024\/03\/12\/elementor-5816\/#article","isPartOf":{"@id":"https:\/\/aureum.adv.br\/inicio\/2024\/03\/12\/elementor-5816\/"},"author":{"name":"bruna","@id":"https:\/\/aureum.adv.br\/inicio\/#\/schema\/person\/bfa138bad3521ed6353a3e13d986baf0"},"headline":"Idoso pode receber benef\u00edcio assistencial? Descubra!","datePublished":"2024-03-12T11:56:25+00:00","dateModified":"2024-03-12T11:57:41+00:00","mainEntityOfPage":{"@id":"https:\/\/aureum.adv.br\/inicio\/2024\/03\/12\/elementor-5816\/"},"wordCount":159,"commentCount":0,"publisher":{"@id":"https:\/\/aureum.adv.br\/inicio\/#organization"},"image":{"@id":"https:\/\/aureum.adv.br\/inicio\/2024\/03\/12\/elementor-5816\/#primaryimage"},"thumbnailUrl":"https:\/\/aureum.adv.br\/inicio\/wp-content\/uploads\/2024\/03\/BPC.png","articleSection":["Uncategorized"],"inLanguage":"pt-BR","potentialAction":[{"@type":"CommentAction","name":"Comment","target":["https:\/\/aureum.adv.br\/inicio\/2024\/03\/12\/elementor-5816\/#respond"]}]},{"@type":"WebPage","@id":"https:\/\/aureum.adv.br\/inicio\/2024\/03\/12\/elementor-5816\/","url":"https:\/\/aureum.adv.br\/inicio\/2024\/03\/12\/elementor-5816\/","name":"Idoso pode receber benef\u00edcio assistencial? Descubra! - Aureum Advocacia","isPartOf":{"@id":"https:\/\/aureum.adv.br\/inicio\/#website"},"primaryImageOfPage":{"@id":"https:\/\/aureum.adv.br\/inicio\/2024\/03\/12\/elementor-5816\/#primaryimage"},"image":{"@id":"https:\/\/aureum.adv.br\/inicio\/2024\/03\/12\/elementor-5816\/#primaryimage"},"thumbnailUrl":"https:\/\/aureum.adv.br\/inicio\/wp-content\/uploads\/2024\/03\/BPC.png","datePublished":"2024-03-12T11:56:25+00:00","dateModified":"2024-03-12T11:57:41+00:00","breadcrumb":{"@id":"https:\/\/aureum.adv.br\/inicio\/2024\/03\/12\/elementor-5816\/#breadcrumb"},"inLanguage":"pt-BR","potentialAction":[{"@type":"ReadAction","target":["https:\/\/aureum.adv.br\/inicio\/2024\/03\/12\/elementor-5816\/"]}]},{"@type":"ImageObject","inLanguage":"pt-BR","@id":"https:\/\/aureum.adv.br\/inicio\/2024\/03\/12\/elementor-5816\/#primaryimage","url":"https:\/\/aureum.adv.br\/inicio\/wp-content\/uploads\/2024\/03\/BPC.png","contentUrl":"https:\/\/aureum.adv.br\/inicio\/wp-content\/uploads\/2024\/03\/BPC.png","width":584,"height":583},{"@type":"BreadcrumbList","@id":"https:\/\/aureum.adv.br\/inicio\/2024\/03\/12\/elementor-5816\/#breadcrumb","itemListElement":[{"@type":"ListItem","position":1,"name":"In\u00edcio","item":"https:\/\/aureum.adv.br\/inicio\/"},{"@type":"ListItem","position":2,"name":"Idoso pode receber benef\u00edcio assistencial? Descubra!"}]},{"@type":"WebSite","@id":"https:\/\/aureum.adv.br\/inicio\/#website","url":"https:\/\/aureum.adv.br\/inicio\/","name":"Aureum Advocacia","description":"Aureum Advocacia Tribut\u00e1ria","publisher":{"@id":"https:\/\/aureum.adv.br\/inicio\/#organization"},"potentialAction":[{"@type":"SearchAction","target":{"@type":"EntryPoint","urlTemplate":"https:\/\/aureum.adv.br\/inicio\/?s={search_term_string}"},"query-input":{"@type":"PropertyValueSpecification","valueRequired":true,"valueName":"search_term_string"}}],"inLanguage":"pt-BR"},{"@type":"Organization","@id":"https:\/\/aureum.adv.br\/inicio\/#organization","name":"Aureum","url":"https:\/\/aureum.adv.br\/inicio\/","logo":{"@type":"ImageObject","inLanguage":"pt-BR","@id":"https:\/\/aureum.adv.br\/inicio\/#\/schema\/logo\/image\/","url":"https:\/\/aureum.adv.br\/inicio\/wp-content\/uploads\/2020\/04\/logo_com-fundo.png","contentUrl":"https:\/\/aureum.adv.br\/inicio\/wp-content\/uploads\/2020\/04\/logo_com-fundo.png","width":1080,"height":1400,"caption":"Aureum"},"image":{"@id":"https:\/\/aureum.adv.br\/inicio\/#\/schema\/logo\/image\/"},"sameAs":["https:\/\/www.facebook.com\/aureumadvocacia","https:\/\/br.linkedin.com\/company\/aureum-advocacia"]},{"@type":"Person","@id":"https:\/\/aureum.adv.br\/inicio\/#\/schema\/person\/bfa138bad3521ed6353a3e13d986baf0","name":"bruna","image":{"@type":"ImageObject","inLanguage":"pt-BR","@id":"https:\/\/aureum.adv.br\/inicio\/#\/schema\/person\/image\/","url":"https:\/\/secure.gravatar.com\/avatar\/ec30cfb94570b842e7230a0fa0eaf2d45ab44f38f3165e80cf8f0311e64d4bd6?s=96&d=mm&r=g","contentUrl":"https:\/\/secure.gravatar.com\/avatar\/ec30cfb94570b842e7230a0fa0eaf2d45ab44f38f3165e80cf8f0311e64d4bd6?s=96&d=mm&r=g","caption":"bruna"},"url":"https:\/\/aureum.adv.br\/inicio\/author\/bruna\/"}]}},"_links":{"self":[{"href":"https:\/\/aureum.adv.br\/inicio\/wp-json\/wp\/v2\/posts\/5816","targetHints":{"allow":["GET"]}}],"collection":[{"href":"https:\/\/aureum.adv.br\/inicio\/wp-json\/wp\/v2\/posts"}],"about":[{"href":"https:\/\/aureum.adv.br\/inicio\/wp-json\/wp\/v2\/types\/post"}],"author":[{"embeddable":true,"href":"https:\/\/aureum.adv.br\/inicio\/wp-json\/wp\/v2\/users\/2"}],"replies":[{"embeddable":true,"href":"https:\/\/aureum.adv.br\/inicio\/wp-json\/wp\/v2\/comments?post=5816"}],"version-history":[{"count":4,"href":"https:\/\/aureum.adv.br\/inicio\/wp-json\/wp\/v2\/posts\/5816\/revisions"}],"predecessor-version":[{"id":5821,"href":"https:\/\/aureum.adv.br\/inicio\/wp-json\/wp\/v2\/posts\/5816\/revisions\/5821"}],"wp:featuredmedia":[{"embeddable":true,"href":"https:\/\/aureum.adv.br\/inicio\/wp-json\/wp\/v2\/media\/5818"}],"wp:attachment":[{"href":"https:\/\/aureum.adv.br\/inicio\/wp-json\/wp\/v2\/media?parent=5816"}],"wp:term":[{"taxonomy":"category","embeddable":true,"href":"https:\/\/aureum.adv.br\/inicio\/wp-json\/wp\/v2\/categories?post=5816"},{"taxonomy":"post_tag","embeddable":true,"href":"https:\/\/aureum.adv.br\/inicio\/wp-json\/wp\/v2\/tags?post=5816"}],"curies":[{"name":"wp","href":"https:\/\/api.w.org\/{rel}","templated":true}]}}