{"id":5810,"date":"2024-03-08T17:42:10","date_gmt":"2024-03-08T20:42:10","guid":{"rendered":"https:\/\/aureum.adv.br\/inicio\/?p=5810"},"modified":"2024-03-08T17:43:55","modified_gmt":"2024-03-08T20:43:55","slug":"elementor-5810","status":"publish","type":"post","link":"https:\/\/aureum.adv.br\/inicio\/2024\/03\/08\/elementor-5810\/","title":{"rendered":"Perse: encerramento antecipado pode gerar nova \u2018onda\u2019 de judicializa\u00e7\u00e3o"},"content":{"rendered":"\t\t<div data-elementor-type=\"wp-post\" data-elementor-id=\"5810\" class=\"elementor elementor-5810\">\n\t\t\t\t\t\t<section class=\"elementor-section elementor-top-section elementor-element elementor-element-d88ab83 elementor-section-boxed elementor-section-height-default elementor-section-height-default\" data-id=\"d88ab83\" data-element_type=\"section\">\n\t\t\t\t\t\t<div class=\"elementor-container elementor-column-gap-default\">\n\t\t\t\t\t<div class=\"elementor-column elementor-col-100 elementor-top-column elementor-element elementor-element-b39e4b2\" data-id=\"b39e4b2\" data-element_type=\"column\">\n\t\t\t<div class=\"elementor-widget-wrap elementor-element-populated\">\n\t\t\t\t\t\t<div class=\"elementor-element elementor-element-dc8e0fb elementor-widget elementor-widget-text-editor\" data-id=\"dc8e0fb\" data-element_type=\"widget\" data-widget_type=\"text-editor.default\">\n\t\t\t\t<div class=\"elementor-widget-container\">\n\t\t\t\t\t\t\t\t\t<p style=\"text-align: justify;\"><span>Concebido inicialmente em 2021 para auxiliar o setor de eventos afetado pela pandemia, o Programa Emergencial de Retomada do Setor de Eventos (PERSE) sofreu diversas altera\u00e7\u00f5es desde sua cria\u00e7\u00e3o. Isso resultou em v\u00e1rias disputas legais, incluindo discuss\u00f5es como: a exig\u00eancia de cadastro pr\u00e9vio no Minist\u00e9rio do Turismo (CADASTUR) e a exclus\u00e3o de alguns setores do programa.<\/span><br \/><br \/><span>Nos \u00faltimos tempos o PERSE voltou a causar grande debate jur\u00eddico em raz\u00e3o da antecipa\u00e7\u00e3o de seu encerramento atrav\u00e9s da Medida Provis\u00f3ria n\u00ba 1202 de 28 de dezembro de 2023.<\/span><br \/><br \/><span>O cerne da discuss\u00e3o gira em torno da possibilidade de revogar isen\u00e7\u00f5es fiscais concedidas por prazo certo, conforme estabelece o C\u00f3digo Tribut\u00e1rio Nacional (CTN). No entanto, existem diverg\u00eancias sobre o enquadramento do Perse nesse crit\u00e9rio.<\/span><br \/><br \/><span>Alguns juristas contestam a aplica\u00e7\u00e3o do artigo 178 do CTN, sob o argumento de que o PERSE n\u00e3o envolve isen\u00e7\u00e3o, mas sim al\u00edquota zero, e n\u00e3o imp\u00f5e contrapartidas aos contribuintes.<\/span><br \/><br \/><span>Essa incerteza levou algumas empresas a buscarem liminares a fim de manter os benef\u00edcios fiscais at\u00e9 2027, enquanto outras optaram por pagar os tributos para buscarem a restitui\u00e7\u00e3o ap\u00f3s o tr\u00e2nsito em julgado.<\/span><br \/><br \/><span>Al\u00e9m das a\u00e7\u00f5es judiciais em curso, o tema da revoga\u00e7\u00e3o antecipada do Perse tamb\u00e9m est\u00e1 sob an\u00e1lise do Supremo Tribunal Federal (STF), atrav\u00e9s da ADI 7587 movida pelo Partido Novo, que questiona a constitucionalidade da MP 1202.<\/span><br \/><br \/><span>Para ficar por dentro de todas as novidades tribut\u00e1rias, siga-nos em nossas redes sociais ou consulte um de nossos especialistas.<\/span><\/p>\t\t\t\t\t\t\t\t<\/div>\n\t\t\t\t<\/div>\n\t\t\t\t\t<\/div>\n\t\t<\/div>\n\t\t\t\t\t<\/div>\n\t\t<\/section>\n\t\t\t\t<\/div>\n\t\t","protected":false},"excerpt":{"rendered":"<p>Concebido inicialmente em 2021 para auxiliar o setor de eventos afetado pela pandemia, o Programa Emergencial de Retomada do Setor de Eventos (PERSE) sofreu diversas altera\u00e7\u00f5es desde sua cria\u00e7\u00e3o. Isso resultou em v\u00e1rias disputas legais, incluindo discuss\u00f5es como: a exig\u00eancia de cadastro pr\u00e9vio no Minist\u00e9rio do Turismo (CADASTUR) e a exclus\u00e3o de alguns setores do programa. Nos \u00faltimos tempos o PERSE voltou a causar grande debate jur\u00eddico em raz\u00e3o da antecipa\u00e7\u00e3o de seu encerramento atrav\u00e9s da Medida Provis\u00f3ria n\u00ba 1202 de 28 de dezembro de 2023. O cerne da discuss\u00e3o gira em torno da possibilidade de revogar isen\u00e7\u00f5es fiscais concedidas por prazo certo, conforme estabelece o C\u00f3digo Tribut\u00e1rio Nacional (CTN). No entanto, existem diverg\u00eancias sobre o enquadramento do&hellip;<\/p>\n","protected":false},"author":2,"featured_media":5812,"comment_status":"open","ping_status":"open","sticky":false,"template":"","format":"standard","meta":{"footnotes":""},"categories":[1],"tags":[],"class_list":["post-5810","post","type-post","status-publish","format-standard","has-post-thumbnail","hentry","category-uncategorized"],"yoast_head":"<!-- This site is optimized with the Yoast SEO plugin v26.9 - https:\/\/yoast.com\/product\/yoast-seo-wordpress\/ -->\n<title>Perse: encerramento antecipado pode gerar nova \u2018onda\u2019 de judicializa\u00e7\u00e3o - Aureum Advocacia<\/title>\n<meta name=\"robots\" content=\"index, follow, max-snippet:-1, max-image-preview:large, max-video-preview:-1\" \/>\n<link rel=\"canonical\" href=\"https:\/\/aureum.adv.br\/inicio\/2024\/03\/08\/elementor-5810\/\" \/>\n<meta property=\"og:locale\" content=\"pt_BR\" \/>\n<meta property=\"og:type\" content=\"article\" \/>\n<meta property=\"og:title\" content=\"Perse: encerramento antecipado pode gerar nova \u2018onda\u2019 de judicializa\u00e7\u00e3o - Aureum Advocacia\" \/>\n<meta property=\"og:description\" content=\"Concebido inicialmente em 2021 para auxiliar o setor de eventos afetado pela pandemia, o Programa Emergencial de Retomada do Setor de Eventos (PERSE) sofreu diversas altera\u00e7\u00f5es desde sua cria\u00e7\u00e3o. Isso resultou em v\u00e1rias disputas legais, incluindo discuss\u00f5es como: a exig\u00eancia de cadastro pr\u00e9vio no Minist\u00e9rio do Turismo (CADASTUR) e a exclus\u00e3o de alguns setores do programa. Nos \u00faltimos tempos o PERSE voltou a causar grande debate jur\u00eddico em raz\u00e3o da antecipa\u00e7\u00e3o de seu encerramento atrav\u00e9s da Medida Provis\u00f3ria n\u00ba 1202 de 28 de dezembro de 2023. O cerne da discuss\u00e3o gira em torno da possibilidade de revogar isen\u00e7\u00f5es fiscais concedidas por prazo certo, conforme estabelece o C\u00f3digo Tribut\u00e1rio Nacional (CTN). No entanto, existem diverg\u00eancias sobre o enquadramento do&hellip;\" \/>\n<meta property=\"og:url\" content=\"https:\/\/aureum.adv.br\/inicio\/2024\/03\/08\/elementor-5810\/\" \/>\n<meta property=\"og:site_name\" content=\"Aureum Advocacia\" \/>\n<meta property=\"article:publisher\" content=\"https:\/\/www.facebook.com\/aureumadvocacia\" \/>\n<meta property=\"article:published_time\" content=\"2024-03-08T20:42:10+00:00\" \/>\n<meta property=\"article:modified_time\" content=\"2024-03-08T20:43:55+00:00\" \/>\n<meta property=\"og:image\" content=\"https:\/\/aureum.adv.br\/inicio\/wp-content\/uploads\/2024\/03\/POSTS-e-NEWS-30.jpg\" \/>\n\t<meta property=\"og:image:width\" content=\"1080\" \/>\n\t<meta property=\"og:image:height\" content=\"1080\" \/>\n\t<meta property=\"og:image:type\" content=\"image\/jpeg\" \/>\n<meta name=\"author\" content=\"bruna\" \/>\n<meta name=\"twitter:card\" content=\"summary_large_image\" \/>\n<meta name=\"twitter:label1\" content=\"Escrito por\" \/>\n\t<meta name=\"twitter:data1\" content=\"bruna\" \/>\n\t<meta name=\"twitter:label2\" content=\"Est. tempo de leitura\" \/>\n\t<meta name=\"twitter:data2\" content=\"2 minutos\" \/>\n<script type=\"application\/ld+json\" class=\"yoast-schema-graph\">{\"@context\":\"https:\/\/schema.org\",\"@graph\":[{\"@type\":\"Article\",\"@id\":\"https:\/\/aureum.adv.br\/inicio\/2024\/03\/08\/elementor-5810\/#article\",\"isPartOf\":{\"@id\":\"https:\/\/aureum.adv.br\/inicio\/2024\/03\/08\/elementor-5810\/\"},\"author\":{\"name\":\"bruna\",\"@id\":\"https:\/\/aureum.adv.br\/inicio\/#\/schema\/person\/bfa138bad3521ed6353a3e13d986baf0\"},\"headline\":\"Perse: encerramento antecipado pode gerar nova \u2018onda\u2019 de judicializa\u00e7\u00e3o\",\"datePublished\":\"2024-03-08T20:42:10+00:00\",\"dateModified\":\"2024-03-08T20:43:55+00:00\",\"mainEntityOfPage\":{\"@id\":\"https:\/\/aureum.adv.br\/inicio\/2024\/03\/08\/elementor-5810\/\"},\"wordCount\":279,\"commentCount\":0,\"publisher\":{\"@id\":\"https:\/\/aureum.adv.br\/inicio\/#organization\"},\"image\":{\"@id\":\"https:\/\/aureum.adv.br\/inicio\/2024\/03\/08\/elementor-5810\/#primaryimage\"},\"thumbnailUrl\":\"https:\/\/aureum.adv.br\/inicio\/wp-content\/uploads\/2024\/03\/POSTS-e-NEWS-30.jpg\",\"articleSection\":[\"Uncategorized\"],\"inLanguage\":\"pt-BR\",\"potentialAction\":[{\"@type\":\"CommentAction\",\"name\":\"Comment\",\"target\":[\"https:\/\/aureum.adv.br\/inicio\/2024\/03\/08\/elementor-5810\/#respond\"]}]},{\"@type\":\"WebPage\",\"@id\":\"https:\/\/aureum.adv.br\/inicio\/2024\/03\/08\/elementor-5810\/\",\"url\":\"https:\/\/aureum.adv.br\/inicio\/2024\/03\/08\/elementor-5810\/\",\"name\":\"Perse: encerramento antecipado pode gerar nova \u2018onda\u2019 de judicializa\u00e7\u00e3o - Aureum Advocacia\",\"isPartOf\":{\"@id\":\"https:\/\/aureum.adv.br\/inicio\/#website\"},\"primaryImageOfPage\":{\"@id\":\"https:\/\/aureum.adv.br\/inicio\/2024\/03\/08\/elementor-5810\/#primaryimage\"},\"image\":{\"@id\":\"https:\/\/aureum.adv.br\/inicio\/2024\/03\/08\/elementor-5810\/#primaryimage\"},\"thumbnailUrl\":\"https:\/\/aureum.adv.br\/inicio\/wp-content\/uploads\/2024\/03\/POSTS-e-NEWS-30.jpg\",\"datePublished\":\"2024-03-08T20:42:10+00:00\",\"dateModified\":\"2024-03-08T20:43:55+00:00\",\"breadcrumb\":{\"@id\":\"https:\/\/aureum.adv.br\/inicio\/2024\/03\/08\/elementor-5810\/#breadcrumb\"},\"inLanguage\":\"pt-BR\",\"potentialAction\":[{\"@type\":\"ReadAction\",\"target\":[\"https:\/\/aureum.adv.br\/inicio\/2024\/03\/08\/elementor-5810\/\"]}]},{\"@type\":\"ImageObject\",\"inLanguage\":\"pt-BR\",\"@id\":\"https:\/\/aureum.adv.br\/inicio\/2024\/03\/08\/elementor-5810\/#primaryimage\",\"url\":\"https:\/\/aureum.adv.br\/inicio\/wp-content\/uploads\/2024\/03\/POSTS-e-NEWS-30.jpg\",\"contentUrl\":\"https:\/\/aureum.adv.br\/inicio\/wp-content\/uploads\/2024\/03\/POSTS-e-NEWS-30.jpg\",\"width\":1080,\"height\":1080},{\"@type\":\"BreadcrumbList\",\"@id\":\"https:\/\/aureum.adv.br\/inicio\/2024\/03\/08\/elementor-5810\/#breadcrumb\",\"itemListElement\":[{\"@type\":\"ListItem\",\"position\":1,\"name\":\"In\u00edcio\",\"item\":\"https:\/\/aureum.adv.br\/inicio\/\"},{\"@type\":\"ListItem\",\"position\":2,\"name\":\"Perse: encerramento antecipado pode gerar nova \u2018onda\u2019 de judicializa\u00e7\u00e3o\"}]},{\"@type\":\"WebSite\",\"@id\":\"https:\/\/aureum.adv.br\/inicio\/#website\",\"url\":\"https:\/\/aureum.adv.br\/inicio\/\",\"name\":\"Aureum Advocacia\",\"description\":\"Aureum Advocacia Tribut\u00e1ria\",\"publisher\":{\"@id\":\"https:\/\/aureum.adv.br\/inicio\/#organization\"},\"potentialAction\":[{\"@type\":\"SearchAction\",\"target\":{\"@type\":\"EntryPoint\",\"urlTemplate\":\"https:\/\/aureum.adv.br\/inicio\/?s={search_term_string}\"},\"query-input\":{\"@type\":\"PropertyValueSpecification\",\"valueRequired\":true,\"valueName\":\"search_term_string\"}}],\"inLanguage\":\"pt-BR\"},{\"@type\":\"Organization\",\"@id\":\"https:\/\/aureum.adv.br\/inicio\/#organization\",\"name\":\"Aureum\",\"url\":\"https:\/\/aureum.adv.br\/inicio\/\",\"logo\":{\"@type\":\"ImageObject\",\"inLanguage\":\"pt-BR\",\"@id\":\"https:\/\/aureum.adv.br\/inicio\/#\/schema\/logo\/image\/\",\"url\":\"https:\/\/aureum.adv.br\/inicio\/wp-content\/uploads\/2020\/04\/logo_com-fundo.png\",\"contentUrl\":\"https:\/\/aureum.adv.br\/inicio\/wp-content\/uploads\/2020\/04\/logo_com-fundo.png\",\"width\":1080,\"height\":1400,\"caption\":\"Aureum\"},\"image\":{\"@id\":\"https:\/\/aureum.adv.br\/inicio\/#\/schema\/logo\/image\/\"},\"sameAs\":[\"https:\/\/www.facebook.com\/aureumadvocacia\",\"https:\/\/br.linkedin.com\/company\/aureum-advocacia\"]},{\"@type\":\"Person\",\"@id\":\"https:\/\/aureum.adv.br\/inicio\/#\/schema\/person\/bfa138bad3521ed6353a3e13d986baf0\",\"name\":\"bruna\",\"image\":{\"@type\":\"ImageObject\",\"inLanguage\":\"pt-BR\",\"@id\":\"https:\/\/aureum.adv.br\/inicio\/#\/schema\/person\/image\/\",\"url\":\"https:\/\/secure.gravatar.com\/avatar\/ec30cfb94570b842e7230a0fa0eaf2d45ab44f38f3165e80cf8f0311e64d4bd6?s=96&d=mm&r=g\",\"contentUrl\":\"https:\/\/secure.gravatar.com\/avatar\/ec30cfb94570b842e7230a0fa0eaf2d45ab44f38f3165e80cf8f0311e64d4bd6?s=96&d=mm&r=g\",\"caption\":\"bruna\"},\"url\":\"https:\/\/aureum.adv.br\/inicio\/author\/bruna\/\"}]}<\/script>\n<!-- \/ Yoast SEO plugin. -->","yoast_head_json":{"title":"Perse: encerramento antecipado pode gerar nova \u2018onda\u2019 de judicializa\u00e7\u00e3o - Aureum Advocacia","robots":{"index":"index","follow":"follow","max-snippet":"max-snippet:-1","max-image-preview":"max-image-preview:large","max-video-preview":"max-video-preview:-1"},"canonical":"https:\/\/aureum.adv.br\/inicio\/2024\/03\/08\/elementor-5810\/","og_locale":"pt_BR","og_type":"article","og_title":"Perse: encerramento antecipado pode gerar nova \u2018onda\u2019 de judicializa\u00e7\u00e3o - Aureum Advocacia","og_description":"Concebido inicialmente em 2021 para auxiliar o setor de eventos afetado pela pandemia, o Programa Emergencial de Retomada do Setor de Eventos (PERSE) sofreu diversas altera\u00e7\u00f5es desde sua cria\u00e7\u00e3o. Isso resultou em v\u00e1rias disputas legais, incluindo discuss\u00f5es como: a exig\u00eancia de cadastro pr\u00e9vio no Minist\u00e9rio do Turismo (CADASTUR) e a exclus\u00e3o de alguns setores do programa. Nos \u00faltimos tempos o PERSE voltou a causar grande debate jur\u00eddico em raz\u00e3o da antecipa\u00e7\u00e3o de seu encerramento atrav\u00e9s da Medida Provis\u00f3ria n\u00ba 1202 de 28 de dezembro de 2023. O cerne da discuss\u00e3o gira em torno da possibilidade de revogar isen\u00e7\u00f5es fiscais concedidas por prazo certo, conforme estabelece o C\u00f3digo Tribut\u00e1rio Nacional (CTN). No entanto, existem diverg\u00eancias sobre o enquadramento do&hellip;","og_url":"https:\/\/aureum.adv.br\/inicio\/2024\/03\/08\/elementor-5810\/","og_site_name":"Aureum Advocacia","article_publisher":"https:\/\/www.facebook.com\/aureumadvocacia","article_published_time":"2024-03-08T20:42:10+00:00","article_modified_time":"2024-03-08T20:43:55+00:00","og_image":[{"width":1080,"height":1080,"url":"https:\/\/aureum.adv.br\/inicio\/wp-content\/uploads\/2024\/03\/POSTS-e-NEWS-30.jpg","type":"image\/jpeg"}],"author":"bruna","twitter_card":"summary_large_image","twitter_misc":{"Escrito por":"bruna","Est. tempo de leitura":"2 minutos"},"schema":{"@context":"https:\/\/schema.org","@graph":[{"@type":"Article","@id":"https:\/\/aureum.adv.br\/inicio\/2024\/03\/08\/elementor-5810\/#article","isPartOf":{"@id":"https:\/\/aureum.adv.br\/inicio\/2024\/03\/08\/elementor-5810\/"},"author":{"name":"bruna","@id":"https:\/\/aureum.adv.br\/inicio\/#\/schema\/person\/bfa138bad3521ed6353a3e13d986baf0"},"headline":"Perse: encerramento antecipado pode gerar nova \u2018onda\u2019 de judicializa\u00e7\u00e3o","datePublished":"2024-03-08T20:42:10+00:00","dateModified":"2024-03-08T20:43:55+00:00","mainEntityOfPage":{"@id":"https:\/\/aureum.adv.br\/inicio\/2024\/03\/08\/elementor-5810\/"},"wordCount":279,"commentCount":0,"publisher":{"@id":"https:\/\/aureum.adv.br\/inicio\/#organization"},"image":{"@id":"https:\/\/aureum.adv.br\/inicio\/2024\/03\/08\/elementor-5810\/#primaryimage"},"thumbnailUrl":"https:\/\/aureum.adv.br\/inicio\/wp-content\/uploads\/2024\/03\/POSTS-e-NEWS-30.jpg","articleSection":["Uncategorized"],"inLanguage":"pt-BR","potentialAction":[{"@type":"CommentAction","name":"Comment","target":["https:\/\/aureum.adv.br\/inicio\/2024\/03\/08\/elementor-5810\/#respond"]}]},{"@type":"WebPage","@id":"https:\/\/aureum.adv.br\/inicio\/2024\/03\/08\/elementor-5810\/","url":"https:\/\/aureum.adv.br\/inicio\/2024\/03\/08\/elementor-5810\/","name":"Perse: encerramento antecipado pode gerar nova \u2018onda\u2019 de judicializa\u00e7\u00e3o - Aureum Advocacia","isPartOf":{"@id":"https:\/\/aureum.adv.br\/inicio\/#website"},"primaryImageOfPage":{"@id":"https:\/\/aureum.adv.br\/inicio\/2024\/03\/08\/elementor-5810\/#primaryimage"},"image":{"@id":"https:\/\/aureum.adv.br\/inicio\/2024\/03\/08\/elementor-5810\/#primaryimage"},"thumbnailUrl":"https:\/\/aureum.adv.br\/inicio\/wp-content\/uploads\/2024\/03\/POSTS-e-NEWS-30.jpg","datePublished":"2024-03-08T20:42:10+00:00","dateModified":"2024-03-08T20:43:55+00:00","breadcrumb":{"@id":"https:\/\/aureum.adv.br\/inicio\/2024\/03\/08\/elementor-5810\/#breadcrumb"},"inLanguage":"pt-BR","potentialAction":[{"@type":"ReadAction","target":["https:\/\/aureum.adv.br\/inicio\/2024\/03\/08\/elementor-5810\/"]}]},{"@type":"ImageObject","inLanguage":"pt-BR","@id":"https:\/\/aureum.adv.br\/inicio\/2024\/03\/08\/elementor-5810\/#primaryimage","url":"https:\/\/aureum.adv.br\/inicio\/wp-content\/uploads\/2024\/03\/POSTS-e-NEWS-30.jpg","contentUrl":"https:\/\/aureum.adv.br\/inicio\/wp-content\/uploads\/2024\/03\/POSTS-e-NEWS-30.jpg","width":1080,"height":1080},{"@type":"BreadcrumbList","@id":"https:\/\/aureum.adv.br\/inicio\/2024\/03\/08\/elementor-5810\/#breadcrumb","itemListElement":[{"@type":"ListItem","position":1,"name":"In\u00edcio","item":"https:\/\/aureum.adv.br\/inicio\/"},{"@type":"ListItem","position":2,"name":"Perse: encerramento antecipado pode gerar nova \u2018onda\u2019 de judicializa\u00e7\u00e3o"}]},{"@type":"WebSite","@id":"https:\/\/aureum.adv.br\/inicio\/#website","url":"https:\/\/aureum.adv.br\/inicio\/","name":"Aureum Advocacia","description":"Aureum Advocacia Tribut\u00e1ria","publisher":{"@id":"https:\/\/aureum.adv.br\/inicio\/#organization"},"potentialAction":[{"@type":"SearchAction","target":{"@type":"EntryPoint","urlTemplate":"https:\/\/aureum.adv.br\/inicio\/?s={search_term_string}"},"query-input":{"@type":"PropertyValueSpecification","valueRequired":true,"valueName":"search_term_string"}}],"inLanguage":"pt-BR"},{"@type":"Organization","@id":"https:\/\/aureum.adv.br\/inicio\/#organization","name":"Aureum","url":"https:\/\/aureum.adv.br\/inicio\/","logo":{"@type":"ImageObject","inLanguage":"pt-BR","@id":"https:\/\/aureum.adv.br\/inicio\/#\/schema\/logo\/image\/","url":"https:\/\/aureum.adv.br\/inicio\/wp-content\/uploads\/2020\/04\/logo_com-fundo.png","contentUrl":"https:\/\/aureum.adv.br\/inicio\/wp-content\/uploads\/2020\/04\/logo_com-fundo.png","width":1080,"height":1400,"caption":"Aureum"},"image":{"@id":"https:\/\/aureum.adv.br\/inicio\/#\/schema\/logo\/image\/"},"sameAs":["https:\/\/www.facebook.com\/aureumadvocacia","https:\/\/br.linkedin.com\/company\/aureum-advocacia"]},{"@type":"Person","@id":"https:\/\/aureum.adv.br\/inicio\/#\/schema\/person\/bfa138bad3521ed6353a3e13d986baf0","name":"bruna","image":{"@type":"ImageObject","inLanguage":"pt-BR","@id":"https:\/\/aureum.adv.br\/inicio\/#\/schema\/person\/image\/","url":"https:\/\/secure.gravatar.com\/avatar\/ec30cfb94570b842e7230a0fa0eaf2d45ab44f38f3165e80cf8f0311e64d4bd6?s=96&d=mm&r=g","contentUrl":"https:\/\/secure.gravatar.com\/avatar\/ec30cfb94570b842e7230a0fa0eaf2d45ab44f38f3165e80cf8f0311e64d4bd6?s=96&d=mm&r=g","caption":"bruna"},"url":"https:\/\/aureum.adv.br\/inicio\/author\/bruna\/"}]}},"_links":{"self":[{"href":"https:\/\/aureum.adv.br\/inicio\/wp-json\/wp\/v2\/posts\/5810","targetHints":{"allow":["GET"]}}],"collection":[{"href":"https:\/\/aureum.adv.br\/inicio\/wp-json\/wp\/v2\/posts"}],"about":[{"href":"https:\/\/aureum.adv.br\/inicio\/wp-json\/wp\/v2\/types\/post"}],"author":[{"embeddable":true,"href":"https:\/\/aureum.adv.br\/inicio\/wp-json\/wp\/v2\/users\/2"}],"replies":[{"embeddable":true,"href":"https:\/\/aureum.adv.br\/inicio\/wp-json\/wp\/v2\/comments?post=5810"}],"version-history":[{"count":4,"href":"https:\/\/aureum.adv.br\/inicio\/wp-json\/wp\/v2\/posts\/5810\/revisions"}],"predecessor-version":[{"id":5815,"href":"https:\/\/aureum.adv.br\/inicio\/wp-json\/wp\/v2\/posts\/5810\/revisions\/5815"}],"wp:featuredmedia":[{"embeddable":true,"href":"https:\/\/aureum.adv.br\/inicio\/wp-json\/wp\/v2\/media\/5812"}],"wp:attachment":[{"href":"https:\/\/aureum.adv.br\/inicio\/wp-json\/wp\/v2\/media?parent=5810"}],"wp:term":[{"taxonomy":"category","embeddable":true,"href":"https:\/\/aureum.adv.br\/inicio\/wp-json\/wp\/v2\/categories?post=5810"},{"taxonomy":"post_tag","embeddable":true,"href":"https:\/\/aureum.adv.br\/inicio\/wp-json\/wp\/v2\/tags?post=5810"}],"curies":[{"name":"wp","href":"https:\/\/api.w.org\/{rel}","templated":true}]}}