{"id":5797,"date":"2024-03-07T09:59:00","date_gmt":"2024-03-07T12:59:00","guid":{"rendered":"https:\/\/aureum.adv.br\/inicio\/?p=5797"},"modified":"2024-03-07T09:59:39","modified_gmt":"2024-03-07T12:59:39","slug":"elementor-5797","status":"publish","type":"post","link":"https:\/\/aureum.adv.br\/inicio\/2024\/03\/07\/elementor-5797\/","title":{"rendered":"Revis\u00e3o da vida toda: entenda o que est\u00e1 em pauta!"},"content":{"rendered":"\t\t<div data-elementor-type=\"wp-post\" data-elementor-id=\"5797\" class=\"elementor elementor-5797\">\n\t\t\t\t\t\t<section class=\"elementor-section elementor-top-section elementor-element elementor-element-505cc29 elementor-section-boxed elementor-section-height-default elementor-section-height-default\" data-id=\"505cc29\" data-element_type=\"section\">\n\t\t\t\t\t\t<div class=\"elementor-container elementor-column-gap-default\">\n\t\t\t\t\t<div class=\"elementor-column elementor-col-100 elementor-top-column elementor-element elementor-element-6101055\" data-id=\"6101055\" data-element_type=\"column\">\n\t\t\t<div class=\"elementor-widget-wrap elementor-element-populated\">\n\t\t\t\t\t\t<div class=\"elementor-element elementor-element-54e610f elementor-widget elementor-widget-text-editor\" data-id=\"54e610f\" data-element_type=\"widget\" data-widget_type=\"text-editor.default\">\n\t\t\t\t<div class=\"elementor-widget-container\">\n\t\t\t\t\t\t\t\t\t<p style=\"text-align: justify;\"><span>A Revis\u00e3o da Vida Toda \u00e9 um dos julgamentos mais aguardados pelos segurados do INSS.<\/span><br \/><br \/><span>Mas voc\u00ea sabe do que se trata? Veja s\u00f3:<\/span><br \/><br \/><span>\u279c Como surgiu a tese da Revis\u00e3o da Vida Toda:<\/span><br \/><span>Antes do marco da Lei n. 9.876 de 1999, os benef\u00edcios previdenci\u00e1rios eram calculados pela m\u00e9dia das 36 \u00faltimas contribui\u00e7\u00f5es.<\/span><br \/><br \/><span>Esse c\u00e1lculo era invi\u00e1vel para o INSS, pois o segurado contribu\u00eda com valores mais elevados apenas quando estava pr\u00f3ximo da aposentadoria.<\/span><br \/><br \/><span>\u279c A partir da Lei n. 9.876 de 1999, o c\u00e1lculo passou a considerar os 80% maiores sal\u00e1rios de contribui\u00e7\u00e3o do segurado, e, por for\u00e7a de uma regra de transi\u00e7\u00e3o, limitado a per\u00edodos a partir de julho de 1994.<\/span><br \/><br \/><span>Essa limita\u00e7\u00e3o era decorrente de mera inconveni\u00eancia de convers\u00e3o da moeda antes do Plano Real.<\/span><br \/><br \/><span>E isso prejudicou os segurados que contribu\u00edam antes dessa data com valores mais elevados, pois eles n\u00e3o eram considerados.<\/span><br \/><br \/><span>\u279c E assim surgiu a tese da Revis\u00e3o da Vida Toda, que almejava que as contribui\u00e7\u00f5es anteriores a julho de 1994 fossem consideradas no c\u00e1lculo dos benef\u00edcios.<\/span><br \/><br \/><span>Mas&#8230; e quem tem direito a isso?<\/span><br \/><br \/><span>\u279c Bem, a tese pode ser aplicada para revis\u00e3o de benef\u00edcios, bem como para concess\u00e3o, desde que, em ambos os casos, se atendam aos requisitos.<\/span><br \/><span>Por se tratar de um tema complexo, busque por um advogado para fazer os c\u00e1lculos antes de entrar com o pedido da revis\u00e3o.<\/span><\/p>\t\t\t\t\t\t\t\t<\/div>\n\t\t\t\t<\/div>\n\t\t\t\t\t<\/div>\n\t\t<\/div>\n\t\t\t\t\t<\/div>\n\t\t<\/section>\n\t\t\t\t<\/div>\n\t\t","protected":false},"excerpt":{"rendered":"<p>A Revis\u00e3o da Vida Toda \u00e9 um dos julgamentos mais aguardados pelos segurados do INSS. Mas voc\u00ea sabe do que se trata? Veja s\u00f3: \u279c Como surgiu a tese da Revis\u00e3o da Vida Toda:Antes do marco da Lei n. 9.876 de 1999, os benef\u00edcios previdenci\u00e1rios eram calculados pela m\u00e9dia das 36 \u00faltimas contribui\u00e7\u00f5es. Esse c\u00e1lculo era invi\u00e1vel para o INSS, pois o segurado contribu\u00eda com valores mais elevados apenas quando estava pr\u00f3ximo da aposentadoria. \u279c A partir da Lei n. 9.876 de 1999, o c\u00e1lculo passou a considerar os 80% maiores sal\u00e1rios de contribui\u00e7\u00e3o do segurado, e, por for\u00e7a de uma regra de transi\u00e7\u00e3o, limitado a per\u00edodos a partir de julho de 1994. Essa limita\u00e7\u00e3o era decorrente de&hellip;<\/p>\n","protected":false},"author":2,"featured_media":5800,"comment_status":"open","ping_status":"open","sticky":false,"template":"","format":"standard","meta":{"footnotes":""},"categories":[1],"tags":[],"class_list":["post-5797","post","type-post","status-publish","format-standard","has-post-thumbnail","hentry","category-uncategorized"],"yoast_head":"<!-- This site is optimized with the Yoast SEO plugin v26.9 - https:\/\/yoast.com\/product\/yoast-seo-wordpress\/ -->\n<title>Revis\u00e3o da vida toda: entenda o que est\u00e1 em pauta! - Aureum Advocacia<\/title>\n<meta name=\"robots\" content=\"index, follow, max-snippet:-1, max-image-preview:large, max-video-preview:-1\" \/>\n<link rel=\"canonical\" href=\"https:\/\/aureum.adv.br\/inicio\/2024\/03\/07\/elementor-5797\/\" \/>\n<meta property=\"og:locale\" content=\"pt_BR\" \/>\n<meta property=\"og:type\" content=\"article\" \/>\n<meta property=\"og:title\" content=\"Revis\u00e3o da vida toda: entenda o que est\u00e1 em pauta! - Aureum Advocacia\" \/>\n<meta property=\"og:description\" content=\"A Revis\u00e3o da Vida Toda \u00e9 um dos julgamentos mais aguardados pelos segurados do INSS. Mas voc\u00ea sabe do que se trata? Veja s\u00f3: \u279c Como surgiu a tese da Revis\u00e3o da Vida Toda:Antes do marco da Lei n. 9.876 de 1999, os benef\u00edcios previdenci\u00e1rios eram calculados pela m\u00e9dia das 36 \u00faltimas contribui\u00e7\u00f5es. Esse c\u00e1lculo era invi\u00e1vel para o INSS, pois o segurado contribu\u00eda com valores mais elevados apenas quando estava pr\u00f3ximo da aposentadoria. \u279c A partir da Lei n. 9.876 de 1999, o c\u00e1lculo passou a considerar os 80% maiores sal\u00e1rios de contribui\u00e7\u00e3o do segurado, e, por for\u00e7a de uma regra de transi\u00e7\u00e3o, limitado a per\u00edodos a partir de julho de 1994. Essa limita\u00e7\u00e3o era decorrente de&hellip;\" \/>\n<meta property=\"og:url\" content=\"https:\/\/aureum.adv.br\/inicio\/2024\/03\/07\/elementor-5797\/\" \/>\n<meta property=\"og:site_name\" content=\"Aureum Advocacia\" \/>\n<meta property=\"article:publisher\" content=\"https:\/\/www.facebook.com\/aureumadvocacia\" \/>\n<meta property=\"article:published_time\" content=\"2024-03-07T12:59:00+00:00\" \/>\n<meta property=\"article:modified_time\" content=\"2024-03-07T12:59:39+00:00\" \/>\n<meta property=\"og:image\" content=\"https:\/\/aureum.adv.br\/inicio\/wp-content\/uploads\/2024\/03\/Revisao-da-vida-toda.png\" \/>\n\t<meta property=\"og:image:width\" content=\"582\" \/>\n\t<meta property=\"og:image:height\" content=\"583\" \/>\n\t<meta property=\"og:image:type\" content=\"image\/png\" \/>\n<meta name=\"author\" content=\"bruna\" \/>\n<meta name=\"twitter:card\" content=\"summary_large_image\" \/>\n<meta name=\"twitter:label1\" content=\"Escrito por\" \/>\n\t<meta name=\"twitter:data1\" content=\"bruna\" \/>\n\t<meta name=\"twitter:label2\" content=\"Est. tempo de leitura\" \/>\n\t<meta name=\"twitter:data2\" content=\"2 minutos\" \/>\n<script type=\"application\/ld+json\" class=\"yoast-schema-graph\">{\"@context\":\"https:\/\/schema.org\",\"@graph\":[{\"@type\":\"Article\",\"@id\":\"https:\/\/aureum.adv.br\/inicio\/2024\/03\/07\/elementor-5797\/#article\",\"isPartOf\":{\"@id\":\"https:\/\/aureum.adv.br\/inicio\/2024\/03\/07\/elementor-5797\/\"},\"author\":{\"name\":\"bruna\",\"@id\":\"https:\/\/aureum.adv.br\/inicio\/#\/schema\/person\/bfa138bad3521ed6353a3e13d986baf0\"},\"headline\":\"Revis\u00e3o da vida toda: entenda o que est\u00e1 em pauta!\",\"datePublished\":\"2024-03-07T12:59:00+00:00\",\"dateModified\":\"2024-03-07T12:59:39+00:00\",\"mainEntityOfPage\":{\"@id\":\"https:\/\/aureum.adv.br\/inicio\/2024\/03\/07\/elementor-5797\/\"},\"wordCount\":258,\"commentCount\":0,\"publisher\":{\"@id\":\"https:\/\/aureum.adv.br\/inicio\/#organization\"},\"image\":{\"@id\":\"https:\/\/aureum.adv.br\/inicio\/2024\/03\/07\/elementor-5797\/#primaryimage\"},\"thumbnailUrl\":\"https:\/\/aureum.adv.br\/inicio\/wp-content\/uploads\/2024\/03\/Revisao-da-vida-toda.png\",\"articleSection\":[\"Uncategorized\"],\"inLanguage\":\"pt-BR\",\"potentialAction\":[{\"@type\":\"CommentAction\",\"name\":\"Comment\",\"target\":[\"https:\/\/aureum.adv.br\/inicio\/2024\/03\/07\/elementor-5797\/#respond\"]}]},{\"@type\":\"WebPage\",\"@id\":\"https:\/\/aureum.adv.br\/inicio\/2024\/03\/07\/elementor-5797\/\",\"url\":\"https:\/\/aureum.adv.br\/inicio\/2024\/03\/07\/elementor-5797\/\",\"name\":\"Revis\u00e3o da vida toda: entenda o que est\u00e1 em pauta! - Aureum Advocacia\",\"isPartOf\":{\"@id\":\"https:\/\/aureum.adv.br\/inicio\/#website\"},\"primaryImageOfPage\":{\"@id\":\"https:\/\/aureum.adv.br\/inicio\/2024\/03\/07\/elementor-5797\/#primaryimage\"},\"image\":{\"@id\":\"https:\/\/aureum.adv.br\/inicio\/2024\/03\/07\/elementor-5797\/#primaryimage\"},\"thumbnailUrl\":\"https:\/\/aureum.adv.br\/inicio\/wp-content\/uploads\/2024\/03\/Revisao-da-vida-toda.png\",\"datePublished\":\"2024-03-07T12:59:00+00:00\",\"dateModified\":\"2024-03-07T12:59:39+00:00\",\"breadcrumb\":{\"@id\":\"https:\/\/aureum.adv.br\/inicio\/2024\/03\/07\/elementor-5797\/#breadcrumb\"},\"inLanguage\":\"pt-BR\",\"potentialAction\":[{\"@type\":\"ReadAction\",\"target\":[\"https:\/\/aureum.adv.br\/inicio\/2024\/03\/07\/elementor-5797\/\"]}]},{\"@type\":\"ImageObject\",\"inLanguage\":\"pt-BR\",\"@id\":\"https:\/\/aureum.adv.br\/inicio\/2024\/03\/07\/elementor-5797\/#primaryimage\",\"url\":\"https:\/\/aureum.adv.br\/inicio\/wp-content\/uploads\/2024\/03\/Revisao-da-vida-toda.png\",\"contentUrl\":\"https:\/\/aureum.adv.br\/inicio\/wp-content\/uploads\/2024\/03\/Revisao-da-vida-toda.png\",\"width\":582,\"height\":583},{\"@type\":\"BreadcrumbList\",\"@id\":\"https:\/\/aureum.adv.br\/inicio\/2024\/03\/07\/elementor-5797\/#breadcrumb\",\"itemListElement\":[{\"@type\":\"ListItem\",\"position\":1,\"name\":\"In\u00edcio\",\"item\":\"https:\/\/aureum.adv.br\/inicio\/\"},{\"@type\":\"ListItem\",\"position\":2,\"name\":\"Revis\u00e3o da vida toda: entenda o que est\u00e1 em pauta!\"}]},{\"@type\":\"WebSite\",\"@id\":\"https:\/\/aureum.adv.br\/inicio\/#website\",\"url\":\"https:\/\/aureum.adv.br\/inicio\/\",\"name\":\"Aureum Advocacia\",\"description\":\"Aureum Advocacia Tribut\u00e1ria\",\"publisher\":{\"@id\":\"https:\/\/aureum.adv.br\/inicio\/#organization\"},\"potentialAction\":[{\"@type\":\"SearchAction\",\"target\":{\"@type\":\"EntryPoint\",\"urlTemplate\":\"https:\/\/aureum.adv.br\/inicio\/?s={search_term_string}\"},\"query-input\":{\"@type\":\"PropertyValueSpecification\",\"valueRequired\":true,\"valueName\":\"search_term_string\"}}],\"inLanguage\":\"pt-BR\"},{\"@type\":\"Organization\",\"@id\":\"https:\/\/aureum.adv.br\/inicio\/#organization\",\"name\":\"Aureum\",\"url\":\"https:\/\/aureum.adv.br\/inicio\/\",\"logo\":{\"@type\":\"ImageObject\",\"inLanguage\":\"pt-BR\",\"@id\":\"https:\/\/aureum.adv.br\/inicio\/#\/schema\/logo\/image\/\",\"url\":\"https:\/\/aureum.adv.br\/inicio\/wp-content\/uploads\/2020\/04\/logo_com-fundo.png\",\"contentUrl\":\"https:\/\/aureum.adv.br\/inicio\/wp-content\/uploads\/2020\/04\/logo_com-fundo.png\",\"width\":1080,\"height\":1400,\"caption\":\"Aureum\"},\"image\":{\"@id\":\"https:\/\/aureum.adv.br\/inicio\/#\/schema\/logo\/image\/\"},\"sameAs\":[\"https:\/\/www.facebook.com\/aureumadvocacia\",\"https:\/\/br.linkedin.com\/company\/aureum-advocacia\"]},{\"@type\":\"Person\",\"@id\":\"https:\/\/aureum.adv.br\/inicio\/#\/schema\/person\/bfa138bad3521ed6353a3e13d986baf0\",\"name\":\"bruna\",\"image\":{\"@type\":\"ImageObject\",\"inLanguage\":\"pt-BR\",\"@id\":\"https:\/\/aureum.adv.br\/inicio\/#\/schema\/person\/image\/\",\"url\":\"https:\/\/secure.gravatar.com\/avatar\/ec30cfb94570b842e7230a0fa0eaf2d45ab44f38f3165e80cf8f0311e64d4bd6?s=96&d=mm&r=g\",\"contentUrl\":\"https:\/\/secure.gravatar.com\/avatar\/ec30cfb94570b842e7230a0fa0eaf2d45ab44f38f3165e80cf8f0311e64d4bd6?s=96&d=mm&r=g\",\"caption\":\"bruna\"},\"url\":\"https:\/\/aureum.adv.br\/inicio\/author\/bruna\/\"}]}<\/script>\n<!-- \/ Yoast SEO plugin. -->","yoast_head_json":{"title":"Revis\u00e3o da vida toda: entenda o que est\u00e1 em pauta! - Aureum Advocacia","robots":{"index":"index","follow":"follow","max-snippet":"max-snippet:-1","max-image-preview":"max-image-preview:large","max-video-preview":"max-video-preview:-1"},"canonical":"https:\/\/aureum.adv.br\/inicio\/2024\/03\/07\/elementor-5797\/","og_locale":"pt_BR","og_type":"article","og_title":"Revis\u00e3o da vida toda: entenda o que est\u00e1 em pauta! - Aureum Advocacia","og_description":"A Revis\u00e3o da Vida Toda \u00e9 um dos julgamentos mais aguardados pelos segurados do INSS. Mas voc\u00ea sabe do que se trata? Veja s\u00f3: \u279c Como surgiu a tese da Revis\u00e3o da Vida Toda:Antes do marco da Lei n. 9.876 de 1999, os benef\u00edcios previdenci\u00e1rios eram calculados pela m\u00e9dia das 36 \u00faltimas contribui\u00e7\u00f5es. Esse c\u00e1lculo era invi\u00e1vel para o INSS, pois o segurado contribu\u00eda com valores mais elevados apenas quando estava pr\u00f3ximo da aposentadoria. \u279c A partir da Lei n. 9.876 de 1999, o c\u00e1lculo passou a considerar os 80% maiores sal\u00e1rios de contribui\u00e7\u00e3o do segurado, e, por for\u00e7a de uma regra de transi\u00e7\u00e3o, limitado a per\u00edodos a partir de julho de 1994. Essa limita\u00e7\u00e3o era decorrente de&hellip;","og_url":"https:\/\/aureum.adv.br\/inicio\/2024\/03\/07\/elementor-5797\/","og_site_name":"Aureum Advocacia","article_publisher":"https:\/\/www.facebook.com\/aureumadvocacia","article_published_time":"2024-03-07T12:59:00+00:00","article_modified_time":"2024-03-07T12:59:39+00:00","og_image":[{"width":582,"height":583,"url":"https:\/\/aureum.adv.br\/inicio\/wp-content\/uploads\/2024\/03\/Revisao-da-vida-toda.png","type":"image\/png"}],"author":"bruna","twitter_card":"summary_large_image","twitter_misc":{"Escrito por":"bruna","Est. tempo de leitura":"2 minutos"},"schema":{"@context":"https:\/\/schema.org","@graph":[{"@type":"Article","@id":"https:\/\/aureum.adv.br\/inicio\/2024\/03\/07\/elementor-5797\/#article","isPartOf":{"@id":"https:\/\/aureum.adv.br\/inicio\/2024\/03\/07\/elementor-5797\/"},"author":{"name":"bruna","@id":"https:\/\/aureum.adv.br\/inicio\/#\/schema\/person\/bfa138bad3521ed6353a3e13d986baf0"},"headline":"Revis\u00e3o da vida toda: entenda o que est\u00e1 em pauta!","datePublished":"2024-03-07T12:59:00+00:00","dateModified":"2024-03-07T12:59:39+00:00","mainEntityOfPage":{"@id":"https:\/\/aureum.adv.br\/inicio\/2024\/03\/07\/elementor-5797\/"},"wordCount":258,"commentCount":0,"publisher":{"@id":"https:\/\/aureum.adv.br\/inicio\/#organization"},"image":{"@id":"https:\/\/aureum.adv.br\/inicio\/2024\/03\/07\/elementor-5797\/#primaryimage"},"thumbnailUrl":"https:\/\/aureum.adv.br\/inicio\/wp-content\/uploads\/2024\/03\/Revisao-da-vida-toda.png","articleSection":["Uncategorized"],"inLanguage":"pt-BR","potentialAction":[{"@type":"CommentAction","name":"Comment","target":["https:\/\/aureum.adv.br\/inicio\/2024\/03\/07\/elementor-5797\/#respond"]}]},{"@type":"WebPage","@id":"https:\/\/aureum.adv.br\/inicio\/2024\/03\/07\/elementor-5797\/","url":"https:\/\/aureum.adv.br\/inicio\/2024\/03\/07\/elementor-5797\/","name":"Revis\u00e3o da vida toda: entenda o que est\u00e1 em pauta! - Aureum Advocacia","isPartOf":{"@id":"https:\/\/aureum.adv.br\/inicio\/#website"},"primaryImageOfPage":{"@id":"https:\/\/aureum.adv.br\/inicio\/2024\/03\/07\/elementor-5797\/#primaryimage"},"image":{"@id":"https:\/\/aureum.adv.br\/inicio\/2024\/03\/07\/elementor-5797\/#primaryimage"},"thumbnailUrl":"https:\/\/aureum.adv.br\/inicio\/wp-content\/uploads\/2024\/03\/Revisao-da-vida-toda.png","datePublished":"2024-03-07T12:59:00+00:00","dateModified":"2024-03-07T12:59:39+00:00","breadcrumb":{"@id":"https:\/\/aureum.adv.br\/inicio\/2024\/03\/07\/elementor-5797\/#breadcrumb"},"inLanguage":"pt-BR","potentialAction":[{"@type":"ReadAction","target":["https:\/\/aureum.adv.br\/inicio\/2024\/03\/07\/elementor-5797\/"]}]},{"@type":"ImageObject","inLanguage":"pt-BR","@id":"https:\/\/aureum.adv.br\/inicio\/2024\/03\/07\/elementor-5797\/#primaryimage","url":"https:\/\/aureum.adv.br\/inicio\/wp-content\/uploads\/2024\/03\/Revisao-da-vida-toda.png","contentUrl":"https:\/\/aureum.adv.br\/inicio\/wp-content\/uploads\/2024\/03\/Revisao-da-vida-toda.png","width":582,"height":583},{"@type":"BreadcrumbList","@id":"https:\/\/aureum.adv.br\/inicio\/2024\/03\/07\/elementor-5797\/#breadcrumb","itemListElement":[{"@type":"ListItem","position":1,"name":"In\u00edcio","item":"https:\/\/aureum.adv.br\/inicio\/"},{"@type":"ListItem","position":2,"name":"Revis\u00e3o da vida toda: entenda o que est\u00e1 em pauta!"}]},{"@type":"WebSite","@id":"https:\/\/aureum.adv.br\/inicio\/#website","url":"https:\/\/aureum.adv.br\/inicio\/","name":"Aureum Advocacia","description":"Aureum Advocacia Tribut\u00e1ria","publisher":{"@id":"https:\/\/aureum.adv.br\/inicio\/#organization"},"potentialAction":[{"@type":"SearchAction","target":{"@type":"EntryPoint","urlTemplate":"https:\/\/aureum.adv.br\/inicio\/?s={search_term_string}"},"query-input":{"@type":"PropertyValueSpecification","valueRequired":true,"valueName":"search_term_string"}}],"inLanguage":"pt-BR"},{"@type":"Organization","@id":"https:\/\/aureum.adv.br\/inicio\/#organization","name":"Aureum","url":"https:\/\/aureum.adv.br\/inicio\/","logo":{"@type":"ImageObject","inLanguage":"pt-BR","@id":"https:\/\/aureum.adv.br\/inicio\/#\/schema\/logo\/image\/","url":"https:\/\/aureum.adv.br\/inicio\/wp-content\/uploads\/2020\/04\/logo_com-fundo.png","contentUrl":"https:\/\/aureum.adv.br\/inicio\/wp-content\/uploads\/2020\/04\/logo_com-fundo.png","width":1080,"height":1400,"caption":"Aureum"},"image":{"@id":"https:\/\/aureum.adv.br\/inicio\/#\/schema\/logo\/image\/"},"sameAs":["https:\/\/www.facebook.com\/aureumadvocacia","https:\/\/br.linkedin.com\/company\/aureum-advocacia"]},{"@type":"Person","@id":"https:\/\/aureum.adv.br\/inicio\/#\/schema\/person\/bfa138bad3521ed6353a3e13d986baf0","name":"bruna","image":{"@type":"ImageObject","inLanguage":"pt-BR","@id":"https:\/\/aureum.adv.br\/inicio\/#\/schema\/person\/image\/","url":"https:\/\/secure.gravatar.com\/avatar\/ec30cfb94570b842e7230a0fa0eaf2d45ab44f38f3165e80cf8f0311e64d4bd6?s=96&d=mm&r=g","contentUrl":"https:\/\/secure.gravatar.com\/avatar\/ec30cfb94570b842e7230a0fa0eaf2d45ab44f38f3165e80cf8f0311e64d4bd6?s=96&d=mm&r=g","caption":"bruna"},"url":"https:\/\/aureum.adv.br\/inicio\/author\/bruna\/"}]}},"_links":{"self":[{"href":"https:\/\/aureum.adv.br\/inicio\/wp-json\/wp\/v2\/posts\/5797","targetHints":{"allow":["GET"]}}],"collection":[{"href":"https:\/\/aureum.adv.br\/inicio\/wp-json\/wp\/v2\/posts"}],"about":[{"href":"https:\/\/aureum.adv.br\/inicio\/wp-json\/wp\/v2\/types\/post"}],"author":[{"embeddable":true,"href":"https:\/\/aureum.adv.br\/inicio\/wp-json\/wp\/v2\/users\/2"}],"replies":[{"embeddable":true,"href":"https:\/\/aureum.adv.br\/inicio\/wp-json\/wp\/v2\/comments?post=5797"}],"version-history":[{"count":5,"href":"https:\/\/aureum.adv.br\/inicio\/wp-json\/wp\/v2\/posts\/5797\/revisions"}],"predecessor-version":[{"id":5803,"href":"https:\/\/aureum.adv.br\/inicio\/wp-json\/wp\/v2\/posts\/5797\/revisions\/5803"}],"wp:featuredmedia":[{"embeddable":true,"href":"https:\/\/aureum.adv.br\/inicio\/wp-json\/wp\/v2\/media\/5800"}],"wp:attachment":[{"href":"https:\/\/aureum.adv.br\/inicio\/wp-json\/wp\/v2\/media?parent=5797"}],"wp:term":[{"taxonomy":"category","embeddable":true,"href":"https:\/\/aureum.adv.br\/inicio\/wp-json\/wp\/v2\/categories?post=5797"},{"taxonomy":"post_tag","embeddable":true,"href":"https:\/\/aureum.adv.br\/inicio\/wp-json\/wp\/v2\/tags?post=5797"}],"curies":[{"name":"wp","href":"https:\/\/api.w.org\/{rel}","templated":true}]}}