{"id":5788,"date":"2024-03-06T10:24:21","date_gmt":"2024-03-06T13:24:21","guid":{"rendered":"https:\/\/aureum.adv.br\/inicio\/?p=5788"},"modified":"2024-03-06T10:26:04","modified_gmt":"2024-03-06T13:26:04","slug":"elementor-5788","status":"publish","type":"post","link":"https:\/\/aureum.adv.br\/inicio\/2024\/03\/06\/elementor-5788\/","title":{"rendered":"Aposentado! Se voc\u00ea trabalhou em dois empregos, leia este post!"},"content":{"rendered":"\t\t<div data-elementor-type=\"wp-post\" data-elementor-id=\"5788\" class=\"elementor elementor-5788\">\n\t\t\t\t\t\t<section class=\"elementor-section elementor-top-section elementor-element elementor-element-451103c elementor-section-boxed elementor-section-height-default elementor-section-height-default\" data-id=\"451103c\" data-element_type=\"section\">\n\t\t\t\t\t\t<div class=\"elementor-container elementor-column-gap-default\">\n\t\t\t\t\t<div class=\"elementor-column elementor-col-100 elementor-top-column elementor-element elementor-element-f48c42f\" data-id=\"f48c42f\" data-element_type=\"column\">\n\t\t\t<div class=\"elementor-widget-wrap elementor-element-populated\">\n\t\t\t\t\t\t<div class=\"elementor-element elementor-element-708e9eb elementor-widget elementor-widget-text-editor\" data-id=\"708e9eb\" data-element_type=\"widget\" data-widget_type=\"text-editor.default\">\n\t\t\t\t<div class=\"elementor-widget-container\">\n\t\t\t\t\t\t\t\t\t<p style=\"text-align: justify;\"><span>Se voc\u00ea \u00e9 aposentado e, em algum momento, trabalhou em dois empregos simultaneamente, pode ter direito a aumentar o valor de seu benef\u00edcio.<\/span><br \/><br \/><span>Quem trabalhou em mais de um emprego ao mesmo tempo (conhecido como atividades concomitantes) e contribuiu para a previd\u00eancia em ambos, pode ter sido v\u00edtima de erro no c\u00e1lculo do benef\u00edcio de aposentadoria.<\/span><br \/><br \/><span>Nas atividades concomitantes, o INSS n\u00e3o levava em conta a soma integral dos sal\u00e1rios recebidos.<\/span><br \/><br \/><span>Isso porque ele diferenciava as atividades prim\u00e1ria e secund\u00e1ria, o que gerava um valor menor de aposentadoria.<\/span><br \/><br \/><span>Ent\u00e3o, em 18\/06\/2019, entrou em vigor uma nova regra que beneficia o segurado que contribuiu em atividades concomitantes.<\/span><br \/><br \/><span>Ela determina que o sal\u00e1rio de contribui\u00e7\u00e3o deveria ser calculado a partir da soma das remunera\u00e7\u00f5es dessas atividades.<\/span><br \/><br \/><span>Diante disso, pode ser que voc\u00ea tenha direito a revisar sua aposentadoria.<\/span><br \/><br \/><span>Para tanto, \u00e9 necess\u00e1rio analisar o CNIS e a mem\u00f3ria de c\u00e1lculo do benef\u00edcio recebido disponibilizada pelo INSS.<\/span><br \/><br \/><span>Contudo, a aposentadoria n\u00e3o pode ter sido concedida h\u00e1 mais de 10 anos.<\/span><br \/><br \/><span>Lembrando que voc\u00ea ter\u00e1 direito ao novo valor do benef\u00edcio, bem como \u00e0 diferen\u00e7a dos \u00faltimos 5 anos do valor que deveria ter sido pago.<\/span><br \/><br \/><span>Em todo caso, busque um advogado especialista para fazer os c\u00e1lculos do novo valor de sua aposentadoria!<\/span><\/p>\t\t\t\t\t\t\t\t<\/div>\n\t\t\t\t<\/div>\n\t\t\t\t\t<\/div>\n\t\t<\/div>\n\t\t\t\t\t<\/div>\n\t\t<\/section>\n\t\t\t\t<\/div>\n\t\t","protected":false},"excerpt":{"rendered":"<p>Se voc\u00ea \u00e9 aposentado e, em algum momento, trabalhou em dois empregos simultaneamente, pode ter direito a aumentar o valor de seu benef\u00edcio. Quem trabalhou em mais de um emprego ao mesmo tempo (conhecido como atividades concomitantes) e contribuiu para a previd\u00eancia em ambos, pode ter sido v\u00edtima de erro no c\u00e1lculo do benef\u00edcio de aposentadoria. Nas atividades concomitantes, o INSS n\u00e3o levava em conta a soma integral dos sal\u00e1rios recebidos. Isso porque ele diferenciava as atividades prim\u00e1ria e secund\u00e1ria, o que gerava um valor menor de aposentadoria. Ent\u00e3o, em 18\/06\/2019, entrou em vigor uma nova regra que beneficia o segurado que contribuiu em atividades concomitantes. Ela determina que o sal\u00e1rio de contribui\u00e7\u00e3o deveria ser calculado a partir&hellip;<\/p>\n","protected":false},"author":2,"featured_media":5790,"comment_status":"open","ping_status":"open","sticky":false,"template":"","format":"standard","meta":{"footnotes":""},"categories":[1],"tags":[],"class_list":["post-5788","post","type-post","status-publish","format-standard","has-post-thumbnail","hentry","category-uncategorized"],"yoast_head":"<!-- This site is optimized with the Yoast SEO plugin v26.9 - https:\/\/yoast.com\/product\/yoast-seo-wordpress\/ -->\n<title>Aposentado! Se voc\u00ea trabalhou em dois empregos, leia este post! - Aureum Advocacia<\/title>\n<meta name=\"robots\" content=\"index, follow, max-snippet:-1, max-image-preview:large, max-video-preview:-1\" \/>\n<link rel=\"canonical\" href=\"https:\/\/aureum.adv.br\/inicio\/2024\/03\/06\/elementor-5788\/\" \/>\n<meta property=\"og:locale\" content=\"pt_BR\" \/>\n<meta property=\"og:type\" content=\"article\" \/>\n<meta property=\"og:title\" content=\"Aposentado! Se voc\u00ea trabalhou em dois empregos, leia este post! - Aureum Advocacia\" \/>\n<meta property=\"og:description\" content=\"Se voc\u00ea \u00e9 aposentado e, em algum momento, trabalhou em dois empregos simultaneamente, pode ter direito a aumentar o valor de seu benef\u00edcio. Quem trabalhou em mais de um emprego ao mesmo tempo (conhecido como atividades concomitantes) e contribuiu para a previd\u00eancia em ambos, pode ter sido v\u00edtima de erro no c\u00e1lculo do benef\u00edcio de aposentadoria. Nas atividades concomitantes, o INSS n\u00e3o levava em conta a soma integral dos sal\u00e1rios recebidos. Isso porque ele diferenciava as atividades prim\u00e1ria e secund\u00e1ria, o que gerava um valor menor de aposentadoria. Ent\u00e3o, em 18\/06\/2019, entrou em vigor uma nova regra que beneficia o segurado que contribuiu em atividades concomitantes. Ela determina que o sal\u00e1rio de contribui\u00e7\u00e3o deveria ser calculado a partir&hellip;\" \/>\n<meta property=\"og:url\" content=\"https:\/\/aureum.adv.br\/inicio\/2024\/03\/06\/elementor-5788\/\" \/>\n<meta property=\"og:site_name\" content=\"Aureum Advocacia\" \/>\n<meta property=\"article:publisher\" content=\"https:\/\/www.facebook.com\/aureumadvocacia\" \/>\n<meta property=\"article:published_time\" content=\"2024-03-06T13:24:21+00:00\" \/>\n<meta property=\"article:modified_time\" content=\"2024-03-06T13:26:04+00:00\" \/>\n<meta property=\"og:image\" content=\"https:\/\/aureum.adv.br\/inicio\/wp-content\/uploads\/2024\/03\/2-empregos-1.png\" \/>\n\t<meta property=\"og:image:width\" content=\"583\" \/>\n\t<meta property=\"og:image:height\" content=\"584\" \/>\n\t<meta property=\"og:image:type\" content=\"image\/png\" \/>\n<meta name=\"author\" content=\"bruna\" \/>\n<meta name=\"twitter:card\" content=\"summary_large_image\" \/>\n<meta name=\"twitter:label1\" content=\"Escrito por\" \/>\n\t<meta name=\"twitter:data1\" content=\"bruna\" \/>\n\t<meta name=\"twitter:label2\" content=\"Est. tempo de leitura\" \/>\n\t<meta name=\"twitter:data2\" content=\"2 minutos\" \/>\n<script type=\"application\/ld+json\" class=\"yoast-schema-graph\">{\"@context\":\"https:\/\/schema.org\",\"@graph\":[{\"@type\":\"Article\",\"@id\":\"https:\/\/aureum.adv.br\/inicio\/2024\/03\/06\/elementor-5788\/#article\",\"isPartOf\":{\"@id\":\"https:\/\/aureum.adv.br\/inicio\/2024\/03\/06\/elementor-5788\/\"},\"author\":{\"name\":\"bruna\",\"@id\":\"https:\/\/aureum.adv.br\/inicio\/#\/schema\/person\/bfa138bad3521ed6353a3e13d986baf0\"},\"headline\":\"Aposentado! Se voc\u00ea trabalhou em dois empregos, leia este post!\",\"datePublished\":\"2024-03-06T13:24:21+00:00\",\"dateModified\":\"2024-03-06T13:26:04+00:00\",\"mainEntityOfPage\":{\"@id\":\"https:\/\/aureum.adv.br\/inicio\/2024\/03\/06\/elementor-5788\/\"},\"wordCount\":234,\"commentCount\":0,\"publisher\":{\"@id\":\"https:\/\/aureum.adv.br\/inicio\/#organization\"},\"image\":{\"@id\":\"https:\/\/aureum.adv.br\/inicio\/2024\/03\/06\/elementor-5788\/#primaryimage\"},\"thumbnailUrl\":\"https:\/\/aureum.adv.br\/inicio\/wp-content\/uploads\/2024\/03\/2-empregos-1.png\",\"articleSection\":[\"Uncategorized\"],\"inLanguage\":\"pt-BR\",\"potentialAction\":[{\"@type\":\"CommentAction\",\"name\":\"Comment\",\"target\":[\"https:\/\/aureum.adv.br\/inicio\/2024\/03\/06\/elementor-5788\/#respond\"]}]},{\"@type\":\"WebPage\",\"@id\":\"https:\/\/aureum.adv.br\/inicio\/2024\/03\/06\/elementor-5788\/\",\"url\":\"https:\/\/aureum.adv.br\/inicio\/2024\/03\/06\/elementor-5788\/\",\"name\":\"Aposentado! Se voc\u00ea trabalhou em dois empregos, leia este post! - Aureum Advocacia\",\"isPartOf\":{\"@id\":\"https:\/\/aureum.adv.br\/inicio\/#website\"},\"primaryImageOfPage\":{\"@id\":\"https:\/\/aureum.adv.br\/inicio\/2024\/03\/06\/elementor-5788\/#primaryimage\"},\"image\":{\"@id\":\"https:\/\/aureum.adv.br\/inicio\/2024\/03\/06\/elementor-5788\/#primaryimage\"},\"thumbnailUrl\":\"https:\/\/aureum.adv.br\/inicio\/wp-content\/uploads\/2024\/03\/2-empregos-1.png\",\"datePublished\":\"2024-03-06T13:24:21+00:00\",\"dateModified\":\"2024-03-06T13:26:04+00:00\",\"breadcrumb\":{\"@id\":\"https:\/\/aureum.adv.br\/inicio\/2024\/03\/06\/elementor-5788\/#breadcrumb\"},\"inLanguage\":\"pt-BR\",\"potentialAction\":[{\"@type\":\"ReadAction\",\"target\":[\"https:\/\/aureum.adv.br\/inicio\/2024\/03\/06\/elementor-5788\/\"]}]},{\"@type\":\"ImageObject\",\"inLanguage\":\"pt-BR\",\"@id\":\"https:\/\/aureum.adv.br\/inicio\/2024\/03\/06\/elementor-5788\/#primaryimage\",\"url\":\"https:\/\/aureum.adv.br\/inicio\/wp-content\/uploads\/2024\/03\/2-empregos-1.png\",\"contentUrl\":\"https:\/\/aureum.adv.br\/inicio\/wp-content\/uploads\/2024\/03\/2-empregos-1.png\",\"width\":583,\"height\":584},{\"@type\":\"BreadcrumbList\",\"@id\":\"https:\/\/aureum.adv.br\/inicio\/2024\/03\/06\/elementor-5788\/#breadcrumb\",\"itemListElement\":[{\"@type\":\"ListItem\",\"position\":1,\"name\":\"In\u00edcio\",\"item\":\"https:\/\/aureum.adv.br\/inicio\/\"},{\"@type\":\"ListItem\",\"position\":2,\"name\":\"Aposentado! Se voc\u00ea trabalhou em dois empregos, leia este post!\"}]},{\"@type\":\"WebSite\",\"@id\":\"https:\/\/aureum.adv.br\/inicio\/#website\",\"url\":\"https:\/\/aureum.adv.br\/inicio\/\",\"name\":\"Aureum Advocacia\",\"description\":\"Aureum Advocacia Tribut\u00e1ria\",\"publisher\":{\"@id\":\"https:\/\/aureum.adv.br\/inicio\/#organization\"},\"potentialAction\":[{\"@type\":\"SearchAction\",\"target\":{\"@type\":\"EntryPoint\",\"urlTemplate\":\"https:\/\/aureum.adv.br\/inicio\/?s={search_term_string}\"},\"query-input\":{\"@type\":\"PropertyValueSpecification\",\"valueRequired\":true,\"valueName\":\"search_term_string\"}}],\"inLanguage\":\"pt-BR\"},{\"@type\":\"Organization\",\"@id\":\"https:\/\/aureum.adv.br\/inicio\/#organization\",\"name\":\"Aureum\",\"url\":\"https:\/\/aureum.adv.br\/inicio\/\",\"logo\":{\"@type\":\"ImageObject\",\"inLanguage\":\"pt-BR\",\"@id\":\"https:\/\/aureum.adv.br\/inicio\/#\/schema\/logo\/image\/\",\"url\":\"https:\/\/aureum.adv.br\/inicio\/wp-content\/uploads\/2020\/04\/logo_com-fundo.png\",\"contentUrl\":\"https:\/\/aureum.adv.br\/inicio\/wp-content\/uploads\/2020\/04\/logo_com-fundo.png\",\"width\":1080,\"height\":1400,\"caption\":\"Aureum\"},\"image\":{\"@id\":\"https:\/\/aureum.adv.br\/inicio\/#\/schema\/logo\/image\/\"},\"sameAs\":[\"https:\/\/www.facebook.com\/aureumadvocacia\",\"https:\/\/br.linkedin.com\/company\/aureum-advocacia\"]},{\"@type\":\"Person\",\"@id\":\"https:\/\/aureum.adv.br\/inicio\/#\/schema\/person\/bfa138bad3521ed6353a3e13d986baf0\",\"name\":\"bruna\",\"image\":{\"@type\":\"ImageObject\",\"inLanguage\":\"pt-BR\",\"@id\":\"https:\/\/aureum.adv.br\/inicio\/#\/schema\/person\/image\/\",\"url\":\"https:\/\/secure.gravatar.com\/avatar\/ec30cfb94570b842e7230a0fa0eaf2d45ab44f38f3165e80cf8f0311e64d4bd6?s=96&d=mm&r=g\",\"contentUrl\":\"https:\/\/secure.gravatar.com\/avatar\/ec30cfb94570b842e7230a0fa0eaf2d45ab44f38f3165e80cf8f0311e64d4bd6?s=96&d=mm&r=g\",\"caption\":\"bruna\"},\"url\":\"https:\/\/aureum.adv.br\/inicio\/author\/bruna\/\"}]}<\/script>\n<!-- \/ Yoast SEO plugin. -->","yoast_head_json":{"title":"Aposentado! Se voc\u00ea trabalhou em dois empregos, leia este post! - Aureum Advocacia","robots":{"index":"index","follow":"follow","max-snippet":"max-snippet:-1","max-image-preview":"max-image-preview:large","max-video-preview":"max-video-preview:-1"},"canonical":"https:\/\/aureum.adv.br\/inicio\/2024\/03\/06\/elementor-5788\/","og_locale":"pt_BR","og_type":"article","og_title":"Aposentado! Se voc\u00ea trabalhou em dois empregos, leia este post! - Aureum Advocacia","og_description":"Se voc\u00ea \u00e9 aposentado e, em algum momento, trabalhou em dois empregos simultaneamente, pode ter direito a aumentar o valor de seu benef\u00edcio. Quem trabalhou em mais de um emprego ao mesmo tempo (conhecido como atividades concomitantes) e contribuiu para a previd\u00eancia em ambos, pode ter sido v\u00edtima de erro no c\u00e1lculo do benef\u00edcio de aposentadoria. Nas atividades concomitantes, o INSS n\u00e3o levava em conta a soma integral dos sal\u00e1rios recebidos. Isso porque ele diferenciava as atividades prim\u00e1ria e secund\u00e1ria, o que gerava um valor menor de aposentadoria. Ent\u00e3o, em 18\/06\/2019, entrou em vigor uma nova regra que beneficia o segurado que contribuiu em atividades concomitantes. Ela determina que o sal\u00e1rio de contribui\u00e7\u00e3o deveria ser calculado a partir&hellip;","og_url":"https:\/\/aureum.adv.br\/inicio\/2024\/03\/06\/elementor-5788\/","og_site_name":"Aureum Advocacia","article_publisher":"https:\/\/www.facebook.com\/aureumadvocacia","article_published_time":"2024-03-06T13:24:21+00:00","article_modified_time":"2024-03-06T13:26:04+00:00","og_image":[{"width":583,"height":584,"url":"https:\/\/aureum.adv.br\/inicio\/wp-content\/uploads\/2024\/03\/2-empregos-1.png","type":"image\/png"}],"author":"bruna","twitter_card":"summary_large_image","twitter_misc":{"Escrito por":"bruna","Est. tempo de leitura":"2 minutos"},"schema":{"@context":"https:\/\/schema.org","@graph":[{"@type":"Article","@id":"https:\/\/aureum.adv.br\/inicio\/2024\/03\/06\/elementor-5788\/#article","isPartOf":{"@id":"https:\/\/aureum.adv.br\/inicio\/2024\/03\/06\/elementor-5788\/"},"author":{"name":"bruna","@id":"https:\/\/aureum.adv.br\/inicio\/#\/schema\/person\/bfa138bad3521ed6353a3e13d986baf0"},"headline":"Aposentado! Se voc\u00ea trabalhou em dois empregos, leia este post!","datePublished":"2024-03-06T13:24:21+00:00","dateModified":"2024-03-06T13:26:04+00:00","mainEntityOfPage":{"@id":"https:\/\/aureum.adv.br\/inicio\/2024\/03\/06\/elementor-5788\/"},"wordCount":234,"commentCount":0,"publisher":{"@id":"https:\/\/aureum.adv.br\/inicio\/#organization"},"image":{"@id":"https:\/\/aureum.adv.br\/inicio\/2024\/03\/06\/elementor-5788\/#primaryimage"},"thumbnailUrl":"https:\/\/aureum.adv.br\/inicio\/wp-content\/uploads\/2024\/03\/2-empregos-1.png","articleSection":["Uncategorized"],"inLanguage":"pt-BR","potentialAction":[{"@type":"CommentAction","name":"Comment","target":["https:\/\/aureum.adv.br\/inicio\/2024\/03\/06\/elementor-5788\/#respond"]}]},{"@type":"WebPage","@id":"https:\/\/aureum.adv.br\/inicio\/2024\/03\/06\/elementor-5788\/","url":"https:\/\/aureum.adv.br\/inicio\/2024\/03\/06\/elementor-5788\/","name":"Aposentado! Se voc\u00ea trabalhou em dois empregos, leia este post! - Aureum Advocacia","isPartOf":{"@id":"https:\/\/aureum.adv.br\/inicio\/#website"},"primaryImageOfPage":{"@id":"https:\/\/aureum.adv.br\/inicio\/2024\/03\/06\/elementor-5788\/#primaryimage"},"image":{"@id":"https:\/\/aureum.adv.br\/inicio\/2024\/03\/06\/elementor-5788\/#primaryimage"},"thumbnailUrl":"https:\/\/aureum.adv.br\/inicio\/wp-content\/uploads\/2024\/03\/2-empregos-1.png","datePublished":"2024-03-06T13:24:21+00:00","dateModified":"2024-03-06T13:26:04+00:00","breadcrumb":{"@id":"https:\/\/aureum.adv.br\/inicio\/2024\/03\/06\/elementor-5788\/#breadcrumb"},"inLanguage":"pt-BR","potentialAction":[{"@type":"ReadAction","target":["https:\/\/aureum.adv.br\/inicio\/2024\/03\/06\/elementor-5788\/"]}]},{"@type":"ImageObject","inLanguage":"pt-BR","@id":"https:\/\/aureum.adv.br\/inicio\/2024\/03\/06\/elementor-5788\/#primaryimage","url":"https:\/\/aureum.adv.br\/inicio\/wp-content\/uploads\/2024\/03\/2-empregos-1.png","contentUrl":"https:\/\/aureum.adv.br\/inicio\/wp-content\/uploads\/2024\/03\/2-empregos-1.png","width":583,"height":584},{"@type":"BreadcrumbList","@id":"https:\/\/aureum.adv.br\/inicio\/2024\/03\/06\/elementor-5788\/#breadcrumb","itemListElement":[{"@type":"ListItem","position":1,"name":"In\u00edcio","item":"https:\/\/aureum.adv.br\/inicio\/"},{"@type":"ListItem","position":2,"name":"Aposentado! Se voc\u00ea trabalhou em dois empregos, leia este post!"}]},{"@type":"WebSite","@id":"https:\/\/aureum.adv.br\/inicio\/#website","url":"https:\/\/aureum.adv.br\/inicio\/","name":"Aureum Advocacia","description":"Aureum Advocacia Tribut\u00e1ria","publisher":{"@id":"https:\/\/aureum.adv.br\/inicio\/#organization"},"potentialAction":[{"@type":"SearchAction","target":{"@type":"EntryPoint","urlTemplate":"https:\/\/aureum.adv.br\/inicio\/?s={search_term_string}"},"query-input":{"@type":"PropertyValueSpecification","valueRequired":true,"valueName":"search_term_string"}}],"inLanguage":"pt-BR"},{"@type":"Organization","@id":"https:\/\/aureum.adv.br\/inicio\/#organization","name":"Aureum","url":"https:\/\/aureum.adv.br\/inicio\/","logo":{"@type":"ImageObject","inLanguage":"pt-BR","@id":"https:\/\/aureum.adv.br\/inicio\/#\/schema\/logo\/image\/","url":"https:\/\/aureum.adv.br\/inicio\/wp-content\/uploads\/2020\/04\/logo_com-fundo.png","contentUrl":"https:\/\/aureum.adv.br\/inicio\/wp-content\/uploads\/2020\/04\/logo_com-fundo.png","width":1080,"height":1400,"caption":"Aureum"},"image":{"@id":"https:\/\/aureum.adv.br\/inicio\/#\/schema\/logo\/image\/"},"sameAs":["https:\/\/www.facebook.com\/aureumadvocacia","https:\/\/br.linkedin.com\/company\/aureum-advocacia"]},{"@type":"Person","@id":"https:\/\/aureum.adv.br\/inicio\/#\/schema\/person\/bfa138bad3521ed6353a3e13d986baf0","name":"bruna","image":{"@type":"ImageObject","inLanguage":"pt-BR","@id":"https:\/\/aureum.adv.br\/inicio\/#\/schema\/person\/image\/","url":"https:\/\/secure.gravatar.com\/avatar\/ec30cfb94570b842e7230a0fa0eaf2d45ab44f38f3165e80cf8f0311e64d4bd6?s=96&d=mm&r=g","contentUrl":"https:\/\/secure.gravatar.com\/avatar\/ec30cfb94570b842e7230a0fa0eaf2d45ab44f38f3165e80cf8f0311e64d4bd6?s=96&d=mm&r=g","caption":"bruna"},"url":"https:\/\/aureum.adv.br\/inicio\/author\/bruna\/"}]}},"_links":{"self":[{"href":"https:\/\/aureum.adv.br\/inicio\/wp-json\/wp\/v2\/posts\/5788","targetHints":{"allow":["GET"]}}],"collection":[{"href":"https:\/\/aureum.adv.br\/inicio\/wp-json\/wp\/v2\/posts"}],"about":[{"href":"https:\/\/aureum.adv.br\/inicio\/wp-json\/wp\/v2\/types\/post"}],"author":[{"embeddable":true,"href":"https:\/\/aureum.adv.br\/inicio\/wp-json\/wp\/v2\/users\/2"}],"replies":[{"embeddable":true,"href":"https:\/\/aureum.adv.br\/inicio\/wp-json\/wp\/v2\/comments?post=5788"}],"version-history":[{"count":4,"href":"https:\/\/aureum.adv.br\/inicio\/wp-json\/wp\/v2\/posts\/5788\/revisions"}],"predecessor-version":[{"id":5793,"href":"https:\/\/aureum.adv.br\/inicio\/wp-json\/wp\/v2\/posts\/5788\/revisions\/5793"}],"wp:featuredmedia":[{"embeddable":true,"href":"https:\/\/aureum.adv.br\/inicio\/wp-json\/wp\/v2\/media\/5790"}],"wp:attachment":[{"href":"https:\/\/aureum.adv.br\/inicio\/wp-json\/wp\/v2\/media?parent=5788"}],"wp:term":[{"taxonomy":"category","embeddable":true,"href":"https:\/\/aureum.adv.br\/inicio\/wp-json\/wp\/v2\/categories?post=5788"},{"taxonomy":"post_tag","embeddable":true,"href":"https:\/\/aureum.adv.br\/inicio\/wp-json\/wp\/v2\/tags?post=5788"}],"curies":[{"name":"wp","href":"https:\/\/api.w.org\/{rel}","templated":true}]}}