{"id":5781,"date":"2024-03-05T17:20:46","date_gmt":"2024-03-05T20:20:46","guid":{"rendered":"https:\/\/aureum.adv.br\/inicio\/?p=5781"},"modified":"2024-03-05T17:22:25","modified_gmt":"2024-03-05T20:22:25","slug":"elementor-5781","status":"publish","type":"post","link":"https:\/\/aureum.adv.br\/inicio\/2024\/03\/05\/elementor-5781\/","title":{"rendered":"STF: Pedido de vista suspende julgamento sobre reinclus\u00e3o de contribuintes no REFIS"},"content":{"rendered":"\t\t<div data-elementor-type=\"wp-post\" data-elementor-id=\"5781\" class=\"elementor elementor-5781\">\n\t\t\t\t\t\t<section class=\"elementor-section elementor-top-section elementor-element elementor-element-e9e6678 elementor-section-boxed elementor-section-height-default elementor-section-height-default\" data-id=\"e9e6678\" data-element_type=\"section\">\n\t\t\t\t\t\t<div class=\"elementor-container elementor-column-gap-default\">\n\t\t\t\t\t<div class=\"elementor-column elementor-col-100 elementor-top-column elementor-element elementor-element-730b7a0\" data-id=\"730b7a0\" data-element_type=\"column\">\n\t\t\t<div class=\"elementor-widget-wrap elementor-element-populated\">\n\t\t\t\t\t\t<div class=\"elementor-element elementor-element-bc183a4 elementor-widget elementor-widget-text-editor\" data-id=\"bc183a4\" data-element_type=\"widget\" data-widget_type=\"text-editor.default\">\n\t\t\t\t<div class=\"elementor-widget-container\">\n\t\t\t\t\t\t\t\t\t<p style=\"text-align: justify;\"><span>Um pedido de vista na \u00faltima ter\u00e7a-feira (27\/2) suspendeu o julgamento da ADI 7.370, em sess\u00e3o virtual, no Supremo Tribunal Federal (STF), para referendar a decis\u00e3o que determinou a reinclus\u00e3o de contribuintes que haviam sido exclu\u00eddos do Refis com base na tese de que estariam inadimplentes. O placar estava em 2\u00d70 a favor da reinclus\u00e3o dos contribuintes no parcelamento quando o Ministro Fl\u00e1vio Dino pediu vista.<\/span><br \/><br \/><span>A controv\u00e9rsia gira em torno do Parecer PGFN\/CDA 1.206\/2013, da Fazenda Nacional, que considerou inadimplentes os contribuintes que pagaram parcelas de valor insuficiente para amortiza\u00e7\u00e3o da d\u00edvida. A situa\u00e7\u00e3o ficou conhecida como caso das \u201cparcelas \u00ednfimas ou impag\u00e1veis\u201d.<\/span><br \/><br \/><span>O Relator, Ministro Cristiano Zanin, observou em seu voto que a exclus\u00e3o do Refis s\u00f3 pode ocorrer nas hip\u00f3teses previstas no inciso II do artigo 5\u00ba da Lei 9964\/2000, ou seja, \u201cinadimpl\u00eancia, por tr\u00eas meses consecutivos ou seis meses alternados, o que ocorrer primeiro\u201d.<\/span><br \/><br \/><span>Para o Magistrado, ao excluir os contribuintes, a Administra\u00e7\u00e3o P\u00fablica Federal usurpou a compet\u00eancia do Poder Legislativo, a quem cabe estabelecer hip\u00f3teses para exclus\u00e3o.<\/span><br \/><br \/><span>O entendimento do Relator foi acompanhado pela Ministra C\u00e1rmen L\u00facia. Em seguida, o Ministro Fl\u00e1vio Dino pediu vista, e n\u00e3o h\u00e1 previs\u00e3o para a retomada do julgamento.<\/span><br \/><br \/><span>Para ficar por dentro de todas as novidades tribut\u00e1rias, siga-nos em nossas redes sociais ou consulte um de nossos especialistas.<\/span><\/p>\t\t\t\t\t\t\t\t<\/div>\n\t\t\t\t<\/div>\n\t\t\t\t\t<\/div>\n\t\t<\/div>\n\t\t\t\t\t<\/div>\n\t\t<\/section>\n\t\t\t\t<\/div>\n\t\t","protected":false},"excerpt":{"rendered":"<p>Um pedido de vista na \u00faltima ter\u00e7a-feira (27\/2) suspendeu o julgamento da ADI 7.370, em sess\u00e3o virtual, no Supremo Tribunal Federal (STF), para referendar a decis\u00e3o que determinou a reinclus\u00e3o de contribuintes que haviam sido exclu\u00eddos do Refis com base na tese de que estariam inadimplentes. O placar estava em 2\u00d70 a favor da reinclus\u00e3o dos contribuintes no parcelamento quando o Ministro Fl\u00e1vio Dino pediu vista. A controv\u00e9rsia gira em torno do Parecer PGFN\/CDA 1.206\/2013, da Fazenda Nacional, que considerou inadimplentes os contribuintes que pagaram parcelas de valor insuficiente para amortiza\u00e7\u00e3o da d\u00edvida. A situa\u00e7\u00e3o ficou conhecida como caso das \u201cparcelas \u00ednfimas ou impag\u00e1veis\u201d. O Relator, Ministro Cristiano Zanin, observou em seu voto que a exclus\u00e3o do Refis&hellip;<\/p>\n","protected":false},"author":2,"featured_media":5784,"comment_status":"open","ping_status":"open","sticky":false,"template":"","format":"standard","meta":{"footnotes":""},"categories":[1],"tags":[],"class_list":["post-5781","post","type-post","status-publish","format-standard","has-post-thumbnail","hentry","category-uncategorized"],"yoast_head":"<!-- This site is optimized with the Yoast SEO plugin v26.9 - https:\/\/yoast.com\/product\/yoast-seo-wordpress\/ -->\n<title>STF: Pedido de vista suspende julgamento sobre reinclus\u00e3o de contribuintes no REFIS - Aureum Advocacia<\/title>\n<meta name=\"robots\" content=\"index, follow, max-snippet:-1, max-image-preview:large, max-video-preview:-1\" \/>\n<link rel=\"canonical\" href=\"https:\/\/aureum.adv.br\/inicio\/2024\/03\/05\/elementor-5781\/\" \/>\n<meta property=\"og:locale\" content=\"pt_BR\" \/>\n<meta property=\"og:type\" content=\"article\" \/>\n<meta property=\"og:title\" content=\"STF: Pedido de vista suspende julgamento sobre reinclus\u00e3o de contribuintes no REFIS - Aureum Advocacia\" \/>\n<meta property=\"og:description\" content=\"Um pedido de vista na \u00faltima ter\u00e7a-feira (27\/2) suspendeu o julgamento da ADI 7.370, em sess\u00e3o virtual, no Supremo Tribunal Federal (STF), para referendar a decis\u00e3o que determinou a reinclus\u00e3o de contribuintes que haviam sido exclu\u00eddos do Refis com base na tese de que estariam inadimplentes. O placar estava em 2\u00d70 a favor da reinclus\u00e3o dos contribuintes no parcelamento quando o Ministro Fl\u00e1vio Dino pediu vista. A controv\u00e9rsia gira em torno do Parecer PGFN\/CDA 1.206\/2013, da Fazenda Nacional, que considerou inadimplentes os contribuintes que pagaram parcelas de valor insuficiente para amortiza\u00e7\u00e3o da d\u00edvida. A situa\u00e7\u00e3o ficou conhecida como caso das \u201cparcelas \u00ednfimas ou impag\u00e1veis\u201d. O Relator, Ministro Cristiano Zanin, observou em seu voto que a exclus\u00e3o do Refis&hellip;\" \/>\n<meta property=\"og:url\" content=\"https:\/\/aureum.adv.br\/inicio\/2024\/03\/05\/elementor-5781\/\" \/>\n<meta property=\"og:site_name\" content=\"Aureum Advocacia\" \/>\n<meta property=\"article:publisher\" content=\"https:\/\/www.facebook.com\/aureumadvocacia\" \/>\n<meta property=\"article:published_time\" content=\"2024-03-05T20:20:46+00:00\" \/>\n<meta property=\"article:modified_time\" content=\"2024-03-05T20:22:25+00:00\" \/>\n<meta property=\"og:image\" content=\"https:\/\/aureum.adv.br\/inicio\/wp-content\/uploads\/2024\/03\/POSTS-e-NEWS-29.jpg\" \/>\n\t<meta property=\"og:image:width\" content=\"1080\" \/>\n\t<meta property=\"og:image:height\" content=\"1080\" \/>\n\t<meta property=\"og:image:type\" content=\"image\/jpeg\" \/>\n<meta name=\"author\" content=\"bruna\" \/>\n<meta name=\"twitter:card\" content=\"summary_large_image\" \/>\n<meta name=\"twitter:label1\" content=\"Escrito por\" \/>\n\t<meta name=\"twitter:data1\" content=\"bruna\" \/>\n\t<meta name=\"twitter:label2\" content=\"Est. tempo de leitura\" \/>\n\t<meta name=\"twitter:data2\" content=\"2 minutos\" \/>\n<script type=\"application\/ld+json\" class=\"yoast-schema-graph\">{\"@context\":\"https:\/\/schema.org\",\"@graph\":[{\"@type\":\"Article\",\"@id\":\"https:\/\/aureum.adv.br\/inicio\/2024\/03\/05\/elementor-5781\/#article\",\"isPartOf\":{\"@id\":\"https:\/\/aureum.adv.br\/inicio\/2024\/03\/05\/elementor-5781\/\"},\"author\":{\"name\":\"bruna\",\"@id\":\"https:\/\/aureum.adv.br\/inicio\/#\/schema\/person\/bfa138bad3521ed6353a3e13d986baf0\"},\"headline\":\"STF: Pedido de vista suspende julgamento sobre reinclus\u00e3o de contribuintes no REFIS\",\"datePublished\":\"2024-03-05T20:20:46+00:00\",\"dateModified\":\"2024-03-05T20:22:25+00:00\",\"mainEntityOfPage\":{\"@id\":\"https:\/\/aureum.adv.br\/inicio\/2024\/03\/05\/elementor-5781\/\"},\"wordCount\":254,\"commentCount\":0,\"publisher\":{\"@id\":\"https:\/\/aureum.adv.br\/inicio\/#organization\"},\"image\":{\"@id\":\"https:\/\/aureum.adv.br\/inicio\/2024\/03\/05\/elementor-5781\/#primaryimage\"},\"thumbnailUrl\":\"https:\/\/aureum.adv.br\/inicio\/wp-content\/uploads\/2024\/03\/POSTS-e-NEWS-29.jpg\",\"articleSection\":[\"Uncategorized\"],\"inLanguage\":\"pt-BR\",\"potentialAction\":[{\"@type\":\"CommentAction\",\"name\":\"Comment\",\"target\":[\"https:\/\/aureum.adv.br\/inicio\/2024\/03\/05\/elementor-5781\/#respond\"]}]},{\"@type\":\"WebPage\",\"@id\":\"https:\/\/aureum.adv.br\/inicio\/2024\/03\/05\/elementor-5781\/\",\"url\":\"https:\/\/aureum.adv.br\/inicio\/2024\/03\/05\/elementor-5781\/\",\"name\":\"STF: Pedido de vista suspende julgamento sobre reinclus\u00e3o de contribuintes no REFIS - Aureum Advocacia\",\"isPartOf\":{\"@id\":\"https:\/\/aureum.adv.br\/inicio\/#website\"},\"primaryImageOfPage\":{\"@id\":\"https:\/\/aureum.adv.br\/inicio\/2024\/03\/05\/elementor-5781\/#primaryimage\"},\"image\":{\"@id\":\"https:\/\/aureum.adv.br\/inicio\/2024\/03\/05\/elementor-5781\/#primaryimage\"},\"thumbnailUrl\":\"https:\/\/aureum.adv.br\/inicio\/wp-content\/uploads\/2024\/03\/POSTS-e-NEWS-29.jpg\",\"datePublished\":\"2024-03-05T20:20:46+00:00\",\"dateModified\":\"2024-03-05T20:22:25+00:00\",\"breadcrumb\":{\"@id\":\"https:\/\/aureum.adv.br\/inicio\/2024\/03\/05\/elementor-5781\/#breadcrumb\"},\"inLanguage\":\"pt-BR\",\"potentialAction\":[{\"@type\":\"ReadAction\",\"target\":[\"https:\/\/aureum.adv.br\/inicio\/2024\/03\/05\/elementor-5781\/\"]}]},{\"@type\":\"ImageObject\",\"inLanguage\":\"pt-BR\",\"@id\":\"https:\/\/aureum.adv.br\/inicio\/2024\/03\/05\/elementor-5781\/#primaryimage\",\"url\":\"https:\/\/aureum.adv.br\/inicio\/wp-content\/uploads\/2024\/03\/POSTS-e-NEWS-29.jpg\",\"contentUrl\":\"https:\/\/aureum.adv.br\/inicio\/wp-content\/uploads\/2024\/03\/POSTS-e-NEWS-29.jpg\",\"width\":1080,\"height\":1080},{\"@type\":\"BreadcrumbList\",\"@id\":\"https:\/\/aureum.adv.br\/inicio\/2024\/03\/05\/elementor-5781\/#breadcrumb\",\"itemListElement\":[{\"@type\":\"ListItem\",\"position\":1,\"name\":\"In\u00edcio\",\"item\":\"https:\/\/aureum.adv.br\/inicio\/\"},{\"@type\":\"ListItem\",\"position\":2,\"name\":\"STF: Pedido de vista suspende julgamento sobre reinclus\u00e3o de contribuintes no REFIS\"}]},{\"@type\":\"WebSite\",\"@id\":\"https:\/\/aureum.adv.br\/inicio\/#website\",\"url\":\"https:\/\/aureum.adv.br\/inicio\/\",\"name\":\"Aureum Advocacia\",\"description\":\"Aureum Advocacia Tribut\u00e1ria\",\"publisher\":{\"@id\":\"https:\/\/aureum.adv.br\/inicio\/#organization\"},\"potentialAction\":[{\"@type\":\"SearchAction\",\"target\":{\"@type\":\"EntryPoint\",\"urlTemplate\":\"https:\/\/aureum.adv.br\/inicio\/?s={search_term_string}\"},\"query-input\":{\"@type\":\"PropertyValueSpecification\",\"valueRequired\":true,\"valueName\":\"search_term_string\"}}],\"inLanguage\":\"pt-BR\"},{\"@type\":\"Organization\",\"@id\":\"https:\/\/aureum.adv.br\/inicio\/#organization\",\"name\":\"Aureum\",\"url\":\"https:\/\/aureum.adv.br\/inicio\/\",\"logo\":{\"@type\":\"ImageObject\",\"inLanguage\":\"pt-BR\",\"@id\":\"https:\/\/aureum.adv.br\/inicio\/#\/schema\/logo\/image\/\",\"url\":\"https:\/\/aureum.adv.br\/inicio\/wp-content\/uploads\/2020\/04\/logo_com-fundo.png\",\"contentUrl\":\"https:\/\/aureum.adv.br\/inicio\/wp-content\/uploads\/2020\/04\/logo_com-fundo.png\",\"width\":1080,\"height\":1400,\"caption\":\"Aureum\"},\"image\":{\"@id\":\"https:\/\/aureum.adv.br\/inicio\/#\/schema\/logo\/image\/\"},\"sameAs\":[\"https:\/\/www.facebook.com\/aureumadvocacia\",\"https:\/\/br.linkedin.com\/company\/aureum-advocacia\"]},{\"@type\":\"Person\",\"@id\":\"https:\/\/aureum.adv.br\/inicio\/#\/schema\/person\/bfa138bad3521ed6353a3e13d986baf0\",\"name\":\"bruna\",\"image\":{\"@type\":\"ImageObject\",\"inLanguage\":\"pt-BR\",\"@id\":\"https:\/\/aureum.adv.br\/inicio\/#\/schema\/person\/image\/\",\"url\":\"https:\/\/secure.gravatar.com\/avatar\/ec30cfb94570b842e7230a0fa0eaf2d45ab44f38f3165e80cf8f0311e64d4bd6?s=96&d=mm&r=g\",\"contentUrl\":\"https:\/\/secure.gravatar.com\/avatar\/ec30cfb94570b842e7230a0fa0eaf2d45ab44f38f3165e80cf8f0311e64d4bd6?s=96&d=mm&r=g\",\"caption\":\"bruna\"},\"url\":\"https:\/\/aureum.adv.br\/inicio\/author\/bruna\/\"}]}<\/script>\n<!-- \/ Yoast SEO plugin. -->","yoast_head_json":{"title":"STF: Pedido de vista suspende julgamento sobre reinclus\u00e3o de contribuintes no REFIS - Aureum Advocacia","robots":{"index":"index","follow":"follow","max-snippet":"max-snippet:-1","max-image-preview":"max-image-preview:large","max-video-preview":"max-video-preview:-1"},"canonical":"https:\/\/aureum.adv.br\/inicio\/2024\/03\/05\/elementor-5781\/","og_locale":"pt_BR","og_type":"article","og_title":"STF: Pedido de vista suspende julgamento sobre reinclus\u00e3o de contribuintes no REFIS - Aureum Advocacia","og_description":"Um pedido de vista na \u00faltima ter\u00e7a-feira (27\/2) suspendeu o julgamento da ADI 7.370, em sess\u00e3o virtual, no Supremo Tribunal Federal (STF), para referendar a decis\u00e3o que determinou a reinclus\u00e3o de contribuintes que haviam sido exclu\u00eddos do Refis com base na tese de que estariam inadimplentes. O placar estava em 2\u00d70 a favor da reinclus\u00e3o dos contribuintes no parcelamento quando o Ministro Fl\u00e1vio Dino pediu vista. A controv\u00e9rsia gira em torno do Parecer PGFN\/CDA 1.206\/2013, da Fazenda Nacional, que considerou inadimplentes os contribuintes que pagaram parcelas de valor insuficiente para amortiza\u00e7\u00e3o da d\u00edvida. A situa\u00e7\u00e3o ficou conhecida como caso das \u201cparcelas \u00ednfimas ou impag\u00e1veis\u201d. O Relator, Ministro Cristiano Zanin, observou em seu voto que a exclus\u00e3o do Refis&hellip;","og_url":"https:\/\/aureum.adv.br\/inicio\/2024\/03\/05\/elementor-5781\/","og_site_name":"Aureum Advocacia","article_publisher":"https:\/\/www.facebook.com\/aureumadvocacia","article_published_time":"2024-03-05T20:20:46+00:00","article_modified_time":"2024-03-05T20:22:25+00:00","og_image":[{"width":1080,"height":1080,"url":"https:\/\/aureum.adv.br\/inicio\/wp-content\/uploads\/2024\/03\/POSTS-e-NEWS-29.jpg","type":"image\/jpeg"}],"author":"bruna","twitter_card":"summary_large_image","twitter_misc":{"Escrito por":"bruna","Est. tempo de leitura":"2 minutos"},"schema":{"@context":"https:\/\/schema.org","@graph":[{"@type":"Article","@id":"https:\/\/aureum.adv.br\/inicio\/2024\/03\/05\/elementor-5781\/#article","isPartOf":{"@id":"https:\/\/aureum.adv.br\/inicio\/2024\/03\/05\/elementor-5781\/"},"author":{"name":"bruna","@id":"https:\/\/aureum.adv.br\/inicio\/#\/schema\/person\/bfa138bad3521ed6353a3e13d986baf0"},"headline":"STF: Pedido de vista suspende julgamento sobre reinclus\u00e3o de contribuintes no REFIS","datePublished":"2024-03-05T20:20:46+00:00","dateModified":"2024-03-05T20:22:25+00:00","mainEntityOfPage":{"@id":"https:\/\/aureum.adv.br\/inicio\/2024\/03\/05\/elementor-5781\/"},"wordCount":254,"commentCount":0,"publisher":{"@id":"https:\/\/aureum.adv.br\/inicio\/#organization"},"image":{"@id":"https:\/\/aureum.adv.br\/inicio\/2024\/03\/05\/elementor-5781\/#primaryimage"},"thumbnailUrl":"https:\/\/aureum.adv.br\/inicio\/wp-content\/uploads\/2024\/03\/POSTS-e-NEWS-29.jpg","articleSection":["Uncategorized"],"inLanguage":"pt-BR","potentialAction":[{"@type":"CommentAction","name":"Comment","target":["https:\/\/aureum.adv.br\/inicio\/2024\/03\/05\/elementor-5781\/#respond"]}]},{"@type":"WebPage","@id":"https:\/\/aureum.adv.br\/inicio\/2024\/03\/05\/elementor-5781\/","url":"https:\/\/aureum.adv.br\/inicio\/2024\/03\/05\/elementor-5781\/","name":"STF: Pedido de vista suspende julgamento sobre reinclus\u00e3o de contribuintes no REFIS - Aureum Advocacia","isPartOf":{"@id":"https:\/\/aureum.adv.br\/inicio\/#website"},"primaryImageOfPage":{"@id":"https:\/\/aureum.adv.br\/inicio\/2024\/03\/05\/elementor-5781\/#primaryimage"},"image":{"@id":"https:\/\/aureum.adv.br\/inicio\/2024\/03\/05\/elementor-5781\/#primaryimage"},"thumbnailUrl":"https:\/\/aureum.adv.br\/inicio\/wp-content\/uploads\/2024\/03\/POSTS-e-NEWS-29.jpg","datePublished":"2024-03-05T20:20:46+00:00","dateModified":"2024-03-05T20:22:25+00:00","breadcrumb":{"@id":"https:\/\/aureum.adv.br\/inicio\/2024\/03\/05\/elementor-5781\/#breadcrumb"},"inLanguage":"pt-BR","potentialAction":[{"@type":"ReadAction","target":["https:\/\/aureum.adv.br\/inicio\/2024\/03\/05\/elementor-5781\/"]}]},{"@type":"ImageObject","inLanguage":"pt-BR","@id":"https:\/\/aureum.adv.br\/inicio\/2024\/03\/05\/elementor-5781\/#primaryimage","url":"https:\/\/aureum.adv.br\/inicio\/wp-content\/uploads\/2024\/03\/POSTS-e-NEWS-29.jpg","contentUrl":"https:\/\/aureum.adv.br\/inicio\/wp-content\/uploads\/2024\/03\/POSTS-e-NEWS-29.jpg","width":1080,"height":1080},{"@type":"BreadcrumbList","@id":"https:\/\/aureum.adv.br\/inicio\/2024\/03\/05\/elementor-5781\/#breadcrumb","itemListElement":[{"@type":"ListItem","position":1,"name":"In\u00edcio","item":"https:\/\/aureum.adv.br\/inicio\/"},{"@type":"ListItem","position":2,"name":"STF: Pedido de vista suspende julgamento sobre reinclus\u00e3o de contribuintes no REFIS"}]},{"@type":"WebSite","@id":"https:\/\/aureum.adv.br\/inicio\/#website","url":"https:\/\/aureum.adv.br\/inicio\/","name":"Aureum Advocacia","description":"Aureum Advocacia Tribut\u00e1ria","publisher":{"@id":"https:\/\/aureum.adv.br\/inicio\/#organization"},"potentialAction":[{"@type":"SearchAction","target":{"@type":"EntryPoint","urlTemplate":"https:\/\/aureum.adv.br\/inicio\/?s={search_term_string}"},"query-input":{"@type":"PropertyValueSpecification","valueRequired":true,"valueName":"search_term_string"}}],"inLanguage":"pt-BR"},{"@type":"Organization","@id":"https:\/\/aureum.adv.br\/inicio\/#organization","name":"Aureum","url":"https:\/\/aureum.adv.br\/inicio\/","logo":{"@type":"ImageObject","inLanguage":"pt-BR","@id":"https:\/\/aureum.adv.br\/inicio\/#\/schema\/logo\/image\/","url":"https:\/\/aureum.adv.br\/inicio\/wp-content\/uploads\/2020\/04\/logo_com-fundo.png","contentUrl":"https:\/\/aureum.adv.br\/inicio\/wp-content\/uploads\/2020\/04\/logo_com-fundo.png","width":1080,"height":1400,"caption":"Aureum"},"image":{"@id":"https:\/\/aureum.adv.br\/inicio\/#\/schema\/logo\/image\/"},"sameAs":["https:\/\/www.facebook.com\/aureumadvocacia","https:\/\/br.linkedin.com\/company\/aureum-advocacia"]},{"@type":"Person","@id":"https:\/\/aureum.adv.br\/inicio\/#\/schema\/person\/bfa138bad3521ed6353a3e13d986baf0","name":"bruna","image":{"@type":"ImageObject","inLanguage":"pt-BR","@id":"https:\/\/aureum.adv.br\/inicio\/#\/schema\/person\/image\/","url":"https:\/\/secure.gravatar.com\/avatar\/ec30cfb94570b842e7230a0fa0eaf2d45ab44f38f3165e80cf8f0311e64d4bd6?s=96&d=mm&r=g","contentUrl":"https:\/\/secure.gravatar.com\/avatar\/ec30cfb94570b842e7230a0fa0eaf2d45ab44f38f3165e80cf8f0311e64d4bd6?s=96&d=mm&r=g","caption":"bruna"},"url":"https:\/\/aureum.adv.br\/inicio\/author\/bruna\/"}]}},"_links":{"self":[{"href":"https:\/\/aureum.adv.br\/inicio\/wp-json\/wp\/v2\/posts\/5781","targetHints":{"allow":["GET"]}}],"collection":[{"href":"https:\/\/aureum.adv.br\/inicio\/wp-json\/wp\/v2\/posts"}],"about":[{"href":"https:\/\/aureum.adv.br\/inicio\/wp-json\/wp\/v2\/types\/post"}],"author":[{"embeddable":true,"href":"https:\/\/aureum.adv.br\/inicio\/wp-json\/wp\/v2\/users\/2"}],"replies":[{"embeddable":true,"href":"https:\/\/aureum.adv.br\/inicio\/wp-json\/wp\/v2\/comments?post=5781"}],"version-history":[{"count":5,"href":"https:\/\/aureum.adv.br\/inicio\/wp-json\/wp\/v2\/posts\/5781\/revisions"}],"predecessor-version":[{"id":5787,"href":"https:\/\/aureum.adv.br\/inicio\/wp-json\/wp\/v2\/posts\/5781\/revisions\/5787"}],"wp:featuredmedia":[{"embeddable":true,"href":"https:\/\/aureum.adv.br\/inicio\/wp-json\/wp\/v2\/media\/5784"}],"wp:attachment":[{"href":"https:\/\/aureum.adv.br\/inicio\/wp-json\/wp\/v2\/media?parent=5781"}],"wp:term":[{"taxonomy":"category","embeddable":true,"href":"https:\/\/aureum.adv.br\/inicio\/wp-json\/wp\/v2\/categories?post=5781"},{"taxonomy":"post_tag","embeddable":true,"href":"https:\/\/aureum.adv.br\/inicio\/wp-json\/wp\/v2\/tags?post=5781"}],"curies":[{"name":"wp","href":"https:\/\/api.w.org\/{rel}","templated":true}]}}