{"id":5775,"date":"2024-03-05T09:33:03","date_gmt":"2024-03-05T12:33:03","guid":{"rendered":"https:\/\/aureum.adv.br\/inicio\/?p=5775"},"modified":"2024-03-05T09:52:56","modified_gmt":"2024-03-05T12:52:56","slug":"elementor-5775","status":"publish","type":"post","link":"https:\/\/aureum.adv.br\/inicio\/2024\/03\/05\/elementor-5775\/","title":{"rendered":"Transtornos psiqui\u00e1tricos d\u00e3o direito a benef\u00edcio do INSS?"},"content":{"rendered":"\t\t<div data-elementor-type=\"wp-post\" data-elementor-id=\"5775\" class=\"elementor elementor-5775\">\n\t\t\t\t\t\t<section class=\"elementor-section elementor-top-section elementor-element elementor-element-d5f0e3c elementor-section-boxed elementor-section-height-default elementor-section-height-default\" data-id=\"d5f0e3c\" data-element_type=\"section\">\n\t\t\t\t\t\t<div class=\"elementor-container elementor-column-gap-default\">\n\t\t\t\t\t<div class=\"elementor-column elementor-col-100 elementor-top-column elementor-element elementor-element-0da550b\" data-id=\"0da550b\" data-element_type=\"column\">\n\t\t\t<div class=\"elementor-widget-wrap elementor-element-populated\">\n\t\t\t\t\t\t<div class=\"elementor-element elementor-element-965609b elementor-widget elementor-widget-text-editor\" data-id=\"965609b\" data-element_type=\"widget\" data-widget_type=\"text-editor.default\">\n\t\t\t\t<div class=\"elementor-widget-container\">\n\t\t\t\t\t\t\t\t\t<p style=\"text-align: justify;\"><span>O n\u00famero de pessoas que sofrem com transtornos psicol\u00f3gicos sobe assustadoramente e tornou-se mais evidente ap\u00f3s a pandemia da covid-19.<\/span><br \/><br \/><span>Mas ser\u00e1 que eles d\u00e3o direito a benef\u00edcio previdenci\u00e1rio?<\/span><br \/><br \/><span>Transtornos mentais ou doen\u00e7as psicol\u00f3gicas afetam a sa\u00fade da pessoa e tamb\u00e9m sua vida social, podendo limitar a capacidade de intera\u00e7\u00e3o social.<\/span><br \/><br \/><span>Na esfera previdenci\u00e1ria, existem os benef\u00edcios n\u00e3o programados.<\/span><br \/><br \/><span>Uma vez preenchidos os requisitos espec\u00edficos, eles s\u00e3o destinados aos segurados que se encontram incapacitados de exercer suas atividades habituais ou laborativas.<\/span><br \/><br \/><span>S\u00e3o concedidos em raz\u00e3o da incapacidade e n\u00e3o da causa, que pode ser doen\u00e7a ou acidente.<\/span><br \/><br \/><span>Contudo, a incapacidade precisa ser atestada pela per\u00edcia m\u00e9dica do INSS.<\/span><br \/><br \/><span>Esse \u00e9 o momento em que devem ser apresentados os documentos m\u00e9dicos que comprovem a condi\u00e7\u00e3o.<\/span><br \/><br \/><span>Nesse sentido, uma vez comprovada, o segurado pode ter direito a:<\/span><br \/><br \/><span>1 \u2013 Aux\u00edlio por incapacidade tempor\u00e1ria:<\/span><br \/><br \/><span>O segurado demonstra estar incapacitado temporariamente para o trabalho ou atividade habitual por mais de 15 dias consecutivos em decorr\u00eancia de doen\u00e7a ou acidente.<\/span><br \/><br \/><span>2 \u2013 Aposentadoria por incapacidade permanente:<\/span><br \/><br \/><span>Quando a incapacidade for insuscet\u00edvel de reabilita\u00e7\u00e3o para o exerc\u00edcio de atividade que lhe garanta a subsist\u00eancia.<\/span><br \/><br \/><span>Importante ressaltar que os transtornos mentais ou doen\u00e7as psiqui\u00e1tricas podem se enquadrar como defici\u00eancia.<\/span><br \/><br \/><span>Portanto, o indiv\u00edduo pode ter direito ao BPC\/LOAS para pessoa com defici\u00eancia que viva em situa\u00e7\u00e3o de miserabilidade.<\/span><br \/><br \/><span>Embora tamb\u00e9m seja pago pelo INSS, faz parte de um programa assistencial, por isso, n\u00e3o exige contribui\u00e7\u00e3o previdenci\u00e1ria.<\/span><br \/><br \/><span>Em qualquer caso, se o seu pedido for negado, ele pode ser buscado na via judicial.<\/span><br \/><br \/><span>Busque um advogado especialista em direito previdenci\u00e1rio para garantir seus direitos e te orientar sobre a per\u00edcia m\u00e9dica!<\/span><\/p>\t\t\t\t\t\t\t\t<\/div>\n\t\t\t\t<\/div>\n\t\t\t\t\t<\/div>\n\t\t<\/div>\n\t\t\t\t\t<\/div>\n\t\t<\/section>\n\t\t\t\t<\/div>\n\t\t","protected":false},"excerpt":{"rendered":"<p>O n\u00famero de pessoas que sofrem com transtornos psicol\u00f3gicos sobe assustadoramente e tornou-se mais evidente ap\u00f3s a pandemia da covid-19. Mas ser\u00e1 que eles d\u00e3o direito a benef\u00edcio previdenci\u00e1rio? Transtornos mentais ou doen\u00e7as psicol\u00f3gicas afetam a sa\u00fade da pessoa e tamb\u00e9m sua vida social, podendo limitar a capacidade de intera\u00e7\u00e3o social. Na esfera previdenci\u00e1ria, existem os benef\u00edcios n\u00e3o programados. Uma vez preenchidos os requisitos espec\u00edficos, eles s\u00e3o destinados aos segurados que se encontram incapacitados de exercer suas atividades habituais ou laborativas. S\u00e3o concedidos em raz\u00e3o da incapacidade e n\u00e3o da causa, que pode ser doen\u00e7a ou acidente. Contudo, a incapacidade precisa ser atestada pela per\u00edcia m\u00e9dica do INSS. Esse \u00e9 o momento em que devem ser apresentados os&hellip;<\/p>\n","protected":false},"author":2,"featured_media":5777,"comment_status":"open","ping_status":"open","sticky":false,"template":"","format":"standard","meta":{"footnotes":""},"categories":[1],"tags":[],"class_list":["post-5775","post","type-post","status-publish","format-standard","has-post-thumbnail","hentry","category-uncategorized"],"yoast_head":"<!-- This site is optimized with the Yoast SEO plugin v26.9 - https:\/\/yoast.com\/product\/yoast-seo-wordpress\/ -->\n<title>Transtornos psiqui\u00e1tricos d\u00e3o direito a benef\u00edcio do INSS? - Aureum Advocacia<\/title>\n<meta name=\"robots\" content=\"index, follow, max-snippet:-1, max-image-preview:large, max-video-preview:-1\" \/>\n<link rel=\"canonical\" href=\"https:\/\/aureum.adv.br\/inicio\/2024\/03\/05\/elementor-5775\/\" \/>\n<meta property=\"og:locale\" content=\"pt_BR\" \/>\n<meta property=\"og:type\" content=\"article\" \/>\n<meta property=\"og:title\" content=\"Transtornos psiqui\u00e1tricos d\u00e3o direito a benef\u00edcio do INSS? - Aureum Advocacia\" \/>\n<meta property=\"og:description\" content=\"O n\u00famero de pessoas que sofrem com transtornos psicol\u00f3gicos sobe assustadoramente e tornou-se mais evidente ap\u00f3s a pandemia da covid-19. Mas ser\u00e1 que eles d\u00e3o direito a benef\u00edcio previdenci\u00e1rio? Transtornos mentais ou doen\u00e7as psicol\u00f3gicas afetam a sa\u00fade da pessoa e tamb\u00e9m sua vida social, podendo limitar a capacidade de intera\u00e7\u00e3o social. Na esfera previdenci\u00e1ria, existem os benef\u00edcios n\u00e3o programados. Uma vez preenchidos os requisitos espec\u00edficos, eles s\u00e3o destinados aos segurados que se encontram incapacitados de exercer suas atividades habituais ou laborativas. S\u00e3o concedidos em raz\u00e3o da incapacidade e n\u00e3o da causa, que pode ser doen\u00e7a ou acidente. Contudo, a incapacidade precisa ser atestada pela per\u00edcia m\u00e9dica do INSS. Esse \u00e9 o momento em que devem ser apresentados os&hellip;\" \/>\n<meta property=\"og:url\" content=\"https:\/\/aureum.adv.br\/inicio\/2024\/03\/05\/elementor-5775\/\" \/>\n<meta property=\"og:site_name\" content=\"Aureum Advocacia\" \/>\n<meta property=\"article:publisher\" content=\"https:\/\/www.facebook.com\/aureumadvocacia\" \/>\n<meta property=\"article:published_time\" content=\"2024-03-05T12:33:03+00:00\" \/>\n<meta property=\"article:modified_time\" content=\"2024-03-05T12:52:56+00:00\" \/>\n<meta property=\"og:image\" content=\"https:\/\/aureum.adv.br\/inicio\/wp-content\/uploads\/2024\/03\/Transtornos.png\" \/>\n\t<meta property=\"og:image:width\" content=\"581\" \/>\n\t<meta property=\"og:image:height\" content=\"587\" \/>\n\t<meta property=\"og:image:type\" content=\"image\/png\" \/>\n<meta name=\"author\" content=\"bruna\" \/>\n<meta name=\"twitter:card\" content=\"summary_large_image\" \/>\n<meta name=\"twitter:label1\" content=\"Escrito por\" \/>\n\t<meta name=\"twitter:data1\" content=\"bruna\" \/>\n\t<meta name=\"twitter:label2\" content=\"Est. tempo de leitura\" \/>\n\t<meta name=\"twitter:data2\" content=\"2 minutos\" \/>\n<script type=\"application\/ld+json\" class=\"yoast-schema-graph\">{\"@context\":\"https:\/\/schema.org\",\"@graph\":[{\"@type\":\"Article\",\"@id\":\"https:\/\/aureum.adv.br\/inicio\/2024\/03\/05\/elementor-5775\/#article\",\"isPartOf\":{\"@id\":\"https:\/\/aureum.adv.br\/inicio\/2024\/03\/05\/elementor-5775\/\"},\"author\":{\"name\":\"bruna\",\"@id\":\"https:\/\/aureum.adv.br\/inicio\/#\/schema\/person\/bfa138bad3521ed6353a3e13d986baf0\"},\"headline\":\"Transtornos psiqui\u00e1tricos d\u00e3o direito a benef\u00edcio do INSS?\",\"datePublished\":\"2024-03-05T12:33:03+00:00\",\"dateModified\":\"2024-03-05T12:52:56+00:00\",\"mainEntityOfPage\":{\"@id\":\"https:\/\/aureum.adv.br\/inicio\/2024\/03\/05\/elementor-5775\/\"},\"wordCount\":323,\"commentCount\":0,\"publisher\":{\"@id\":\"https:\/\/aureum.adv.br\/inicio\/#organization\"},\"image\":{\"@id\":\"https:\/\/aureum.adv.br\/inicio\/2024\/03\/05\/elementor-5775\/#primaryimage\"},\"thumbnailUrl\":\"https:\/\/aureum.adv.br\/inicio\/wp-content\/uploads\/2024\/03\/Transtornos.png\",\"articleSection\":[\"Uncategorized\"],\"inLanguage\":\"pt-BR\",\"potentialAction\":[{\"@type\":\"CommentAction\",\"name\":\"Comment\",\"target\":[\"https:\/\/aureum.adv.br\/inicio\/2024\/03\/05\/elementor-5775\/#respond\"]}]},{\"@type\":\"WebPage\",\"@id\":\"https:\/\/aureum.adv.br\/inicio\/2024\/03\/05\/elementor-5775\/\",\"url\":\"https:\/\/aureum.adv.br\/inicio\/2024\/03\/05\/elementor-5775\/\",\"name\":\"Transtornos psiqui\u00e1tricos d\u00e3o direito a benef\u00edcio do INSS? - Aureum Advocacia\",\"isPartOf\":{\"@id\":\"https:\/\/aureum.adv.br\/inicio\/#website\"},\"primaryImageOfPage\":{\"@id\":\"https:\/\/aureum.adv.br\/inicio\/2024\/03\/05\/elementor-5775\/#primaryimage\"},\"image\":{\"@id\":\"https:\/\/aureum.adv.br\/inicio\/2024\/03\/05\/elementor-5775\/#primaryimage\"},\"thumbnailUrl\":\"https:\/\/aureum.adv.br\/inicio\/wp-content\/uploads\/2024\/03\/Transtornos.png\",\"datePublished\":\"2024-03-05T12:33:03+00:00\",\"dateModified\":\"2024-03-05T12:52:56+00:00\",\"breadcrumb\":{\"@id\":\"https:\/\/aureum.adv.br\/inicio\/2024\/03\/05\/elementor-5775\/#breadcrumb\"},\"inLanguage\":\"pt-BR\",\"potentialAction\":[{\"@type\":\"ReadAction\",\"target\":[\"https:\/\/aureum.adv.br\/inicio\/2024\/03\/05\/elementor-5775\/\"]}]},{\"@type\":\"ImageObject\",\"inLanguage\":\"pt-BR\",\"@id\":\"https:\/\/aureum.adv.br\/inicio\/2024\/03\/05\/elementor-5775\/#primaryimage\",\"url\":\"https:\/\/aureum.adv.br\/inicio\/wp-content\/uploads\/2024\/03\/Transtornos.png\",\"contentUrl\":\"https:\/\/aureum.adv.br\/inicio\/wp-content\/uploads\/2024\/03\/Transtornos.png\",\"width\":581,\"height\":587},{\"@type\":\"BreadcrumbList\",\"@id\":\"https:\/\/aureum.adv.br\/inicio\/2024\/03\/05\/elementor-5775\/#breadcrumb\",\"itemListElement\":[{\"@type\":\"ListItem\",\"position\":1,\"name\":\"In\u00edcio\",\"item\":\"https:\/\/aureum.adv.br\/inicio\/\"},{\"@type\":\"ListItem\",\"position\":2,\"name\":\"Transtornos psiqui\u00e1tricos d\u00e3o direito a benef\u00edcio do INSS?\"}]},{\"@type\":\"WebSite\",\"@id\":\"https:\/\/aureum.adv.br\/inicio\/#website\",\"url\":\"https:\/\/aureum.adv.br\/inicio\/\",\"name\":\"Aureum Advocacia\",\"description\":\"Aureum Advocacia Tribut\u00e1ria\",\"publisher\":{\"@id\":\"https:\/\/aureum.adv.br\/inicio\/#organization\"},\"potentialAction\":[{\"@type\":\"SearchAction\",\"target\":{\"@type\":\"EntryPoint\",\"urlTemplate\":\"https:\/\/aureum.adv.br\/inicio\/?s={search_term_string}\"},\"query-input\":{\"@type\":\"PropertyValueSpecification\",\"valueRequired\":true,\"valueName\":\"search_term_string\"}}],\"inLanguage\":\"pt-BR\"},{\"@type\":\"Organization\",\"@id\":\"https:\/\/aureum.adv.br\/inicio\/#organization\",\"name\":\"Aureum\",\"url\":\"https:\/\/aureum.adv.br\/inicio\/\",\"logo\":{\"@type\":\"ImageObject\",\"inLanguage\":\"pt-BR\",\"@id\":\"https:\/\/aureum.adv.br\/inicio\/#\/schema\/logo\/image\/\",\"url\":\"https:\/\/aureum.adv.br\/inicio\/wp-content\/uploads\/2020\/04\/logo_com-fundo.png\",\"contentUrl\":\"https:\/\/aureum.adv.br\/inicio\/wp-content\/uploads\/2020\/04\/logo_com-fundo.png\",\"width\":1080,\"height\":1400,\"caption\":\"Aureum\"},\"image\":{\"@id\":\"https:\/\/aureum.adv.br\/inicio\/#\/schema\/logo\/image\/\"},\"sameAs\":[\"https:\/\/www.facebook.com\/aureumadvocacia\",\"https:\/\/br.linkedin.com\/company\/aureum-advocacia\"]},{\"@type\":\"Person\",\"@id\":\"https:\/\/aureum.adv.br\/inicio\/#\/schema\/person\/bfa138bad3521ed6353a3e13d986baf0\",\"name\":\"bruna\",\"image\":{\"@type\":\"ImageObject\",\"inLanguage\":\"pt-BR\",\"@id\":\"https:\/\/aureum.adv.br\/inicio\/#\/schema\/person\/image\/\",\"url\":\"https:\/\/secure.gravatar.com\/avatar\/ec30cfb94570b842e7230a0fa0eaf2d45ab44f38f3165e80cf8f0311e64d4bd6?s=96&d=mm&r=g\",\"contentUrl\":\"https:\/\/secure.gravatar.com\/avatar\/ec30cfb94570b842e7230a0fa0eaf2d45ab44f38f3165e80cf8f0311e64d4bd6?s=96&d=mm&r=g\",\"caption\":\"bruna\"},\"url\":\"https:\/\/aureum.adv.br\/inicio\/author\/bruna\/\"}]}<\/script>\n<!-- \/ Yoast SEO plugin. -->","yoast_head_json":{"title":"Transtornos psiqui\u00e1tricos d\u00e3o direito a benef\u00edcio do INSS? - Aureum Advocacia","robots":{"index":"index","follow":"follow","max-snippet":"max-snippet:-1","max-image-preview":"max-image-preview:large","max-video-preview":"max-video-preview:-1"},"canonical":"https:\/\/aureum.adv.br\/inicio\/2024\/03\/05\/elementor-5775\/","og_locale":"pt_BR","og_type":"article","og_title":"Transtornos psiqui\u00e1tricos d\u00e3o direito a benef\u00edcio do INSS? - Aureum Advocacia","og_description":"O n\u00famero de pessoas que sofrem com transtornos psicol\u00f3gicos sobe assustadoramente e tornou-se mais evidente ap\u00f3s a pandemia da covid-19. Mas ser\u00e1 que eles d\u00e3o direito a benef\u00edcio previdenci\u00e1rio? Transtornos mentais ou doen\u00e7as psicol\u00f3gicas afetam a sa\u00fade da pessoa e tamb\u00e9m sua vida social, podendo limitar a capacidade de intera\u00e7\u00e3o social. Na esfera previdenci\u00e1ria, existem os benef\u00edcios n\u00e3o programados. Uma vez preenchidos os requisitos espec\u00edficos, eles s\u00e3o destinados aos segurados que se encontram incapacitados de exercer suas atividades habituais ou laborativas. S\u00e3o concedidos em raz\u00e3o da incapacidade e n\u00e3o da causa, que pode ser doen\u00e7a ou acidente. Contudo, a incapacidade precisa ser atestada pela per\u00edcia m\u00e9dica do INSS. Esse \u00e9 o momento em que devem ser apresentados os&hellip;","og_url":"https:\/\/aureum.adv.br\/inicio\/2024\/03\/05\/elementor-5775\/","og_site_name":"Aureum Advocacia","article_publisher":"https:\/\/www.facebook.com\/aureumadvocacia","article_published_time":"2024-03-05T12:33:03+00:00","article_modified_time":"2024-03-05T12:52:56+00:00","og_image":[{"width":581,"height":587,"url":"https:\/\/aureum.adv.br\/inicio\/wp-content\/uploads\/2024\/03\/Transtornos.png","type":"image\/png"}],"author":"bruna","twitter_card":"summary_large_image","twitter_misc":{"Escrito por":"bruna","Est. tempo de leitura":"2 minutos"},"schema":{"@context":"https:\/\/schema.org","@graph":[{"@type":"Article","@id":"https:\/\/aureum.adv.br\/inicio\/2024\/03\/05\/elementor-5775\/#article","isPartOf":{"@id":"https:\/\/aureum.adv.br\/inicio\/2024\/03\/05\/elementor-5775\/"},"author":{"name":"bruna","@id":"https:\/\/aureum.adv.br\/inicio\/#\/schema\/person\/bfa138bad3521ed6353a3e13d986baf0"},"headline":"Transtornos psiqui\u00e1tricos d\u00e3o direito a benef\u00edcio do INSS?","datePublished":"2024-03-05T12:33:03+00:00","dateModified":"2024-03-05T12:52:56+00:00","mainEntityOfPage":{"@id":"https:\/\/aureum.adv.br\/inicio\/2024\/03\/05\/elementor-5775\/"},"wordCount":323,"commentCount":0,"publisher":{"@id":"https:\/\/aureum.adv.br\/inicio\/#organization"},"image":{"@id":"https:\/\/aureum.adv.br\/inicio\/2024\/03\/05\/elementor-5775\/#primaryimage"},"thumbnailUrl":"https:\/\/aureum.adv.br\/inicio\/wp-content\/uploads\/2024\/03\/Transtornos.png","articleSection":["Uncategorized"],"inLanguage":"pt-BR","potentialAction":[{"@type":"CommentAction","name":"Comment","target":["https:\/\/aureum.adv.br\/inicio\/2024\/03\/05\/elementor-5775\/#respond"]}]},{"@type":"WebPage","@id":"https:\/\/aureum.adv.br\/inicio\/2024\/03\/05\/elementor-5775\/","url":"https:\/\/aureum.adv.br\/inicio\/2024\/03\/05\/elementor-5775\/","name":"Transtornos psiqui\u00e1tricos d\u00e3o direito a benef\u00edcio do INSS? - Aureum Advocacia","isPartOf":{"@id":"https:\/\/aureum.adv.br\/inicio\/#website"},"primaryImageOfPage":{"@id":"https:\/\/aureum.adv.br\/inicio\/2024\/03\/05\/elementor-5775\/#primaryimage"},"image":{"@id":"https:\/\/aureum.adv.br\/inicio\/2024\/03\/05\/elementor-5775\/#primaryimage"},"thumbnailUrl":"https:\/\/aureum.adv.br\/inicio\/wp-content\/uploads\/2024\/03\/Transtornos.png","datePublished":"2024-03-05T12:33:03+00:00","dateModified":"2024-03-05T12:52:56+00:00","breadcrumb":{"@id":"https:\/\/aureum.adv.br\/inicio\/2024\/03\/05\/elementor-5775\/#breadcrumb"},"inLanguage":"pt-BR","potentialAction":[{"@type":"ReadAction","target":["https:\/\/aureum.adv.br\/inicio\/2024\/03\/05\/elementor-5775\/"]}]},{"@type":"ImageObject","inLanguage":"pt-BR","@id":"https:\/\/aureum.adv.br\/inicio\/2024\/03\/05\/elementor-5775\/#primaryimage","url":"https:\/\/aureum.adv.br\/inicio\/wp-content\/uploads\/2024\/03\/Transtornos.png","contentUrl":"https:\/\/aureum.adv.br\/inicio\/wp-content\/uploads\/2024\/03\/Transtornos.png","width":581,"height":587},{"@type":"BreadcrumbList","@id":"https:\/\/aureum.adv.br\/inicio\/2024\/03\/05\/elementor-5775\/#breadcrumb","itemListElement":[{"@type":"ListItem","position":1,"name":"In\u00edcio","item":"https:\/\/aureum.adv.br\/inicio\/"},{"@type":"ListItem","position":2,"name":"Transtornos psiqui\u00e1tricos d\u00e3o direito a benef\u00edcio do INSS?"}]},{"@type":"WebSite","@id":"https:\/\/aureum.adv.br\/inicio\/#website","url":"https:\/\/aureum.adv.br\/inicio\/","name":"Aureum Advocacia","description":"Aureum Advocacia Tribut\u00e1ria","publisher":{"@id":"https:\/\/aureum.adv.br\/inicio\/#organization"},"potentialAction":[{"@type":"SearchAction","target":{"@type":"EntryPoint","urlTemplate":"https:\/\/aureum.adv.br\/inicio\/?s={search_term_string}"},"query-input":{"@type":"PropertyValueSpecification","valueRequired":true,"valueName":"search_term_string"}}],"inLanguage":"pt-BR"},{"@type":"Organization","@id":"https:\/\/aureum.adv.br\/inicio\/#organization","name":"Aureum","url":"https:\/\/aureum.adv.br\/inicio\/","logo":{"@type":"ImageObject","inLanguage":"pt-BR","@id":"https:\/\/aureum.adv.br\/inicio\/#\/schema\/logo\/image\/","url":"https:\/\/aureum.adv.br\/inicio\/wp-content\/uploads\/2020\/04\/logo_com-fundo.png","contentUrl":"https:\/\/aureum.adv.br\/inicio\/wp-content\/uploads\/2020\/04\/logo_com-fundo.png","width":1080,"height":1400,"caption":"Aureum"},"image":{"@id":"https:\/\/aureum.adv.br\/inicio\/#\/schema\/logo\/image\/"},"sameAs":["https:\/\/www.facebook.com\/aureumadvocacia","https:\/\/br.linkedin.com\/company\/aureum-advocacia"]},{"@type":"Person","@id":"https:\/\/aureum.adv.br\/inicio\/#\/schema\/person\/bfa138bad3521ed6353a3e13d986baf0","name":"bruna","image":{"@type":"ImageObject","inLanguage":"pt-BR","@id":"https:\/\/aureum.adv.br\/inicio\/#\/schema\/person\/image\/","url":"https:\/\/secure.gravatar.com\/avatar\/ec30cfb94570b842e7230a0fa0eaf2d45ab44f38f3165e80cf8f0311e64d4bd6?s=96&d=mm&r=g","contentUrl":"https:\/\/secure.gravatar.com\/avatar\/ec30cfb94570b842e7230a0fa0eaf2d45ab44f38f3165e80cf8f0311e64d4bd6?s=96&d=mm&r=g","caption":"bruna"},"url":"https:\/\/aureum.adv.br\/inicio\/author\/bruna\/"}]}},"_links":{"self":[{"href":"https:\/\/aureum.adv.br\/inicio\/wp-json\/wp\/v2\/posts\/5775","targetHints":{"allow":["GET"]}}],"collection":[{"href":"https:\/\/aureum.adv.br\/inicio\/wp-json\/wp\/v2\/posts"}],"about":[{"href":"https:\/\/aureum.adv.br\/inicio\/wp-json\/wp\/v2\/types\/post"}],"author":[{"embeddable":true,"href":"https:\/\/aureum.adv.br\/inicio\/wp-json\/wp\/v2\/users\/2"}],"replies":[{"embeddable":true,"href":"https:\/\/aureum.adv.br\/inicio\/wp-json\/wp\/v2\/comments?post=5775"}],"version-history":[{"count":4,"href":"https:\/\/aureum.adv.br\/inicio\/wp-json\/wp\/v2\/posts\/5775\/revisions"}],"predecessor-version":[{"id":5780,"href":"https:\/\/aureum.adv.br\/inicio\/wp-json\/wp\/v2\/posts\/5775\/revisions\/5780"}],"wp:featuredmedia":[{"embeddable":true,"href":"https:\/\/aureum.adv.br\/inicio\/wp-json\/wp\/v2\/media\/5777"}],"wp:attachment":[{"href":"https:\/\/aureum.adv.br\/inicio\/wp-json\/wp\/v2\/media?parent=5775"}],"wp:term":[{"taxonomy":"category","embeddable":true,"href":"https:\/\/aureum.adv.br\/inicio\/wp-json\/wp\/v2\/categories?post=5775"},{"taxonomy":"post_tag","embeddable":true,"href":"https:\/\/aureum.adv.br\/inicio\/wp-json\/wp\/v2\/tags?post=5775"}],"curies":[{"name":"wp","href":"https:\/\/api.w.org\/{rel}","templated":true}]}}