{"id":5769,"date":"2024-03-04T09:12:17","date_gmt":"2024-03-04T12:12:17","guid":{"rendered":"https:\/\/aureum.adv.br\/inicio\/?p=5769"},"modified":"2024-03-04T09:14:02","modified_gmt":"2024-03-04T12:14:02","slug":"elementor-5769","status":"publish","type":"post","link":"https:\/\/aureum.adv.br\/inicio\/2024\/03\/04\/elementor-5769\/","title":{"rendered":"Recebe benef\u00edcio por incapacidade permanente? Ser\u00e1 que voc\u00ea tem direito a +25%?"},"content":{"rendered":"\t\t<div data-elementor-type=\"wp-post\" data-elementor-id=\"5769\" class=\"elementor elementor-5769\">\n\t\t\t\t\t\t<section class=\"elementor-section elementor-top-section elementor-element elementor-element-e89d627 elementor-section-boxed elementor-section-height-default elementor-section-height-default\" data-id=\"e89d627\" data-element_type=\"section\">\n\t\t\t\t\t\t<div class=\"elementor-container elementor-column-gap-default\">\n\t\t\t\t\t<div class=\"elementor-column elementor-col-100 elementor-top-column elementor-element elementor-element-6aa51e8\" data-id=\"6aa51e8\" data-element_type=\"column\">\n\t\t\t<div class=\"elementor-widget-wrap elementor-element-populated\">\n\t\t\t\t\t\t<div class=\"elementor-element elementor-element-dc7fc81 elementor-widget elementor-widget-text-editor\" data-id=\"dc7fc81\" data-element_type=\"widget\" data-widget_type=\"text-editor.default\">\n\t\t\t\t<div class=\"elementor-widget-container\">\n\t\t\t\t\t\t\t\t\t<p style=\"text-align: justify;\"><span>J\u00e1 ouviu falar na per\u00edcia m\u00e9dica de majora\u00e7\u00e3o de 25%?<\/span><br \/><br \/><span>\u00c9 um servi\u00e7o para o benefici\u00e1rio de aposentadoria por incapacidade permanente que depende de outras pessoas para realizar atividades di\u00e1rias, como tomar banho, se alimentar, se vestir etc.<\/span><br \/><br \/><span>Nesse sentido, \u00e9 poss\u00edvel que o segurado tenha um acr\u00e9scimo de 25% no valor de sua aposentadoria para ajudar a custear essa despesa extra.<\/span><br \/><br \/><span>Esse \u201ccuidador\u201d n\u00e3o precisa ser um profissional, sendo igualmente permitido em se tratando de um familiar, parente ou amigo.<\/span><br \/><br \/><span>Importante:<\/span><br \/><br \/><span>O adicional \u00e9 devido mesmo que o valor da aposentadoria atinja o limite m\u00e1ximo previdenci\u00e1rio!<\/span><br \/><br \/><span>Pode ter direito o segurado acometido de uma ou mais das seguintes doen\u00e7as:<\/span><br \/><br \/><span>-&gt; Cegueira total;<\/span><br \/><br \/><span>-&gt; Perda de nove ou mais dedos das m\u00e3os;<\/span><br \/><br \/><span>-&gt; Paralisia dos dois bra\u00e7os ou pernas;<\/span><br \/><br \/><span>-&gt; Perda das pernas, quando a pr\u00f3tese for imposs\u00edvel;<\/span><br \/><br \/><span>-&gt; Perda de uma das m\u00e3os e de dois p\u00e9s, ainda que a pr\u00f3tese seja poss\u00edvel;<\/span><br \/><br \/><span>-&gt; Perda de um bra\u00e7o e uma perna, quando a pr\u00f3tese for imposs\u00edvel;<\/span><br \/><br \/><span>-&gt; Altera\u00e7\u00e3o das faculdades mentais com grave perturba\u00e7\u00e3o da vida org\u00e2nica e social:<\/span><br \/><br \/><span>Ou seja, dificuldade em organizar o pensamento, o racioc\u00ednio e a tomada de decis\u00f5es para fazer as atividades de vida di\u00e1ria e sociais sozinho;<\/span><br \/><br \/><span>-&gt; Doen\u00e7a que deixe a pessoa acamada;<\/span><br \/><br \/><span>-&gt; Incapacidade permanente para as atividades da vida di\u00e1ria.<\/span><br \/><br \/><span>O pedido de acr\u00e9scimo pode ser feito administrativamente.<\/span><br \/><br \/><span>Devem ser apresentados documentos m\u00e9dicos que comprovem a necessidade de assist\u00eancia permanente no momento da per\u00edcia m\u00e9dica.<\/span><br \/><br \/><span>Se o segurado tiver outra condi\u00e7\u00e3o que demande aux\u00edlio constante de outra pessoa, poder\u00e1 requerer o adicional na esfera judicial.<\/span><br \/><br \/><span>\u00c9 importante ressaltar que o adicional depender\u00e1 da constata\u00e7\u00e3o da necessidade pela Per\u00edcia M\u00e9dica Federal.<\/span><br \/><br \/><span>Busque o aux\u00edlio de um advogado especialista para te ajudar a garantir seu direito!<\/span><\/p>\t\t\t\t\t\t\t\t<\/div>\n\t\t\t\t<\/div>\n\t\t\t\t\t<\/div>\n\t\t<\/div>\n\t\t\t\t\t<\/div>\n\t\t<\/section>\n\t\t\t\t<\/div>\n\t\t","protected":false},"excerpt":{"rendered":"<p>J\u00e1 ouviu falar na per\u00edcia m\u00e9dica de majora\u00e7\u00e3o de 25%? \u00c9 um servi\u00e7o para o benefici\u00e1rio de aposentadoria por incapacidade permanente que depende de outras pessoas para realizar atividades di\u00e1rias, como tomar banho, se alimentar, se vestir etc. Nesse sentido, \u00e9 poss\u00edvel que o segurado tenha um acr\u00e9scimo de 25% no valor de sua aposentadoria para ajudar a custear essa despesa extra. Esse \u201ccuidador\u201d n\u00e3o precisa ser um profissional, sendo igualmente permitido em se tratando de um familiar, parente ou amigo. Importante: O adicional \u00e9 devido mesmo que o valor da aposentadoria atinja o limite m\u00e1ximo previdenci\u00e1rio! Pode ter direito o segurado acometido de uma ou mais das seguintes doen\u00e7as: -&gt; Cegueira total; -&gt; Perda de nove ou&hellip;<\/p>\n","protected":false},"author":2,"featured_media":5771,"comment_status":"open","ping_status":"open","sticky":false,"template":"","format":"standard","meta":{"footnotes":""},"categories":[1],"tags":[],"class_list":["post-5769","post","type-post","status-publish","format-standard","has-post-thumbnail","hentry","category-uncategorized"],"yoast_head":"<!-- This site is optimized with the Yoast SEO plugin v26.9 - https:\/\/yoast.com\/product\/yoast-seo-wordpress\/ -->\n<title>Recebe benef\u00edcio por incapacidade permanente? Ser\u00e1 que voc\u00ea tem direito a +25%? - Aureum Advocacia<\/title>\n<meta name=\"robots\" content=\"index, follow, max-snippet:-1, max-image-preview:large, max-video-preview:-1\" \/>\n<link rel=\"canonical\" href=\"https:\/\/aureum.adv.br\/inicio\/2024\/03\/04\/elementor-5769\/\" \/>\n<meta property=\"og:locale\" content=\"pt_BR\" \/>\n<meta property=\"og:type\" content=\"article\" \/>\n<meta property=\"og:title\" content=\"Recebe benef\u00edcio por incapacidade permanente? Ser\u00e1 que voc\u00ea tem direito a +25%? - Aureum Advocacia\" \/>\n<meta property=\"og:description\" content=\"J\u00e1 ouviu falar na per\u00edcia m\u00e9dica de majora\u00e7\u00e3o de 25%? \u00c9 um servi\u00e7o para o benefici\u00e1rio de aposentadoria por incapacidade permanente que depende de outras pessoas para realizar atividades di\u00e1rias, como tomar banho, se alimentar, se vestir etc. Nesse sentido, \u00e9 poss\u00edvel que o segurado tenha um acr\u00e9scimo de 25% no valor de sua aposentadoria para ajudar a custear essa despesa extra. Esse \u201ccuidador\u201d n\u00e3o precisa ser um profissional, sendo igualmente permitido em se tratando de um familiar, parente ou amigo. Importante: O adicional \u00e9 devido mesmo que o valor da aposentadoria atinja o limite m\u00e1ximo previdenci\u00e1rio! Pode ter direito o segurado acometido de uma ou mais das seguintes doen\u00e7as: -&gt; Cegueira total; -&gt; Perda de nove ou&hellip;\" \/>\n<meta property=\"og:url\" content=\"https:\/\/aureum.adv.br\/inicio\/2024\/03\/04\/elementor-5769\/\" \/>\n<meta property=\"og:site_name\" content=\"Aureum Advocacia\" \/>\n<meta property=\"article:publisher\" content=\"https:\/\/www.facebook.com\/aureumadvocacia\" \/>\n<meta property=\"article:published_time\" content=\"2024-03-04T12:12:17+00:00\" \/>\n<meta property=\"article:modified_time\" content=\"2024-03-04T12:14:02+00:00\" \/>\n<meta property=\"og:image\" content=\"https:\/\/aureum.adv.br\/inicio\/wp-content\/uploads\/2024\/03\/25.png\" \/>\n\t<meta property=\"og:image:width\" content=\"582\" \/>\n\t<meta property=\"og:image:height\" content=\"582\" \/>\n\t<meta property=\"og:image:type\" content=\"image\/png\" \/>\n<meta name=\"author\" content=\"bruna\" \/>\n<meta name=\"twitter:card\" content=\"summary_large_image\" \/>\n<meta name=\"twitter:label1\" content=\"Escrito por\" \/>\n\t<meta name=\"twitter:data1\" content=\"bruna\" \/>\n\t<meta name=\"twitter:label2\" content=\"Est. tempo de leitura\" \/>\n\t<meta name=\"twitter:data2\" content=\"2 minutos\" \/>\n<script type=\"application\/ld+json\" class=\"yoast-schema-graph\">{\"@context\":\"https:\/\/schema.org\",\"@graph\":[{\"@type\":\"Article\",\"@id\":\"https:\/\/aureum.adv.br\/inicio\/2024\/03\/04\/elementor-5769\/#article\",\"isPartOf\":{\"@id\":\"https:\/\/aureum.adv.br\/inicio\/2024\/03\/04\/elementor-5769\/\"},\"author\":{\"name\":\"bruna\",\"@id\":\"https:\/\/aureum.adv.br\/inicio\/#\/schema\/person\/bfa138bad3521ed6353a3e13d986baf0\"},\"headline\":\"Recebe benef\u00edcio por incapacidade permanente? Ser\u00e1 que voc\u00ea tem direito a +25%?\",\"datePublished\":\"2024-03-04T12:12:17+00:00\",\"dateModified\":\"2024-03-04T12:14:02+00:00\",\"mainEntityOfPage\":{\"@id\":\"https:\/\/aureum.adv.br\/inicio\/2024\/03\/04\/elementor-5769\/\"},\"wordCount\":351,\"commentCount\":0,\"publisher\":{\"@id\":\"https:\/\/aureum.adv.br\/inicio\/#organization\"},\"image\":{\"@id\":\"https:\/\/aureum.adv.br\/inicio\/2024\/03\/04\/elementor-5769\/#primaryimage\"},\"thumbnailUrl\":\"https:\/\/aureum.adv.br\/inicio\/wp-content\/uploads\/2024\/03\/25.png\",\"articleSection\":[\"Uncategorized\"],\"inLanguage\":\"pt-BR\",\"potentialAction\":[{\"@type\":\"CommentAction\",\"name\":\"Comment\",\"target\":[\"https:\/\/aureum.adv.br\/inicio\/2024\/03\/04\/elementor-5769\/#respond\"]}]},{\"@type\":\"WebPage\",\"@id\":\"https:\/\/aureum.adv.br\/inicio\/2024\/03\/04\/elementor-5769\/\",\"url\":\"https:\/\/aureum.adv.br\/inicio\/2024\/03\/04\/elementor-5769\/\",\"name\":\"Recebe benef\u00edcio por incapacidade permanente? Ser\u00e1 que voc\u00ea tem direito a +25%? - Aureum Advocacia\",\"isPartOf\":{\"@id\":\"https:\/\/aureum.adv.br\/inicio\/#website\"},\"primaryImageOfPage\":{\"@id\":\"https:\/\/aureum.adv.br\/inicio\/2024\/03\/04\/elementor-5769\/#primaryimage\"},\"image\":{\"@id\":\"https:\/\/aureum.adv.br\/inicio\/2024\/03\/04\/elementor-5769\/#primaryimage\"},\"thumbnailUrl\":\"https:\/\/aureum.adv.br\/inicio\/wp-content\/uploads\/2024\/03\/25.png\",\"datePublished\":\"2024-03-04T12:12:17+00:00\",\"dateModified\":\"2024-03-04T12:14:02+00:00\",\"breadcrumb\":{\"@id\":\"https:\/\/aureum.adv.br\/inicio\/2024\/03\/04\/elementor-5769\/#breadcrumb\"},\"inLanguage\":\"pt-BR\",\"potentialAction\":[{\"@type\":\"ReadAction\",\"target\":[\"https:\/\/aureum.adv.br\/inicio\/2024\/03\/04\/elementor-5769\/\"]}]},{\"@type\":\"ImageObject\",\"inLanguage\":\"pt-BR\",\"@id\":\"https:\/\/aureum.adv.br\/inicio\/2024\/03\/04\/elementor-5769\/#primaryimage\",\"url\":\"https:\/\/aureum.adv.br\/inicio\/wp-content\/uploads\/2024\/03\/25.png\",\"contentUrl\":\"https:\/\/aureum.adv.br\/inicio\/wp-content\/uploads\/2024\/03\/25.png\",\"width\":582,\"height\":582},{\"@type\":\"BreadcrumbList\",\"@id\":\"https:\/\/aureum.adv.br\/inicio\/2024\/03\/04\/elementor-5769\/#breadcrumb\",\"itemListElement\":[{\"@type\":\"ListItem\",\"position\":1,\"name\":\"In\u00edcio\",\"item\":\"https:\/\/aureum.adv.br\/inicio\/\"},{\"@type\":\"ListItem\",\"position\":2,\"name\":\"Recebe benef\u00edcio por incapacidade permanente? Ser\u00e1 que voc\u00ea tem direito a +25%?\"}]},{\"@type\":\"WebSite\",\"@id\":\"https:\/\/aureum.adv.br\/inicio\/#website\",\"url\":\"https:\/\/aureum.adv.br\/inicio\/\",\"name\":\"Aureum Advocacia\",\"description\":\"Aureum Advocacia Tribut\u00e1ria\",\"publisher\":{\"@id\":\"https:\/\/aureum.adv.br\/inicio\/#organization\"},\"potentialAction\":[{\"@type\":\"SearchAction\",\"target\":{\"@type\":\"EntryPoint\",\"urlTemplate\":\"https:\/\/aureum.adv.br\/inicio\/?s={search_term_string}\"},\"query-input\":{\"@type\":\"PropertyValueSpecification\",\"valueRequired\":true,\"valueName\":\"search_term_string\"}}],\"inLanguage\":\"pt-BR\"},{\"@type\":\"Organization\",\"@id\":\"https:\/\/aureum.adv.br\/inicio\/#organization\",\"name\":\"Aureum\",\"url\":\"https:\/\/aureum.adv.br\/inicio\/\",\"logo\":{\"@type\":\"ImageObject\",\"inLanguage\":\"pt-BR\",\"@id\":\"https:\/\/aureum.adv.br\/inicio\/#\/schema\/logo\/image\/\",\"url\":\"https:\/\/aureum.adv.br\/inicio\/wp-content\/uploads\/2020\/04\/logo_com-fundo.png\",\"contentUrl\":\"https:\/\/aureum.adv.br\/inicio\/wp-content\/uploads\/2020\/04\/logo_com-fundo.png\",\"width\":1080,\"height\":1400,\"caption\":\"Aureum\"},\"image\":{\"@id\":\"https:\/\/aureum.adv.br\/inicio\/#\/schema\/logo\/image\/\"},\"sameAs\":[\"https:\/\/www.facebook.com\/aureumadvocacia\",\"https:\/\/br.linkedin.com\/company\/aureum-advocacia\"]},{\"@type\":\"Person\",\"@id\":\"https:\/\/aureum.adv.br\/inicio\/#\/schema\/person\/bfa138bad3521ed6353a3e13d986baf0\",\"name\":\"bruna\",\"image\":{\"@type\":\"ImageObject\",\"inLanguage\":\"pt-BR\",\"@id\":\"https:\/\/aureum.adv.br\/inicio\/#\/schema\/person\/image\/\",\"url\":\"https:\/\/secure.gravatar.com\/avatar\/ec30cfb94570b842e7230a0fa0eaf2d45ab44f38f3165e80cf8f0311e64d4bd6?s=96&d=mm&r=g\",\"contentUrl\":\"https:\/\/secure.gravatar.com\/avatar\/ec30cfb94570b842e7230a0fa0eaf2d45ab44f38f3165e80cf8f0311e64d4bd6?s=96&d=mm&r=g\",\"caption\":\"bruna\"},\"url\":\"https:\/\/aureum.adv.br\/inicio\/author\/bruna\/\"}]}<\/script>\n<!-- \/ Yoast SEO plugin. -->","yoast_head_json":{"title":"Recebe benef\u00edcio por incapacidade permanente? Ser\u00e1 que voc\u00ea tem direito a +25%? - Aureum Advocacia","robots":{"index":"index","follow":"follow","max-snippet":"max-snippet:-1","max-image-preview":"max-image-preview:large","max-video-preview":"max-video-preview:-1"},"canonical":"https:\/\/aureum.adv.br\/inicio\/2024\/03\/04\/elementor-5769\/","og_locale":"pt_BR","og_type":"article","og_title":"Recebe benef\u00edcio por incapacidade permanente? Ser\u00e1 que voc\u00ea tem direito a +25%? - Aureum Advocacia","og_description":"J\u00e1 ouviu falar na per\u00edcia m\u00e9dica de majora\u00e7\u00e3o de 25%? \u00c9 um servi\u00e7o para o benefici\u00e1rio de aposentadoria por incapacidade permanente que depende de outras pessoas para realizar atividades di\u00e1rias, como tomar banho, se alimentar, se vestir etc. Nesse sentido, \u00e9 poss\u00edvel que o segurado tenha um acr\u00e9scimo de 25% no valor de sua aposentadoria para ajudar a custear essa despesa extra. Esse \u201ccuidador\u201d n\u00e3o precisa ser um profissional, sendo igualmente permitido em se tratando de um familiar, parente ou amigo. Importante: O adicional \u00e9 devido mesmo que o valor da aposentadoria atinja o limite m\u00e1ximo previdenci\u00e1rio! Pode ter direito o segurado acometido de uma ou mais das seguintes doen\u00e7as: -&gt; Cegueira total; -&gt; Perda de nove ou&hellip;","og_url":"https:\/\/aureum.adv.br\/inicio\/2024\/03\/04\/elementor-5769\/","og_site_name":"Aureum Advocacia","article_publisher":"https:\/\/www.facebook.com\/aureumadvocacia","article_published_time":"2024-03-04T12:12:17+00:00","article_modified_time":"2024-03-04T12:14:02+00:00","og_image":[{"width":582,"height":582,"url":"https:\/\/aureum.adv.br\/inicio\/wp-content\/uploads\/2024\/03\/25.png","type":"image\/png"}],"author":"bruna","twitter_card":"summary_large_image","twitter_misc":{"Escrito por":"bruna","Est. tempo de leitura":"2 minutos"},"schema":{"@context":"https:\/\/schema.org","@graph":[{"@type":"Article","@id":"https:\/\/aureum.adv.br\/inicio\/2024\/03\/04\/elementor-5769\/#article","isPartOf":{"@id":"https:\/\/aureum.adv.br\/inicio\/2024\/03\/04\/elementor-5769\/"},"author":{"name":"bruna","@id":"https:\/\/aureum.adv.br\/inicio\/#\/schema\/person\/bfa138bad3521ed6353a3e13d986baf0"},"headline":"Recebe benef\u00edcio por incapacidade permanente? Ser\u00e1 que voc\u00ea tem direito a +25%?","datePublished":"2024-03-04T12:12:17+00:00","dateModified":"2024-03-04T12:14:02+00:00","mainEntityOfPage":{"@id":"https:\/\/aureum.adv.br\/inicio\/2024\/03\/04\/elementor-5769\/"},"wordCount":351,"commentCount":0,"publisher":{"@id":"https:\/\/aureum.adv.br\/inicio\/#organization"},"image":{"@id":"https:\/\/aureum.adv.br\/inicio\/2024\/03\/04\/elementor-5769\/#primaryimage"},"thumbnailUrl":"https:\/\/aureum.adv.br\/inicio\/wp-content\/uploads\/2024\/03\/25.png","articleSection":["Uncategorized"],"inLanguage":"pt-BR","potentialAction":[{"@type":"CommentAction","name":"Comment","target":["https:\/\/aureum.adv.br\/inicio\/2024\/03\/04\/elementor-5769\/#respond"]}]},{"@type":"WebPage","@id":"https:\/\/aureum.adv.br\/inicio\/2024\/03\/04\/elementor-5769\/","url":"https:\/\/aureum.adv.br\/inicio\/2024\/03\/04\/elementor-5769\/","name":"Recebe benef\u00edcio por incapacidade permanente? Ser\u00e1 que voc\u00ea tem direito a +25%? - Aureum Advocacia","isPartOf":{"@id":"https:\/\/aureum.adv.br\/inicio\/#website"},"primaryImageOfPage":{"@id":"https:\/\/aureum.adv.br\/inicio\/2024\/03\/04\/elementor-5769\/#primaryimage"},"image":{"@id":"https:\/\/aureum.adv.br\/inicio\/2024\/03\/04\/elementor-5769\/#primaryimage"},"thumbnailUrl":"https:\/\/aureum.adv.br\/inicio\/wp-content\/uploads\/2024\/03\/25.png","datePublished":"2024-03-04T12:12:17+00:00","dateModified":"2024-03-04T12:14:02+00:00","breadcrumb":{"@id":"https:\/\/aureum.adv.br\/inicio\/2024\/03\/04\/elementor-5769\/#breadcrumb"},"inLanguage":"pt-BR","potentialAction":[{"@type":"ReadAction","target":["https:\/\/aureum.adv.br\/inicio\/2024\/03\/04\/elementor-5769\/"]}]},{"@type":"ImageObject","inLanguage":"pt-BR","@id":"https:\/\/aureum.adv.br\/inicio\/2024\/03\/04\/elementor-5769\/#primaryimage","url":"https:\/\/aureum.adv.br\/inicio\/wp-content\/uploads\/2024\/03\/25.png","contentUrl":"https:\/\/aureum.adv.br\/inicio\/wp-content\/uploads\/2024\/03\/25.png","width":582,"height":582},{"@type":"BreadcrumbList","@id":"https:\/\/aureum.adv.br\/inicio\/2024\/03\/04\/elementor-5769\/#breadcrumb","itemListElement":[{"@type":"ListItem","position":1,"name":"In\u00edcio","item":"https:\/\/aureum.adv.br\/inicio\/"},{"@type":"ListItem","position":2,"name":"Recebe benef\u00edcio por incapacidade permanente? Ser\u00e1 que voc\u00ea tem direito a +25%?"}]},{"@type":"WebSite","@id":"https:\/\/aureum.adv.br\/inicio\/#website","url":"https:\/\/aureum.adv.br\/inicio\/","name":"Aureum Advocacia","description":"Aureum Advocacia Tribut\u00e1ria","publisher":{"@id":"https:\/\/aureum.adv.br\/inicio\/#organization"},"potentialAction":[{"@type":"SearchAction","target":{"@type":"EntryPoint","urlTemplate":"https:\/\/aureum.adv.br\/inicio\/?s={search_term_string}"},"query-input":{"@type":"PropertyValueSpecification","valueRequired":true,"valueName":"search_term_string"}}],"inLanguage":"pt-BR"},{"@type":"Organization","@id":"https:\/\/aureum.adv.br\/inicio\/#organization","name":"Aureum","url":"https:\/\/aureum.adv.br\/inicio\/","logo":{"@type":"ImageObject","inLanguage":"pt-BR","@id":"https:\/\/aureum.adv.br\/inicio\/#\/schema\/logo\/image\/","url":"https:\/\/aureum.adv.br\/inicio\/wp-content\/uploads\/2020\/04\/logo_com-fundo.png","contentUrl":"https:\/\/aureum.adv.br\/inicio\/wp-content\/uploads\/2020\/04\/logo_com-fundo.png","width":1080,"height":1400,"caption":"Aureum"},"image":{"@id":"https:\/\/aureum.adv.br\/inicio\/#\/schema\/logo\/image\/"},"sameAs":["https:\/\/www.facebook.com\/aureumadvocacia","https:\/\/br.linkedin.com\/company\/aureum-advocacia"]},{"@type":"Person","@id":"https:\/\/aureum.adv.br\/inicio\/#\/schema\/person\/bfa138bad3521ed6353a3e13d986baf0","name":"bruna","image":{"@type":"ImageObject","inLanguage":"pt-BR","@id":"https:\/\/aureum.adv.br\/inicio\/#\/schema\/person\/image\/","url":"https:\/\/secure.gravatar.com\/avatar\/ec30cfb94570b842e7230a0fa0eaf2d45ab44f38f3165e80cf8f0311e64d4bd6?s=96&d=mm&r=g","contentUrl":"https:\/\/secure.gravatar.com\/avatar\/ec30cfb94570b842e7230a0fa0eaf2d45ab44f38f3165e80cf8f0311e64d4bd6?s=96&d=mm&r=g","caption":"bruna"},"url":"https:\/\/aureum.adv.br\/inicio\/author\/bruna\/"}]}},"_links":{"self":[{"href":"https:\/\/aureum.adv.br\/inicio\/wp-json\/wp\/v2\/posts\/5769","targetHints":{"allow":["GET"]}}],"collection":[{"href":"https:\/\/aureum.adv.br\/inicio\/wp-json\/wp\/v2\/posts"}],"about":[{"href":"https:\/\/aureum.adv.br\/inicio\/wp-json\/wp\/v2\/types\/post"}],"author":[{"embeddable":true,"href":"https:\/\/aureum.adv.br\/inicio\/wp-json\/wp\/v2\/users\/2"}],"replies":[{"embeddable":true,"href":"https:\/\/aureum.adv.br\/inicio\/wp-json\/wp\/v2\/comments?post=5769"}],"version-history":[{"count":4,"href":"https:\/\/aureum.adv.br\/inicio\/wp-json\/wp\/v2\/posts\/5769\/revisions"}],"predecessor-version":[{"id":5774,"href":"https:\/\/aureum.adv.br\/inicio\/wp-json\/wp\/v2\/posts\/5769\/revisions\/5774"}],"wp:featuredmedia":[{"embeddable":true,"href":"https:\/\/aureum.adv.br\/inicio\/wp-json\/wp\/v2\/media\/5771"}],"wp:attachment":[{"href":"https:\/\/aureum.adv.br\/inicio\/wp-json\/wp\/v2\/media?parent=5769"}],"wp:term":[{"taxonomy":"category","embeddable":true,"href":"https:\/\/aureum.adv.br\/inicio\/wp-json\/wp\/v2\/categories?post=5769"},{"taxonomy":"post_tag","embeddable":true,"href":"https:\/\/aureum.adv.br\/inicio\/wp-json\/wp\/v2\/tags?post=5769"}],"curies":[{"name":"wp","href":"https:\/\/api.w.org\/{rel}","templated":true}]}}