{"id":5368,"date":"2023-12-01T09:01:32","date_gmt":"2023-12-01T12:01:32","guid":{"rendered":"https:\/\/aureum.adv.br\/inicio\/?p=5368"},"modified":"2023-12-01T09:03:21","modified_gmt":"2023-12-01T12:03:21","slug":"elementor-5368","status":"publish","type":"post","link":"https:\/\/aureum.adv.br\/inicio\/2023\/12\/01\/elementor-5368\/","title":{"rendered":"Posso ser indenizado por erro do INSS?"},"content":{"rendered":"\t\t<div data-elementor-type=\"wp-post\" data-elementor-id=\"5368\" class=\"elementor elementor-5368\">\n\t\t\t\t\t\t<section class=\"elementor-section elementor-top-section elementor-element elementor-element-b92504d elementor-section-boxed elementor-section-height-default elementor-section-height-default\" data-id=\"b92504d\" data-element_type=\"section\">\n\t\t\t\t\t\t<div class=\"elementor-container elementor-column-gap-default\">\n\t\t\t\t\t<div class=\"elementor-column elementor-col-100 elementor-top-column elementor-element elementor-element-7e31f88\" data-id=\"7e31f88\" data-element_type=\"column\">\n\t\t\t<div class=\"elementor-widget-wrap elementor-element-populated\">\n\t\t\t\t\t\t<div class=\"elementor-element elementor-element-496b3b0 elementor-widget elementor-widget-text-editor\" data-id=\"496b3b0\" data-element_type=\"widget\" data-widget_type=\"text-editor.default\">\n\t\t\t\t<div class=\"elementor-widget-container\">\n\t\t\t\t\t\t\t\t\t<p style=\"text-align: justify;\"><span>Todos n\u00f3s sabemos que o INSS comete erros, mas ser\u00e1 poss\u00edvel ingressar com uma a\u00e7\u00e3o por danos morais contra essa autarquia?<\/span><br \/><br \/><span>Essa a\u00e7\u00e3o \u00e9 vi\u00e1vel, embora n\u00e3o seja um assunto simples. Isso se deve ao fato de que meros aborrecimentos n\u00e3o justificam essa iniciativa.<\/span><br \/><br \/><span>Vamos entender!<\/span><br \/><br \/><span>Em regra, \u00e9 responsabilidade da parte que move a a\u00e7\u00e3o provar o preju\u00edzo sofrido, demonstrando que ele resulta na viola\u00e7\u00e3o dos direitos como segurado.<\/span><br \/><br \/><span>Contudo, em algumas situa\u00e7\u00f5es, n\u00e3o ser\u00e1 necess\u00e1ria a apresenta\u00e7\u00e3o de provas, uma vez que o dano \u00e9 presumido devido \u00e0 pr\u00e1tica il\u00edcita.<\/span><br \/><br \/><span>Aqui est\u00e3o alguns casos:<\/span><br \/><br \/><span>&#8211; Demora na an\u00e1lise do pedido;<\/span><br \/><span>&#8211; Erro no indeferimento (negativa) administrativo;<\/span><br \/><span>&#8211; Atraso na implanta\u00e7\u00e3o do benef\u00edcio concedido;<\/span><br \/><span>&#8211; Exclus\u00e3o de pensionista;<\/span><br \/><span>&#8211; Cancelamento ou desconto indevido em benef\u00edcio previdenci\u00e1rio.<\/span><br \/><br \/><span>Lembre-se! A peti\u00e7\u00e3o deve ser bem fundamentada para aumentar suas chances de sucesso nessa empreitada.<\/span><br \/><br \/><span>Nesse sentido, alguns dos documentos que podem ser necess\u00e1rios, dependendo do caso, incluem:<\/span><br \/><br \/><span>&#8211; C\u00f3pia do processo administrativo;<\/span><br \/><span>&#8211; Comprovantes de pagamento de contribui\u00e7\u00f5es;<\/span><br \/><span>&#8211; Carta de concess\u00e3o e extratos de pagamentos;<\/span><br \/><span>&#8211; CNIS (Cadastro Nacional de Informa\u00e7\u00f5es Sociais) com informa\u00e7\u00f5es sobre tempo e remunera\u00e7\u00e3o;<\/span><br \/><span>&#8211; Contratos de empr\u00e9stimos consignados;<\/span><br \/><span>&#8211; Comprovantes de agendamento;<\/span><br \/><span>&#8211; Pareceres da per\u00edcia, al\u00e9m de atestados e laudos m\u00e9dicos;<\/span><br \/><span>&#8211; Requerimento de exig\u00eancias;<\/span><br \/><span>&#8211; Indeferimento administrativo e notifica\u00e7\u00f5es recebidas.<\/span><br \/><br \/><span>Por fim, somente um advogado especializado em Previd\u00eancia Social ser\u00e1 capaz de determinar os documentos necess\u00e1rios para a sua situa\u00e7\u00e3o.<\/span><br \/><br \/><span>Portanto, n\u00e3o hesite em buscar a ajuda de um profissional na \u00e1rea!<\/span><\/p>\t\t\t\t\t\t\t\t<\/div>\n\t\t\t\t<\/div>\n\t\t\t\t\t<\/div>\n\t\t<\/div>\n\t\t\t\t\t<\/div>\n\t\t<\/section>\n\t\t\t\t<\/div>\n\t\t","protected":false},"excerpt":{"rendered":"<p>Todos n\u00f3s sabemos que o INSS comete erros, mas ser\u00e1 poss\u00edvel ingressar com uma a\u00e7\u00e3o por danos morais contra essa autarquia? Essa a\u00e7\u00e3o \u00e9 vi\u00e1vel, embora n\u00e3o seja um assunto simples. Isso se deve ao fato de que meros aborrecimentos n\u00e3o justificam essa iniciativa. Vamos entender! Em regra, \u00e9 responsabilidade da parte que move a a\u00e7\u00e3o provar o preju\u00edzo sofrido, demonstrando que ele resulta na viola\u00e7\u00e3o dos direitos como segurado. Contudo, em algumas situa\u00e7\u00f5es, n\u00e3o ser\u00e1 necess\u00e1ria a apresenta\u00e7\u00e3o de provas, uma vez que o dano \u00e9 presumido devido \u00e0 pr\u00e1tica il\u00edcita. Aqui est\u00e3o alguns casos: &#8211; Demora na an\u00e1lise do pedido;&#8211; Erro no indeferimento (negativa) administrativo;&#8211; Atraso na implanta\u00e7\u00e3o do benef\u00edcio concedido;&#8211; Exclus\u00e3o de pensionista;&#8211; Cancelamento ou&hellip;<\/p>\n","protected":false},"author":2,"featured_media":5371,"comment_status":"open","ping_status":"open","sticky":false,"template":"","format":"standard","meta":{"footnotes":""},"categories":[1],"tags":[],"class_list":["post-5368","post","type-post","status-publish","format-standard","has-post-thumbnail","hentry","category-uncategorized"],"yoast_head":"<!-- This site is optimized with the Yoast SEO plugin v26.9 - https:\/\/yoast.com\/product\/yoast-seo-wordpress\/ -->\n<title>Posso ser indenizado por erro do INSS? - Aureum Advocacia<\/title>\n<meta name=\"robots\" content=\"index, follow, max-snippet:-1, max-image-preview:large, max-video-preview:-1\" \/>\n<link rel=\"canonical\" href=\"https:\/\/aureum.adv.br\/inicio\/2023\/12\/01\/elementor-5368\/\" \/>\n<meta property=\"og:locale\" content=\"pt_BR\" \/>\n<meta property=\"og:type\" content=\"article\" \/>\n<meta property=\"og:title\" content=\"Posso ser indenizado por erro do INSS? - Aureum Advocacia\" \/>\n<meta property=\"og:description\" content=\"Todos n\u00f3s sabemos que o INSS comete erros, mas ser\u00e1 poss\u00edvel ingressar com uma a\u00e7\u00e3o por danos morais contra essa autarquia? Essa a\u00e7\u00e3o \u00e9 vi\u00e1vel, embora n\u00e3o seja um assunto simples. Isso se deve ao fato de que meros aborrecimentos n\u00e3o justificam essa iniciativa. Vamos entender! Em regra, \u00e9 responsabilidade da parte que move a a\u00e7\u00e3o provar o preju\u00edzo sofrido, demonstrando que ele resulta na viola\u00e7\u00e3o dos direitos como segurado. Contudo, em algumas situa\u00e7\u00f5es, n\u00e3o ser\u00e1 necess\u00e1ria a apresenta\u00e7\u00e3o de provas, uma vez que o dano \u00e9 presumido devido \u00e0 pr\u00e1tica il\u00edcita. Aqui est\u00e3o alguns casos: &#8211; Demora na an\u00e1lise do pedido;&#8211; Erro no indeferimento (negativa) administrativo;&#8211; Atraso na implanta\u00e7\u00e3o do benef\u00edcio concedido;&#8211; Exclus\u00e3o de pensionista;&#8211; Cancelamento ou&hellip;\" \/>\n<meta property=\"og:url\" content=\"https:\/\/aureum.adv.br\/inicio\/2023\/12\/01\/elementor-5368\/\" \/>\n<meta property=\"og:site_name\" content=\"Aureum Advocacia\" \/>\n<meta property=\"article:publisher\" content=\"https:\/\/www.facebook.com\/aureumadvocacia\" \/>\n<meta property=\"article:published_time\" content=\"2023-12-01T12:01:32+00:00\" \/>\n<meta property=\"article:modified_time\" content=\"2023-12-01T12:03:21+00:00\" \/>\n<meta property=\"og:image\" content=\"https:\/\/aureum.adv.br\/inicio\/wp-content\/uploads\/2023\/12\/Erro-INSS.png\" \/>\n\t<meta property=\"og:image:width\" content=\"471\" \/>\n\t<meta property=\"og:image:height\" content=\"468\" \/>\n\t<meta property=\"og:image:type\" content=\"image\/png\" \/>\n<meta name=\"author\" content=\"bruna\" \/>\n<meta name=\"twitter:card\" content=\"summary_large_image\" \/>\n<meta name=\"twitter:label1\" content=\"Escrito por\" \/>\n\t<meta name=\"twitter:data1\" content=\"bruna\" \/>\n\t<meta name=\"twitter:label2\" content=\"Est. tempo de leitura\" \/>\n\t<meta name=\"twitter:data2\" content=\"2 minutos\" \/>\n<script type=\"application\/ld+json\" class=\"yoast-schema-graph\">{\"@context\":\"https:\/\/schema.org\",\"@graph\":[{\"@type\":\"Article\",\"@id\":\"https:\/\/aureum.adv.br\/inicio\/2023\/12\/01\/elementor-5368\/#article\",\"isPartOf\":{\"@id\":\"https:\/\/aureum.adv.br\/inicio\/2023\/12\/01\/elementor-5368\/\"},\"author\":{\"name\":\"bruna\",\"@id\":\"https:\/\/aureum.adv.br\/inicio\/#\/schema\/person\/bfa138bad3521ed6353a3e13d986baf0\"},\"headline\":\"Posso ser indenizado por erro do INSS?\",\"datePublished\":\"2023-12-01T12:01:32+00:00\",\"dateModified\":\"2023-12-01T12:03:21+00:00\",\"mainEntityOfPage\":{\"@id\":\"https:\/\/aureum.adv.br\/inicio\/2023\/12\/01\/elementor-5368\/\"},\"wordCount\":292,\"commentCount\":0,\"publisher\":{\"@id\":\"https:\/\/aureum.adv.br\/inicio\/#organization\"},\"image\":{\"@id\":\"https:\/\/aureum.adv.br\/inicio\/2023\/12\/01\/elementor-5368\/#primaryimage\"},\"thumbnailUrl\":\"https:\/\/aureum.adv.br\/inicio\/wp-content\/uploads\/2023\/12\/Erro-INSS.png\",\"articleSection\":[\"Uncategorized\"],\"inLanguage\":\"pt-BR\",\"potentialAction\":[{\"@type\":\"CommentAction\",\"name\":\"Comment\",\"target\":[\"https:\/\/aureum.adv.br\/inicio\/2023\/12\/01\/elementor-5368\/#respond\"]}]},{\"@type\":\"WebPage\",\"@id\":\"https:\/\/aureum.adv.br\/inicio\/2023\/12\/01\/elementor-5368\/\",\"url\":\"https:\/\/aureum.adv.br\/inicio\/2023\/12\/01\/elementor-5368\/\",\"name\":\"Posso ser indenizado por erro do INSS? - Aureum Advocacia\",\"isPartOf\":{\"@id\":\"https:\/\/aureum.adv.br\/inicio\/#website\"},\"primaryImageOfPage\":{\"@id\":\"https:\/\/aureum.adv.br\/inicio\/2023\/12\/01\/elementor-5368\/#primaryimage\"},\"image\":{\"@id\":\"https:\/\/aureum.adv.br\/inicio\/2023\/12\/01\/elementor-5368\/#primaryimage\"},\"thumbnailUrl\":\"https:\/\/aureum.adv.br\/inicio\/wp-content\/uploads\/2023\/12\/Erro-INSS.png\",\"datePublished\":\"2023-12-01T12:01:32+00:00\",\"dateModified\":\"2023-12-01T12:03:21+00:00\",\"breadcrumb\":{\"@id\":\"https:\/\/aureum.adv.br\/inicio\/2023\/12\/01\/elementor-5368\/#breadcrumb\"},\"inLanguage\":\"pt-BR\",\"potentialAction\":[{\"@type\":\"ReadAction\",\"target\":[\"https:\/\/aureum.adv.br\/inicio\/2023\/12\/01\/elementor-5368\/\"]}]},{\"@type\":\"ImageObject\",\"inLanguage\":\"pt-BR\",\"@id\":\"https:\/\/aureum.adv.br\/inicio\/2023\/12\/01\/elementor-5368\/#primaryimage\",\"url\":\"https:\/\/aureum.adv.br\/inicio\/wp-content\/uploads\/2023\/12\/Erro-INSS.png\",\"contentUrl\":\"https:\/\/aureum.adv.br\/inicio\/wp-content\/uploads\/2023\/12\/Erro-INSS.png\",\"width\":471,\"height\":468},{\"@type\":\"BreadcrumbList\",\"@id\":\"https:\/\/aureum.adv.br\/inicio\/2023\/12\/01\/elementor-5368\/#breadcrumb\",\"itemListElement\":[{\"@type\":\"ListItem\",\"position\":1,\"name\":\"In\u00edcio\",\"item\":\"https:\/\/aureum.adv.br\/inicio\/\"},{\"@type\":\"ListItem\",\"position\":2,\"name\":\"Posso ser indenizado por erro do INSS?\"}]},{\"@type\":\"WebSite\",\"@id\":\"https:\/\/aureum.adv.br\/inicio\/#website\",\"url\":\"https:\/\/aureum.adv.br\/inicio\/\",\"name\":\"Aureum Advocacia\",\"description\":\"Aureum Advocacia Tribut\u00e1ria\",\"publisher\":{\"@id\":\"https:\/\/aureum.adv.br\/inicio\/#organization\"},\"potentialAction\":[{\"@type\":\"SearchAction\",\"target\":{\"@type\":\"EntryPoint\",\"urlTemplate\":\"https:\/\/aureum.adv.br\/inicio\/?s={search_term_string}\"},\"query-input\":{\"@type\":\"PropertyValueSpecification\",\"valueRequired\":true,\"valueName\":\"search_term_string\"}}],\"inLanguage\":\"pt-BR\"},{\"@type\":\"Organization\",\"@id\":\"https:\/\/aureum.adv.br\/inicio\/#organization\",\"name\":\"Aureum\",\"url\":\"https:\/\/aureum.adv.br\/inicio\/\",\"logo\":{\"@type\":\"ImageObject\",\"inLanguage\":\"pt-BR\",\"@id\":\"https:\/\/aureum.adv.br\/inicio\/#\/schema\/logo\/image\/\",\"url\":\"https:\/\/aureum.adv.br\/inicio\/wp-content\/uploads\/2020\/04\/logo_com-fundo.png\",\"contentUrl\":\"https:\/\/aureum.adv.br\/inicio\/wp-content\/uploads\/2020\/04\/logo_com-fundo.png\",\"width\":1080,\"height\":1400,\"caption\":\"Aureum\"},\"image\":{\"@id\":\"https:\/\/aureum.adv.br\/inicio\/#\/schema\/logo\/image\/\"},\"sameAs\":[\"https:\/\/www.facebook.com\/aureumadvocacia\",\"https:\/\/br.linkedin.com\/company\/aureum-advocacia\"]},{\"@type\":\"Person\",\"@id\":\"https:\/\/aureum.adv.br\/inicio\/#\/schema\/person\/bfa138bad3521ed6353a3e13d986baf0\",\"name\":\"bruna\",\"image\":{\"@type\":\"ImageObject\",\"inLanguage\":\"pt-BR\",\"@id\":\"https:\/\/aureum.adv.br\/inicio\/#\/schema\/person\/image\/\",\"url\":\"https:\/\/secure.gravatar.com\/avatar\/ec30cfb94570b842e7230a0fa0eaf2d45ab44f38f3165e80cf8f0311e64d4bd6?s=96&d=mm&r=g\",\"contentUrl\":\"https:\/\/secure.gravatar.com\/avatar\/ec30cfb94570b842e7230a0fa0eaf2d45ab44f38f3165e80cf8f0311e64d4bd6?s=96&d=mm&r=g\",\"caption\":\"bruna\"},\"url\":\"https:\/\/aureum.adv.br\/inicio\/author\/bruna\/\"}]}<\/script>\n<!-- \/ Yoast SEO plugin. -->","yoast_head_json":{"title":"Posso ser indenizado por erro do INSS? - Aureum Advocacia","robots":{"index":"index","follow":"follow","max-snippet":"max-snippet:-1","max-image-preview":"max-image-preview:large","max-video-preview":"max-video-preview:-1"},"canonical":"https:\/\/aureum.adv.br\/inicio\/2023\/12\/01\/elementor-5368\/","og_locale":"pt_BR","og_type":"article","og_title":"Posso ser indenizado por erro do INSS? - Aureum Advocacia","og_description":"Todos n\u00f3s sabemos que o INSS comete erros, mas ser\u00e1 poss\u00edvel ingressar com uma a\u00e7\u00e3o por danos morais contra essa autarquia? Essa a\u00e7\u00e3o \u00e9 vi\u00e1vel, embora n\u00e3o seja um assunto simples. Isso se deve ao fato de que meros aborrecimentos n\u00e3o justificam essa iniciativa. Vamos entender! Em regra, \u00e9 responsabilidade da parte que move a a\u00e7\u00e3o provar o preju\u00edzo sofrido, demonstrando que ele resulta na viola\u00e7\u00e3o dos direitos como segurado. Contudo, em algumas situa\u00e7\u00f5es, n\u00e3o ser\u00e1 necess\u00e1ria a apresenta\u00e7\u00e3o de provas, uma vez que o dano \u00e9 presumido devido \u00e0 pr\u00e1tica il\u00edcita. Aqui est\u00e3o alguns casos: &#8211; Demora na an\u00e1lise do pedido;&#8211; Erro no indeferimento (negativa) administrativo;&#8211; Atraso na implanta\u00e7\u00e3o do benef\u00edcio concedido;&#8211; Exclus\u00e3o de pensionista;&#8211; Cancelamento ou&hellip;","og_url":"https:\/\/aureum.adv.br\/inicio\/2023\/12\/01\/elementor-5368\/","og_site_name":"Aureum Advocacia","article_publisher":"https:\/\/www.facebook.com\/aureumadvocacia","article_published_time":"2023-12-01T12:01:32+00:00","article_modified_time":"2023-12-01T12:03:21+00:00","og_image":[{"width":471,"height":468,"url":"https:\/\/aureum.adv.br\/inicio\/wp-content\/uploads\/2023\/12\/Erro-INSS.png","type":"image\/png"}],"author":"bruna","twitter_card":"summary_large_image","twitter_misc":{"Escrito por":"bruna","Est. tempo de leitura":"2 minutos"},"schema":{"@context":"https:\/\/schema.org","@graph":[{"@type":"Article","@id":"https:\/\/aureum.adv.br\/inicio\/2023\/12\/01\/elementor-5368\/#article","isPartOf":{"@id":"https:\/\/aureum.adv.br\/inicio\/2023\/12\/01\/elementor-5368\/"},"author":{"name":"bruna","@id":"https:\/\/aureum.adv.br\/inicio\/#\/schema\/person\/bfa138bad3521ed6353a3e13d986baf0"},"headline":"Posso ser indenizado por erro do INSS?","datePublished":"2023-12-01T12:01:32+00:00","dateModified":"2023-12-01T12:03:21+00:00","mainEntityOfPage":{"@id":"https:\/\/aureum.adv.br\/inicio\/2023\/12\/01\/elementor-5368\/"},"wordCount":292,"commentCount":0,"publisher":{"@id":"https:\/\/aureum.adv.br\/inicio\/#organization"},"image":{"@id":"https:\/\/aureum.adv.br\/inicio\/2023\/12\/01\/elementor-5368\/#primaryimage"},"thumbnailUrl":"https:\/\/aureum.adv.br\/inicio\/wp-content\/uploads\/2023\/12\/Erro-INSS.png","articleSection":["Uncategorized"],"inLanguage":"pt-BR","potentialAction":[{"@type":"CommentAction","name":"Comment","target":["https:\/\/aureum.adv.br\/inicio\/2023\/12\/01\/elementor-5368\/#respond"]}]},{"@type":"WebPage","@id":"https:\/\/aureum.adv.br\/inicio\/2023\/12\/01\/elementor-5368\/","url":"https:\/\/aureum.adv.br\/inicio\/2023\/12\/01\/elementor-5368\/","name":"Posso ser indenizado por erro do INSS? - Aureum Advocacia","isPartOf":{"@id":"https:\/\/aureum.adv.br\/inicio\/#website"},"primaryImageOfPage":{"@id":"https:\/\/aureum.adv.br\/inicio\/2023\/12\/01\/elementor-5368\/#primaryimage"},"image":{"@id":"https:\/\/aureum.adv.br\/inicio\/2023\/12\/01\/elementor-5368\/#primaryimage"},"thumbnailUrl":"https:\/\/aureum.adv.br\/inicio\/wp-content\/uploads\/2023\/12\/Erro-INSS.png","datePublished":"2023-12-01T12:01:32+00:00","dateModified":"2023-12-01T12:03:21+00:00","breadcrumb":{"@id":"https:\/\/aureum.adv.br\/inicio\/2023\/12\/01\/elementor-5368\/#breadcrumb"},"inLanguage":"pt-BR","potentialAction":[{"@type":"ReadAction","target":["https:\/\/aureum.adv.br\/inicio\/2023\/12\/01\/elementor-5368\/"]}]},{"@type":"ImageObject","inLanguage":"pt-BR","@id":"https:\/\/aureum.adv.br\/inicio\/2023\/12\/01\/elementor-5368\/#primaryimage","url":"https:\/\/aureum.adv.br\/inicio\/wp-content\/uploads\/2023\/12\/Erro-INSS.png","contentUrl":"https:\/\/aureum.adv.br\/inicio\/wp-content\/uploads\/2023\/12\/Erro-INSS.png","width":471,"height":468},{"@type":"BreadcrumbList","@id":"https:\/\/aureum.adv.br\/inicio\/2023\/12\/01\/elementor-5368\/#breadcrumb","itemListElement":[{"@type":"ListItem","position":1,"name":"In\u00edcio","item":"https:\/\/aureum.adv.br\/inicio\/"},{"@type":"ListItem","position":2,"name":"Posso ser indenizado por erro do INSS?"}]},{"@type":"WebSite","@id":"https:\/\/aureum.adv.br\/inicio\/#website","url":"https:\/\/aureum.adv.br\/inicio\/","name":"Aureum Advocacia","description":"Aureum Advocacia Tribut\u00e1ria","publisher":{"@id":"https:\/\/aureum.adv.br\/inicio\/#organization"},"potentialAction":[{"@type":"SearchAction","target":{"@type":"EntryPoint","urlTemplate":"https:\/\/aureum.adv.br\/inicio\/?s={search_term_string}"},"query-input":{"@type":"PropertyValueSpecification","valueRequired":true,"valueName":"search_term_string"}}],"inLanguage":"pt-BR"},{"@type":"Organization","@id":"https:\/\/aureum.adv.br\/inicio\/#organization","name":"Aureum","url":"https:\/\/aureum.adv.br\/inicio\/","logo":{"@type":"ImageObject","inLanguage":"pt-BR","@id":"https:\/\/aureum.adv.br\/inicio\/#\/schema\/logo\/image\/","url":"https:\/\/aureum.adv.br\/inicio\/wp-content\/uploads\/2020\/04\/logo_com-fundo.png","contentUrl":"https:\/\/aureum.adv.br\/inicio\/wp-content\/uploads\/2020\/04\/logo_com-fundo.png","width":1080,"height":1400,"caption":"Aureum"},"image":{"@id":"https:\/\/aureum.adv.br\/inicio\/#\/schema\/logo\/image\/"},"sameAs":["https:\/\/www.facebook.com\/aureumadvocacia","https:\/\/br.linkedin.com\/company\/aureum-advocacia"]},{"@type":"Person","@id":"https:\/\/aureum.adv.br\/inicio\/#\/schema\/person\/bfa138bad3521ed6353a3e13d986baf0","name":"bruna","image":{"@type":"ImageObject","inLanguage":"pt-BR","@id":"https:\/\/aureum.adv.br\/inicio\/#\/schema\/person\/image\/","url":"https:\/\/secure.gravatar.com\/avatar\/ec30cfb94570b842e7230a0fa0eaf2d45ab44f38f3165e80cf8f0311e64d4bd6?s=96&d=mm&r=g","contentUrl":"https:\/\/secure.gravatar.com\/avatar\/ec30cfb94570b842e7230a0fa0eaf2d45ab44f38f3165e80cf8f0311e64d4bd6?s=96&d=mm&r=g","caption":"bruna"},"url":"https:\/\/aureum.adv.br\/inicio\/author\/bruna\/"}]}},"_links":{"self":[{"href":"https:\/\/aureum.adv.br\/inicio\/wp-json\/wp\/v2\/posts\/5368","targetHints":{"allow":["GET"]}}],"collection":[{"href":"https:\/\/aureum.adv.br\/inicio\/wp-json\/wp\/v2\/posts"}],"about":[{"href":"https:\/\/aureum.adv.br\/inicio\/wp-json\/wp\/v2\/types\/post"}],"author":[{"embeddable":true,"href":"https:\/\/aureum.adv.br\/inicio\/wp-json\/wp\/v2\/users\/2"}],"replies":[{"embeddable":true,"href":"https:\/\/aureum.adv.br\/inicio\/wp-json\/wp\/v2\/comments?post=5368"}],"version-history":[{"count":5,"href":"https:\/\/aureum.adv.br\/inicio\/wp-json\/wp\/v2\/posts\/5368\/revisions"}],"predecessor-version":[{"id":5374,"href":"https:\/\/aureum.adv.br\/inicio\/wp-json\/wp\/v2\/posts\/5368\/revisions\/5374"}],"wp:featuredmedia":[{"embeddable":true,"href":"https:\/\/aureum.adv.br\/inicio\/wp-json\/wp\/v2\/media\/5371"}],"wp:attachment":[{"href":"https:\/\/aureum.adv.br\/inicio\/wp-json\/wp\/v2\/media?parent=5368"}],"wp:term":[{"taxonomy":"category","embeddable":true,"href":"https:\/\/aureum.adv.br\/inicio\/wp-json\/wp\/v2\/categories?post=5368"},{"taxonomy":"post_tag","embeddable":true,"href":"https:\/\/aureum.adv.br\/inicio\/wp-json\/wp\/v2\/tags?post=5368"}],"curies":[{"name":"wp","href":"https:\/\/api.w.org\/{rel}","templated":true}]}}