{"id":5356,"date":"2023-11-30T09:02:51","date_gmt":"2023-11-30T12:02:51","guid":{"rendered":"https:\/\/aureum.adv.br\/inicio\/?p=5356"},"modified":"2023-11-30T09:04:08","modified_gmt":"2023-11-30T12:04:08","slug":"elementor-5356","status":"publish","type":"post","link":"https:\/\/aureum.adv.br\/inicio\/2023\/11\/30\/elementor-5356\/","title":{"rendered":"Presidente sanciona lei para filhos de v\u00edtimas de feminic\u00eddio entenda!"},"content":{"rendered":"\t\t<div data-elementor-type=\"wp-post\" data-elementor-id=\"5356\" class=\"elementor elementor-5356\">\n\t\t\t\t\t\t<section class=\"elementor-section elementor-top-section elementor-element elementor-element-b836a1c elementor-section-boxed elementor-section-height-default elementor-section-height-default\" data-id=\"b836a1c\" data-element_type=\"section\">\n\t\t\t\t\t\t<div class=\"elementor-container elementor-column-gap-default\">\n\t\t\t\t\t<div class=\"elementor-column elementor-col-100 elementor-top-column elementor-element elementor-element-024c3b5\" data-id=\"024c3b5\" data-element_type=\"column\">\n\t\t\t<div class=\"elementor-widget-wrap elementor-element-populated\">\n\t\t\t\t\t\t<div class=\"elementor-element elementor-element-969eb2b elementor-widget elementor-widget-text-editor\" data-id=\"969eb2b\" data-element_type=\"widget\" data-widget_type=\"text-editor.default\">\n\t\t\t\t<div class=\"elementor-widget-container\">\n\t\t\t\t\t\t\t\t\t<p style=\"text-align: justify;\"><span>Grande not\u00edcia para os filhos de v\u00edtimas de feminic\u00eddio!<\/span><br \/><br \/><span>Esse projeto estabelece que filhos menores de 18 anos ter\u00e3o direito a uma pens\u00e3o especial.<\/span><br \/><br \/><span>Para ter acesso a ela, a renda familiar mensal por pessoa precisa ser igual ou menor que um quarto do sal\u00e1rio m\u00ednimo.<\/span><br \/><br \/><span>A proposta aprovada tem um objetivo crucial: garantir uma rede de apoio a essas crian\u00e7as em situa\u00e7\u00e3o de vulnerabilidade.<\/span><br \/><br \/><span>Outro ponto relevante \u00e9 que, se houver fortes ind\u00edcios de que o crime foi feminic\u00eddio, a pens\u00e3o pode ser concedida temporariamente antes do julgamento. Caso contr\u00e1rio, o pagamento ser\u00e1 suspenso.<\/span><br \/><br \/><span>Mas n\u00e3o se preocupe! Os benefici\u00e1rios n\u00e3o ter\u00e3o que devolver o dinheiro j\u00e1 recebido, a menos que haja m\u00e1-f\u00e9 comprovada.<\/span><br \/><br \/><span>Al\u00e9m disso, a lei tamb\u00e9m assegura que o suspeito do crime n\u00e3o poder\u00e1 receber ou administrar a pens\u00e3o em nome dos filhos.<\/span><br \/><br \/><span>Esse \u00e9 mais um avan\u00e7o em busca de justi\u00e7a!<\/span><br \/><br \/><span>Se voc\u00ea tiver mais d\u00favidas sobre o tema, \u00e9 essencial buscar orienta\u00e7\u00e3o de advogados especializados em direito de fam\u00edlia ou previdenci\u00e1rio.<\/span><\/p>\t\t\t\t\t\t\t\t<\/div>\n\t\t\t\t<\/div>\n\t\t\t\t\t<\/div>\n\t\t<\/div>\n\t\t\t\t\t<\/div>\n\t\t<\/section>\n\t\t\t\t<\/div>\n\t\t","protected":false},"excerpt":{"rendered":"<p>Grande not\u00edcia para os filhos de v\u00edtimas de feminic\u00eddio! Esse projeto estabelece que filhos menores de 18 anos ter\u00e3o direito a uma pens\u00e3o especial. Para ter acesso a ela, a renda familiar mensal por pessoa precisa ser igual ou menor que um quarto do sal\u00e1rio m\u00ednimo. A proposta aprovada tem um objetivo crucial: garantir uma rede de apoio a essas crian\u00e7as em situa\u00e7\u00e3o de vulnerabilidade. Outro ponto relevante \u00e9 que, se houver fortes ind\u00edcios de que o crime foi feminic\u00eddio, a pens\u00e3o pode ser concedida temporariamente antes do julgamento. Caso contr\u00e1rio, o pagamento ser\u00e1 suspenso. Mas n\u00e3o se preocupe! Os benefici\u00e1rios n\u00e3o ter\u00e3o que devolver o dinheiro j\u00e1 recebido, a menos que haja m\u00e1-f\u00e9 comprovada. Al\u00e9m disso, a&hellip;<\/p>\n","protected":false},"author":2,"featured_media":5358,"comment_status":"open","ping_status":"open","sticky":false,"template":"","format":"standard","meta":{"footnotes":""},"categories":[1],"tags":[],"class_list":["post-5356","post","type-post","status-publish","format-standard","has-post-thumbnail","hentry","category-uncategorized"],"yoast_head":"<!-- This site is optimized with the Yoast SEO plugin v26.9 - https:\/\/yoast.com\/product\/yoast-seo-wordpress\/ -->\n<title>Presidente sanciona lei para filhos de v\u00edtimas de feminic\u00eddio entenda! - Aureum Advocacia<\/title>\n<meta name=\"robots\" content=\"index, follow, max-snippet:-1, max-image-preview:large, max-video-preview:-1\" \/>\n<link rel=\"canonical\" href=\"https:\/\/aureum.adv.br\/inicio\/2023\/11\/30\/elementor-5356\/\" \/>\n<meta property=\"og:locale\" content=\"pt_BR\" \/>\n<meta property=\"og:type\" content=\"article\" \/>\n<meta property=\"og:title\" content=\"Presidente sanciona lei para filhos de v\u00edtimas de feminic\u00eddio entenda! - Aureum Advocacia\" \/>\n<meta property=\"og:description\" content=\"Grande not\u00edcia para os filhos de v\u00edtimas de feminic\u00eddio! Esse projeto estabelece que filhos menores de 18 anos ter\u00e3o direito a uma pens\u00e3o especial. Para ter acesso a ela, a renda familiar mensal por pessoa precisa ser igual ou menor que um quarto do sal\u00e1rio m\u00ednimo. A proposta aprovada tem um objetivo crucial: garantir uma rede de apoio a essas crian\u00e7as em situa\u00e7\u00e3o de vulnerabilidade. Outro ponto relevante \u00e9 que, se houver fortes ind\u00edcios de que o crime foi feminic\u00eddio, a pens\u00e3o pode ser concedida temporariamente antes do julgamento. Caso contr\u00e1rio, o pagamento ser\u00e1 suspenso. Mas n\u00e3o se preocupe! Os benefici\u00e1rios n\u00e3o ter\u00e3o que devolver o dinheiro j\u00e1 recebido, a menos que haja m\u00e1-f\u00e9 comprovada. Al\u00e9m disso, a&hellip;\" \/>\n<meta property=\"og:url\" content=\"https:\/\/aureum.adv.br\/inicio\/2023\/11\/30\/elementor-5356\/\" \/>\n<meta property=\"og:site_name\" content=\"Aureum Advocacia\" \/>\n<meta property=\"article:publisher\" content=\"https:\/\/www.facebook.com\/aureumadvocacia\" \/>\n<meta property=\"article:published_time\" content=\"2023-11-30T12:02:51+00:00\" \/>\n<meta property=\"article:modified_time\" content=\"2023-11-30T12:04:08+00:00\" \/>\n<meta property=\"og:image\" content=\"https:\/\/aureum.adv.br\/inicio\/wp-content\/uploads\/2023\/11\/Feminicidio.png\" \/>\n\t<meta property=\"og:image:width\" content=\"467\" \/>\n\t<meta property=\"og:image:height\" content=\"468\" \/>\n\t<meta property=\"og:image:type\" content=\"image\/png\" \/>\n<meta name=\"author\" content=\"bruna\" \/>\n<meta name=\"twitter:card\" content=\"summary_large_image\" \/>\n<meta name=\"twitter:label1\" content=\"Escrito por\" \/>\n\t<meta name=\"twitter:data1\" content=\"bruna\" \/>\n\t<meta name=\"twitter:label2\" content=\"Est. tempo de leitura\" \/>\n\t<meta name=\"twitter:data2\" content=\"1 minuto\" \/>\n<script type=\"application\/ld+json\" class=\"yoast-schema-graph\">{\"@context\":\"https:\/\/schema.org\",\"@graph\":[{\"@type\":\"Article\",\"@id\":\"https:\/\/aureum.adv.br\/inicio\/2023\/11\/30\/elementor-5356\/#article\",\"isPartOf\":{\"@id\":\"https:\/\/aureum.adv.br\/inicio\/2023\/11\/30\/elementor-5356\/\"},\"author\":{\"name\":\"bruna\",\"@id\":\"https:\/\/aureum.adv.br\/inicio\/#\/schema\/person\/bfa138bad3521ed6353a3e13d986baf0\"},\"headline\":\"Presidente sanciona lei para filhos de v\u00edtimas de feminic\u00eddio entenda!\",\"datePublished\":\"2023-11-30T12:02:51+00:00\",\"dateModified\":\"2023-11-30T12:04:08+00:00\",\"mainEntityOfPage\":{\"@id\":\"https:\/\/aureum.adv.br\/inicio\/2023\/11\/30\/elementor-5356\/\"},\"wordCount\":203,\"commentCount\":0,\"publisher\":{\"@id\":\"https:\/\/aureum.adv.br\/inicio\/#organization\"},\"image\":{\"@id\":\"https:\/\/aureum.adv.br\/inicio\/2023\/11\/30\/elementor-5356\/#primaryimage\"},\"thumbnailUrl\":\"https:\/\/aureum.adv.br\/inicio\/wp-content\/uploads\/2023\/11\/Feminicidio.png\",\"articleSection\":[\"Uncategorized\"],\"inLanguage\":\"pt-BR\",\"potentialAction\":[{\"@type\":\"CommentAction\",\"name\":\"Comment\",\"target\":[\"https:\/\/aureum.adv.br\/inicio\/2023\/11\/30\/elementor-5356\/#respond\"]}]},{\"@type\":\"WebPage\",\"@id\":\"https:\/\/aureum.adv.br\/inicio\/2023\/11\/30\/elementor-5356\/\",\"url\":\"https:\/\/aureum.adv.br\/inicio\/2023\/11\/30\/elementor-5356\/\",\"name\":\"Presidente sanciona lei para filhos de v\u00edtimas de feminic\u00eddio entenda! - Aureum Advocacia\",\"isPartOf\":{\"@id\":\"https:\/\/aureum.adv.br\/inicio\/#website\"},\"primaryImageOfPage\":{\"@id\":\"https:\/\/aureum.adv.br\/inicio\/2023\/11\/30\/elementor-5356\/#primaryimage\"},\"image\":{\"@id\":\"https:\/\/aureum.adv.br\/inicio\/2023\/11\/30\/elementor-5356\/#primaryimage\"},\"thumbnailUrl\":\"https:\/\/aureum.adv.br\/inicio\/wp-content\/uploads\/2023\/11\/Feminicidio.png\",\"datePublished\":\"2023-11-30T12:02:51+00:00\",\"dateModified\":\"2023-11-30T12:04:08+00:00\",\"breadcrumb\":{\"@id\":\"https:\/\/aureum.adv.br\/inicio\/2023\/11\/30\/elementor-5356\/#breadcrumb\"},\"inLanguage\":\"pt-BR\",\"potentialAction\":[{\"@type\":\"ReadAction\",\"target\":[\"https:\/\/aureum.adv.br\/inicio\/2023\/11\/30\/elementor-5356\/\"]}]},{\"@type\":\"ImageObject\",\"inLanguage\":\"pt-BR\",\"@id\":\"https:\/\/aureum.adv.br\/inicio\/2023\/11\/30\/elementor-5356\/#primaryimage\",\"url\":\"https:\/\/aureum.adv.br\/inicio\/wp-content\/uploads\/2023\/11\/Feminicidio.png\",\"contentUrl\":\"https:\/\/aureum.adv.br\/inicio\/wp-content\/uploads\/2023\/11\/Feminicidio.png\",\"width\":467,\"height\":468},{\"@type\":\"BreadcrumbList\",\"@id\":\"https:\/\/aureum.adv.br\/inicio\/2023\/11\/30\/elementor-5356\/#breadcrumb\",\"itemListElement\":[{\"@type\":\"ListItem\",\"position\":1,\"name\":\"In\u00edcio\",\"item\":\"https:\/\/aureum.adv.br\/inicio\/\"},{\"@type\":\"ListItem\",\"position\":2,\"name\":\"Presidente sanciona lei para filhos de v\u00edtimas de feminic\u00eddio entenda!\"}]},{\"@type\":\"WebSite\",\"@id\":\"https:\/\/aureum.adv.br\/inicio\/#website\",\"url\":\"https:\/\/aureum.adv.br\/inicio\/\",\"name\":\"Aureum Advocacia\",\"description\":\"Aureum Advocacia Tribut\u00e1ria\",\"publisher\":{\"@id\":\"https:\/\/aureum.adv.br\/inicio\/#organization\"},\"potentialAction\":[{\"@type\":\"SearchAction\",\"target\":{\"@type\":\"EntryPoint\",\"urlTemplate\":\"https:\/\/aureum.adv.br\/inicio\/?s={search_term_string}\"},\"query-input\":{\"@type\":\"PropertyValueSpecification\",\"valueRequired\":true,\"valueName\":\"search_term_string\"}}],\"inLanguage\":\"pt-BR\"},{\"@type\":\"Organization\",\"@id\":\"https:\/\/aureum.adv.br\/inicio\/#organization\",\"name\":\"Aureum\",\"url\":\"https:\/\/aureum.adv.br\/inicio\/\",\"logo\":{\"@type\":\"ImageObject\",\"inLanguage\":\"pt-BR\",\"@id\":\"https:\/\/aureum.adv.br\/inicio\/#\/schema\/logo\/image\/\",\"url\":\"https:\/\/aureum.adv.br\/inicio\/wp-content\/uploads\/2020\/04\/logo_com-fundo.png\",\"contentUrl\":\"https:\/\/aureum.adv.br\/inicio\/wp-content\/uploads\/2020\/04\/logo_com-fundo.png\",\"width\":1080,\"height\":1400,\"caption\":\"Aureum\"},\"image\":{\"@id\":\"https:\/\/aureum.adv.br\/inicio\/#\/schema\/logo\/image\/\"},\"sameAs\":[\"https:\/\/www.facebook.com\/aureumadvocacia\",\"https:\/\/br.linkedin.com\/company\/aureum-advocacia\"]},{\"@type\":\"Person\",\"@id\":\"https:\/\/aureum.adv.br\/inicio\/#\/schema\/person\/bfa138bad3521ed6353a3e13d986baf0\",\"name\":\"bruna\",\"image\":{\"@type\":\"ImageObject\",\"inLanguage\":\"pt-BR\",\"@id\":\"https:\/\/aureum.adv.br\/inicio\/#\/schema\/person\/image\/\",\"url\":\"https:\/\/secure.gravatar.com\/avatar\/ec30cfb94570b842e7230a0fa0eaf2d45ab44f38f3165e80cf8f0311e64d4bd6?s=96&d=mm&r=g\",\"contentUrl\":\"https:\/\/secure.gravatar.com\/avatar\/ec30cfb94570b842e7230a0fa0eaf2d45ab44f38f3165e80cf8f0311e64d4bd6?s=96&d=mm&r=g\",\"caption\":\"bruna\"},\"url\":\"https:\/\/aureum.adv.br\/inicio\/author\/bruna\/\"}]}<\/script>\n<!-- \/ Yoast SEO plugin. -->","yoast_head_json":{"title":"Presidente sanciona lei para filhos de v\u00edtimas de feminic\u00eddio entenda! - Aureum Advocacia","robots":{"index":"index","follow":"follow","max-snippet":"max-snippet:-1","max-image-preview":"max-image-preview:large","max-video-preview":"max-video-preview:-1"},"canonical":"https:\/\/aureum.adv.br\/inicio\/2023\/11\/30\/elementor-5356\/","og_locale":"pt_BR","og_type":"article","og_title":"Presidente sanciona lei para filhos de v\u00edtimas de feminic\u00eddio entenda! - Aureum Advocacia","og_description":"Grande not\u00edcia para os filhos de v\u00edtimas de feminic\u00eddio! Esse projeto estabelece que filhos menores de 18 anos ter\u00e3o direito a uma pens\u00e3o especial. Para ter acesso a ela, a renda familiar mensal por pessoa precisa ser igual ou menor que um quarto do sal\u00e1rio m\u00ednimo. A proposta aprovada tem um objetivo crucial: garantir uma rede de apoio a essas crian\u00e7as em situa\u00e7\u00e3o de vulnerabilidade. Outro ponto relevante \u00e9 que, se houver fortes ind\u00edcios de que o crime foi feminic\u00eddio, a pens\u00e3o pode ser concedida temporariamente antes do julgamento. Caso contr\u00e1rio, o pagamento ser\u00e1 suspenso. Mas n\u00e3o se preocupe! Os benefici\u00e1rios n\u00e3o ter\u00e3o que devolver o dinheiro j\u00e1 recebido, a menos que haja m\u00e1-f\u00e9 comprovada. Al\u00e9m disso, a&hellip;","og_url":"https:\/\/aureum.adv.br\/inicio\/2023\/11\/30\/elementor-5356\/","og_site_name":"Aureum Advocacia","article_publisher":"https:\/\/www.facebook.com\/aureumadvocacia","article_published_time":"2023-11-30T12:02:51+00:00","article_modified_time":"2023-11-30T12:04:08+00:00","og_image":[{"width":467,"height":468,"url":"https:\/\/aureum.adv.br\/inicio\/wp-content\/uploads\/2023\/11\/Feminicidio.png","type":"image\/png"}],"author":"bruna","twitter_card":"summary_large_image","twitter_misc":{"Escrito por":"bruna","Est. tempo de leitura":"1 minuto"},"schema":{"@context":"https:\/\/schema.org","@graph":[{"@type":"Article","@id":"https:\/\/aureum.adv.br\/inicio\/2023\/11\/30\/elementor-5356\/#article","isPartOf":{"@id":"https:\/\/aureum.adv.br\/inicio\/2023\/11\/30\/elementor-5356\/"},"author":{"name":"bruna","@id":"https:\/\/aureum.adv.br\/inicio\/#\/schema\/person\/bfa138bad3521ed6353a3e13d986baf0"},"headline":"Presidente sanciona lei para filhos de v\u00edtimas de feminic\u00eddio entenda!","datePublished":"2023-11-30T12:02:51+00:00","dateModified":"2023-11-30T12:04:08+00:00","mainEntityOfPage":{"@id":"https:\/\/aureum.adv.br\/inicio\/2023\/11\/30\/elementor-5356\/"},"wordCount":203,"commentCount":0,"publisher":{"@id":"https:\/\/aureum.adv.br\/inicio\/#organization"},"image":{"@id":"https:\/\/aureum.adv.br\/inicio\/2023\/11\/30\/elementor-5356\/#primaryimage"},"thumbnailUrl":"https:\/\/aureum.adv.br\/inicio\/wp-content\/uploads\/2023\/11\/Feminicidio.png","articleSection":["Uncategorized"],"inLanguage":"pt-BR","potentialAction":[{"@type":"CommentAction","name":"Comment","target":["https:\/\/aureum.adv.br\/inicio\/2023\/11\/30\/elementor-5356\/#respond"]}]},{"@type":"WebPage","@id":"https:\/\/aureum.adv.br\/inicio\/2023\/11\/30\/elementor-5356\/","url":"https:\/\/aureum.adv.br\/inicio\/2023\/11\/30\/elementor-5356\/","name":"Presidente sanciona lei para filhos de v\u00edtimas de feminic\u00eddio entenda! - Aureum Advocacia","isPartOf":{"@id":"https:\/\/aureum.adv.br\/inicio\/#website"},"primaryImageOfPage":{"@id":"https:\/\/aureum.adv.br\/inicio\/2023\/11\/30\/elementor-5356\/#primaryimage"},"image":{"@id":"https:\/\/aureum.adv.br\/inicio\/2023\/11\/30\/elementor-5356\/#primaryimage"},"thumbnailUrl":"https:\/\/aureum.adv.br\/inicio\/wp-content\/uploads\/2023\/11\/Feminicidio.png","datePublished":"2023-11-30T12:02:51+00:00","dateModified":"2023-11-30T12:04:08+00:00","breadcrumb":{"@id":"https:\/\/aureum.adv.br\/inicio\/2023\/11\/30\/elementor-5356\/#breadcrumb"},"inLanguage":"pt-BR","potentialAction":[{"@type":"ReadAction","target":["https:\/\/aureum.adv.br\/inicio\/2023\/11\/30\/elementor-5356\/"]}]},{"@type":"ImageObject","inLanguage":"pt-BR","@id":"https:\/\/aureum.adv.br\/inicio\/2023\/11\/30\/elementor-5356\/#primaryimage","url":"https:\/\/aureum.adv.br\/inicio\/wp-content\/uploads\/2023\/11\/Feminicidio.png","contentUrl":"https:\/\/aureum.adv.br\/inicio\/wp-content\/uploads\/2023\/11\/Feminicidio.png","width":467,"height":468},{"@type":"BreadcrumbList","@id":"https:\/\/aureum.adv.br\/inicio\/2023\/11\/30\/elementor-5356\/#breadcrumb","itemListElement":[{"@type":"ListItem","position":1,"name":"In\u00edcio","item":"https:\/\/aureum.adv.br\/inicio\/"},{"@type":"ListItem","position":2,"name":"Presidente sanciona lei para filhos de v\u00edtimas de feminic\u00eddio entenda!"}]},{"@type":"WebSite","@id":"https:\/\/aureum.adv.br\/inicio\/#website","url":"https:\/\/aureum.adv.br\/inicio\/","name":"Aureum Advocacia","description":"Aureum Advocacia Tribut\u00e1ria","publisher":{"@id":"https:\/\/aureum.adv.br\/inicio\/#organization"},"potentialAction":[{"@type":"SearchAction","target":{"@type":"EntryPoint","urlTemplate":"https:\/\/aureum.adv.br\/inicio\/?s={search_term_string}"},"query-input":{"@type":"PropertyValueSpecification","valueRequired":true,"valueName":"search_term_string"}}],"inLanguage":"pt-BR"},{"@type":"Organization","@id":"https:\/\/aureum.adv.br\/inicio\/#organization","name":"Aureum","url":"https:\/\/aureum.adv.br\/inicio\/","logo":{"@type":"ImageObject","inLanguage":"pt-BR","@id":"https:\/\/aureum.adv.br\/inicio\/#\/schema\/logo\/image\/","url":"https:\/\/aureum.adv.br\/inicio\/wp-content\/uploads\/2020\/04\/logo_com-fundo.png","contentUrl":"https:\/\/aureum.adv.br\/inicio\/wp-content\/uploads\/2020\/04\/logo_com-fundo.png","width":1080,"height":1400,"caption":"Aureum"},"image":{"@id":"https:\/\/aureum.adv.br\/inicio\/#\/schema\/logo\/image\/"},"sameAs":["https:\/\/www.facebook.com\/aureumadvocacia","https:\/\/br.linkedin.com\/company\/aureum-advocacia"]},{"@type":"Person","@id":"https:\/\/aureum.adv.br\/inicio\/#\/schema\/person\/bfa138bad3521ed6353a3e13d986baf0","name":"bruna","image":{"@type":"ImageObject","inLanguage":"pt-BR","@id":"https:\/\/aureum.adv.br\/inicio\/#\/schema\/person\/image\/","url":"https:\/\/secure.gravatar.com\/avatar\/ec30cfb94570b842e7230a0fa0eaf2d45ab44f38f3165e80cf8f0311e64d4bd6?s=96&d=mm&r=g","contentUrl":"https:\/\/secure.gravatar.com\/avatar\/ec30cfb94570b842e7230a0fa0eaf2d45ab44f38f3165e80cf8f0311e64d4bd6?s=96&d=mm&r=g","caption":"bruna"},"url":"https:\/\/aureum.adv.br\/inicio\/author\/bruna\/"}]}},"_links":{"self":[{"href":"https:\/\/aureum.adv.br\/inicio\/wp-json\/wp\/v2\/posts\/5356","targetHints":{"allow":["GET"]}}],"collection":[{"href":"https:\/\/aureum.adv.br\/inicio\/wp-json\/wp\/v2\/posts"}],"about":[{"href":"https:\/\/aureum.adv.br\/inicio\/wp-json\/wp\/v2\/types\/post"}],"author":[{"embeddable":true,"href":"https:\/\/aureum.adv.br\/inicio\/wp-json\/wp\/v2\/users\/2"}],"replies":[{"embeddable":true,"href":"https:\/\/aureum.adv.br\/inicio\/wp-json\/wp\/v2\/comments?post=5356"}],"version-history":[{"count":4,"href":"https:\/\/aureum.adv.br\/inicio\/wp-json\/wp\/v2\/posts\/5356\/revisions"}],"predecessor-version":[{"id":5361,"href":"https:\/\/aureum.adv.br\/inicio\/wp-json\/wp\/v2\/posts\/5356\/revisions\/5361"}],"wp:featuredmedia":[{"embeddable":true,"href":"https:\/\/aureum.adv.br\/inicio\/wp-json\/wp\/v2\/media\/5358"}],"wp:attachment":[{"href":"https:\/\/aureum.adv.br\/inicio\/wp-json\/wp\/v2\/media?parent=5356"}],"wp:term":[{"taxonomy":"category","embeddable":true,"href":"https:\/\/aureum.adv.br\/inicio\/wp-json\/wp\/v2\/categories?post=5356"},{"taxonomy":"post_tag","embeddable":true,"href":"https:\/\/aureum.adv.br\/inicio\/wp-json\/wp\/v2\/tags?post=5356"}],"curies":[{"name":"wp","href":"https:\/\/api.w.org\/{rel}","templated":true}]}}