{"id":5336,"date":"2023-11-27T08:50:23","date_gmt":"2023-11-27T11:50:23","guid":{"rendered":"https:\/\/aureum.adv.br\/inicio\/?p=5336"},"modified":"2023-11-27T08:52:33","modified_gmt":"2023-11-27T11:52:33","slug":"elementor-5336","status":"publish","type":"post","link":"https:\/\/aureum.adv.br\/inicio\/2023\/11\/27\/elementor-5336\/","title":{"rendered":"Benef\u00edcio por incapacidade: quais doen\u00e7as n\u00e3o precisam de car\u00eancia?"},"content":{"rendered":"\t\t<div data-elementor-type=\"wp-post\" data-elementor-id=\"5336\" class=\"elementor elementor-5336\">\n\t\t\t\t\t\t<section class=\"elementor-section elementor-top-section elementor-element elementor-element-b533896 elementor-section-boxed elementor-section-height-default elementor-section-height-default\" data-id=\"b533896\" data-element_type=\"section\">\n\t\t\t\t\t\t<div class=\"elementor-container elementor-column-gap-default\">\n\t\t\t\t\t<div class=\"elementor-column elementor-col-100 elementor-top-column elementor-element elementor-element-51572f0\" data-id=\"51572f0\" data-element_type=\"column\">\n\t\t\t<div class=\"elementor-widget-wrap elementor-element-populated\">\n\t\t\t\t\t\t<div class=\"elementor-element elementor-element-ada92fa elementor-widget elementor-widget-text-editor\" data-id=\"ada92fa\" data-element_type=\"widget\" data-widget_type=\"text-editor.default\">\n\t\t\t\t<div class=\"elementor-widget-container\">\n\t\t\t\t\t\t\t\t\t<p style=\"text-align: justify;\"><span>Ao ser acometido por uma doen\u00e7a ou qualquer altera\u00e7\u00e3o patol\u00f3gica de natureza grave, o segurado pode ter direito ao benef\u00edcio por incapacidade sem a necessidade de car\u00eancia no INSS.<\/span><br \/><br \/><span>Para isso, \u00e9 importante que a enfermidade que impossibilitou o trabalho tenha iniciado ap\u00f3s o indiv\u00edduo j\u00e1 estar contribuindo para o Regime Geral de Previd\u00eancia Social (RGPS)<\/span><br \/><br \/><span>E quais s\u00e3o as doen\u00e7as que permitem a isen\u00e7\u00e3o da car\u00eancia? Acompanhe:<\/span><br \/><br \/><span>&#8211; tuberculose ativa;<\/span><br \/><span>&#8211; hansen\u00edase (antigamente conhecida como lepra);<\/span><br \/><span>&#8211; transtorno mental grave, desde que esteja cursando com aliena\u00e7\u00e3o mental;<\/span><br \/><span>&#8211; neoplasia maligna (c\u00e2ncer);<\/span><br \/><span>&#8211; cegueira;<\/span><br \/><span>&#8211; paralisia irrevers\u00edvel e incapacitante;<\/span><br \/><span>&#8211; cardiopatia grave;<\/span><br \/><span>&#8211; doen\u00e7a de Parkinson;<\/span><br \/><span>&#8211; espondilite anquilosante;<\/span><br \/><span>&#8211; nefropatia grave;<\/span><br \/><span>&#8211; estado avan\u00e7ado da doen\u00e7a de Paget (oste\u00edte deformante);<\/span><br \/><span>&#8211; s\u00edndrome da defici\u00eancia imunol\u00f3gica adquirida (Aids);<\/span><br \/><span>&#8211; contamina\u00e7\u00e3o por radia\u00e7\u00e3o, com base em conclus\u00e3o da medicina especializada;<\/span><br \/><span>&#8211; hepatopatia grave;<\/span><br \/><span>&#8211; esclerose m\u00faltipla;<\/span><br \/><span>&#8211; acidente vascular encef\u00e1lico (agudo); e.<\/span><br \/><span>&#8211; abdome agudo cir\u00fargico.<\/span><br \/><br \/><span>Essa lista passa por atualiza\u00e7\u00f5es a cada 3 anos &#8211; a \u00faltima altera\u00e7\u00e3o entrou em vigor dia 3 de outubro de 2022.<\/span><br \/><br \/><span>Para saber mais sobre o assunto, n\u00e3o deixe de procurar um advogado especialista em Direito Previdenci\u00e1rio.<\/span><\/p>\t\t\t\t\t\t\t\t<\/div>\n\t\t\t\t<\/div>\n\t\t\t\t\t<\/div>\n\t\t<\/div>\n\t\t\t\t\t<\/div>\n\t\t<\/section>\n\t\t\t\t<\/div>\n\t\t","protected":false},"excerpt":{"rendered":"<p>Ao ser acometido por uma doen\u00e7a ou qualquer altera\u00e7\u00e3o patol\u00f3gica de natureza grave, o segurado pode ter direito ao benef\u00edcio por incapacidade sem a necessidade de car\u00eancia no INSS. Para isso, \u00e9 importante que a enfermidade que impossibilitou o trabalho tenha iniciado ap\u00f3s o indiv\u00edduo j\u00e1 estar contribuindo para o Regime Geral de Previd\u00eancia Social (RGPS) E quais s\u00e3o as doen\u00e7as que permitem a isen\u00e7\u00e3o da car\u00eancia? Acompanhe: &#8211; tuberculose ativa;&#8211; hansen\u00edase (antigamente conhecida como lepra);&#8211; transtorno mental grave, desde que esteja cursando com aliena\u00e7\u00e3o mental;&#8211; neoplasia maligna (c\u00e2ncer);&#8211; cegueira;&#8211; paralisia irrevers\u00edvel e incapacitante;&#8211; cardiopatia grave;&#8211; doen\u00e7a de Parkinson;&#8211; espondilite anquilosante;&#8211; nefropatia grave;&#8211; estado avan\u00e7ado da doen\u00e7a de Paget (oste\u00edte deformante);&#8211; s\u00edndrome da defici\u00eancia imunol\u00f3gica adquirida (Aids);&#8211; contamina\u00e7\u00e3o&hellip;<\/p>\n","protected":false},"author":2,"featured_media":5338,"comment_status":"open","ping_status":"open","sticky":false,"template":"","format":"standard","meta":{"footnotes":""},"categories":[1],"tags":[],"class_list":["post-5336","post","type-post","status-publish","format-standard","has-post-thumbnail","hentry","category-uncategorized"],"yoast_head":"<!-- This site is optimized with the Yoast SEO plugin v26.9 - https:\/\/yoast.com\/product\/yoast-seo-wordpress\/ -->\n<title>Benef\u00edcio por incapacidade: quais doen\u00e7as n\u00e3o precisam de car\u00eancia? - Aureum Advocacia<\/title>\n<meta name=\"robots\" content=\"index, follow, max-snippet:-1, max-image-preview:large, max-video-preview:-1\" \/>\n<link rel=\"canonical\" href=\"https:\/\/aureum.adv.br\/inicio\/2023\/11\/27\/elementor-5336\/\" \/>\n<meta property=\"og:locale\" content=\"pt_BR\" \/>\n<meta property=\"og:type\" content=\"article\" \/>\n<meta property=\"og:title\" content=\"Benef\u00edcio por incapacidade: quais doen\u00e7as n\u00e3o precisam de car\u00eancia? - Aureum Advocacia\" \/>\n<meta property=\"og:description\" content=\"Ao ser acometido por uma doen\u00e7a ou qualquer altera\u00e7\u00e3o patol\u00f3gica de natureza grave, o segurado pode ter direito ao benef\u00edcio por incapacidade sem a necessidade de car\u00eancia no INSS. Para isso, \u00e9 importante que a enfermidade que impossibilitou o trabalho tenha iniciado ap\u00f3s o indiv\u00edduo j\u00e1 estar contribuindo para o Regime Geral de Previd\u00eancia Social (RGPS) E quais s\u00e3o as doen\u00e7as que permitem a isen\u00e7\u00e3o da car\u00eancia? Acompanhe: &#8211; tuberculose ativa;&#8211; hansen\u00edase (antigamente conhecida como lepra);&#8211; transtorno mental grave, desde que esteja cursando com aliena\u00e7\u00e3o mental;&#8211; neoplasia maligna (c\u00e2ncer);&#8211; cegueira;&#8211; paralisia irrevers\u00edvel e incapacitante;&#8211; cardiopatia grave;&#8211; doen\u00e7a de Parkinson;&#8211; espondilite anquilosante;&#8211; nefropatia grave;&#8211; estado avan\u00e7ado da doen\u00e7a de Paget (oste\u00edte deformante);&#8211; s\u00edndrome da defici\u00eancia imunol\u00f3gica adquirida (Aids);&#8211; contamina\u00e7\u00e3o&hellip;\" \/>\n<meta property=\"og:url\" content=\"https:\/\/aureum.adv.br\/inicio\/2023\/11\/27\/elementor-5336\/\" \/>\n<meta property=\"og:site_name\" content=\"Aureum Advocacia\" \/>\n<meta property=\"article:publisher\" content=\"https:\/\/www.facebook.com\/aureumadvocacia\" \/>\n<meta property=\"article:published_time\" content=\"2023-11-27T11:50:23+00:00\" \/>\n<meta property=\"article:modified_time\" content=\"2023-11-27T11:52:33+00:00\" \/>\n<meta property=\"og:image\" content=\"https:\/\/aureum.adv.br\/inicio\/wp-content\/uploads\/2023\/11\/Incapacidade-Carencia.png\" \/>\n\t<meta property=\"og:image:width\" content=\"585\" \/>\n\t<meta property=\"og:image:height\" content=\"584\" \/>\n\t<meta property=\"og:image:type\" content=\"image\/png\" \/>\n<meta name=\"author\" content=\"bruna\" \/>\n<meta name=\"twitter:card\" content=\"summary_large_image\" \/>\n<meta name=\"twitter:label1\" content=\"Escrito por\" \/>\n\t<meta name=\"twitter:data1\" content=\"bruna\" \/>\n\t<meta name=\"twitter:label2\" content=\"Est. tempo de leitura\" \/>\n\t<meta name=\"twitter:data2\" content=\"1 minuto\" \/>\n<script type=\"application\/ld+json\" class=\"yoast-schema-graph\">{\"@context\":\"https:\/\/schema.org\",\"@graph\":[{\"@type\":\"Article\",\"@id\":\"https:\/\/aureum.adv.br\/inicio\/2023\/11\/27\/elementor-5336\/#article\",\"isPartOf\":{\"@id\":\"https:\/\/aureum.adv.br\/inicio\/2023\/11\/27\/elementor-5336\/\"},\"author\":{\"name\":\"bruna\",\"@id\":\"https:\/\/aureum.adv.br\/inicio\/#\/schema\/person\/bfa138bad3521ed6353a3e13d986baf0\"},\"headline\":\"Benef\u00edcio por incapacidade: quais doen\u00e7as n\u00e3o precisam de car\u00eancia?\",\"datePublished\":\"2023-11-27T11:50:23+00:00\",\"dateModified\":\"2023-11-27T11:52:33+00:00\",\"mainEntityOfPage\":{\"@id\":\"https:\/\/aureum.adv.br\/inicio\/2023\/11\/27\/elementor-5336\/\"},\"wordCount\":235,\"commentCount\":0,\"publisher\":{\"@id\":\"https:\/\/aureum.adv.br\/inicio\/#organization\"},\"image\":{\"@id\":\"https:\/\/aureum.adv.br\/inicio\/2023\/11\/27\/elementor-5336\/#primaryimage\"},\"thumbnailUrl\":\"https:\/\/aureum.adv.br\/inicio\/wp-content\/uploads\/2023\/11\/Incapacidade-Carencia.png\",\"articleSection\":[\"Uncategorized\"],\"inLanguage\":\"pt-BR\",\"potentialAction\":[{\"@type\":\"CommentAction\",\"name\":\"Comment\",\"target\":[\"https:\/\/aureum.adv.br\/inicio\/2023\/11\/27\/elementor-5336\/#respond\"]}]},{\"@type\":\"WebPage\",\"@id\":\"https:\/\/aureum.adv.br\/inicio\/2023\/11\/27\/elementor-5336\/\",\"url\":\"https:\/\/aureum.adv.br\/inicio\/2023\/11\/27\/elementor-5336\/\",\"name\":\"Benef\u00edcio por incapacidade: quais doen\u00e7as n\u00e3o precisam de car\u00eancia? - Aureum Advocacia\",\"isPartOf\":{\"@id\":\"https:\/\/aureum.adv.br\/inicio\/#website\"},\"primaryImageOfPage\":{\"@id\":\"https:\/\/aureum.adv.br\/inicio\/2023\/11\/27\/elementor-5336\/#primaryimage\"},\"image\":{\"@id\":\"https:\/\/aureum.adv.br\/inicio\/2023\/11\/27\/elementor-5336\/#primaryimage\"},\"thumbnailUrl\":\"https:\/\/aureum.adv.br\/inicio\/wp-content\/uploads\/2023\/11\/Incapacidade-Carencia.png\",\"datePublished\":\"2023-11-27T11:50:23+00:00\",\"dateModified\":\"2023-11-27T11:52:33+00:00\",\"breadcrumb\":{\"@id\":\"https:\/\/aureum.adv.br\/inicio\/2023\/11\/27\/elementor-5336\/#breadcrumb\"},\"inLanguage\":\"pt-BR\",\"potentialAction\":[{\"@type\":\"ReadAction\",\"target\":[\"https:\/\/aureum.adv.br\/inicio\/2023\/11\/27\/elementor-5336\/\"]}]},{\"@type\":\"ImageObject\",\"inLanguage\":\"pt-BR\",\"@id\":\"https:\/\/aureum.adv.br\/inicio\/2023\/11\/27\/elementor-5336\/#primaryimage\",\"url\":\"https:\/\/aureum.adv.br\/inicio\/wp-content\/uploads\/2023\/11\/Incapacidade-Carencia.png\",\"contentUrl\":\"https:\/\/aureum.adv.br\/inicio\/wp-content\/uploads\/2023\/11\/Incapacidade-Carencia.png\",\"width\":585,\"height\":584},{\"@type\":\"BreadcrumbList\",\"@id\":\"https:\/\/aureum.adv.br\/inicio\/2023\/11\/27\/elementor-5336\/#breadcrumb\",\"itemListElement\":[{\"@type\":\"ListItem\",\"position\":1,\"name\":\"In\u00edcio\",\"item\":\"https:\/\/aureum.adv.br\/inicio\/\"},{\"@type\":\"ListItem\",\"position\":2,\"name\":\"Benef\u00edcio por incapacidade: quais doen\u00e7as n\u00e3o precisam de car\u00eancia?\"}]},{\"@type\":\"WebSite\",\"@id\":\"https:\/\/aureum.adv.br\/inicio\/#website\",\"url\":\"https:\/\/aureum.adv.br\/inicio\/\",\"name\":\"Aureum Advocacia\",\"description\":\"Aureum Advocacia Tribut\u00e1ria\",\"publisher\":{\"@id\":\"https:\/\/aureum.adv.br\/inicio\/#organization\"},\"potentialAction\":[{\"@type\":\"SearchAction\",\"target\":{\"@type\":\"EntryPoint\",\"urlTemplate\":\"https:\/\/aureum.adv.br\/inicio\/?s={search_term_string}\"},\"query-input\":{\"@type\":\"PropertyValueSpecification\",\"valueRequired\":true,\"valueName\":\"search_term_string\"}}],\"inLanguage\":\"pt-BR\"},{\"@type\":\"Organization\",\"@id\":\"https:\/\/aureum.adv.br\/inicio\/#organization\",\"name\":\"Aureum\",\"url\":\"https:\/\/aureum.adv.br\/inicio\/\",\"logo\":{\"@type\":\"ImageObject\",\"inLanguage\":\"pt-BR\",\"@id\":\"https:\/\/aureum.adv.br\/inicio\/#\/schema\/logo\/image\/\",\"url\":\"https:\/\/aureum.adv.br\/inicio\/wp-content\/uploads\/2020\/04\/logo_com-fundo.png\",\"contentUrl\":\"https:\/\/aureum.adv.br\/inicio\/wp-content\/uploads\/2020\/04\/logo_com-fundo.png\",\"width\":1080,\"height\":1400,\"caption\":\"Aureum\"},\"image\":{\"@id\":\"https:\/\/aureum.adv.br\/inicio\/#\/schema\/logo\/image\/\"},\"sameAs\":[\"https:\/\/www.facebook.com\/aureumadvocacia\",\"https:\/\/br.linkedin.com\/company\/aureum-advocacia\"]},{\"@type\":\"Person\",\"@id\":\"https:\/\/aureum.adv.br\/inicio\/#\/schema\/person\/bfa138bad3521ed6353a3e13d986baf0\",\"name\":\"bruna\",\"image\":{\"@type\":\"ImageObject\",\"inLanguage\":\"pt-BR\",\"@id\":\"https:\/\/aureum.adv.br\/inicio\/#\/schema\/person\/image\/\",\"url\":\"https:\/\/secure.gravatar.com\/avatar\/ec30cfb94570b842e7230a0fa0eaf2d45ab44f38f3165e80cf8f0311e64d4bd6?s=96&d=mm&r=g\",\"contentUrl\":\"https:\/\/secure.gravatar.com\/avatar\/ec30cfb94570b842e7230a0fa0eaf2d45ab44f38f3165e80cf8f0311e64d4bd6?s=96&d=mm&r=g\",\"caption\":\"bruna\"},\"url\":\"https:\/\/aureum.adv.br\/inicio\/author\/bruna\/\"}]}<\/script>\n<!-- \/ Yoast SEO plugin. -->","yoast_head_json":{"title":"Benef\u00edcio por incapacidade: quais doen\u00e7as n\u00e3o precisam de car\u00eancia? - Aureum Advocacia","robots":{"index":"index","follow":"follow","max-snippet":"max-snippet:-1","max-image-preview":"max-image-preview:large","max-video-preview":"max-video-preview:-1"},"canonical":"https:\/\/aureum.adv.br\/inicio\/2023\/11\/27\/elementor-5336\/","og_locale":"pt_BR","og_type":"article","og_title":"Benef\u00edcio por incapacidade: quais doen\u00e7as n\u00e3o precisam de car\u00eancia? - Aureum Advocacia","og_description":"Ao ser acometido por uma doen\u00e7a ou qualquer altera\u00e7\u00e3o patol\u00f3gica de natureza grave, o segurado pode ter direito ao benef\u00edcio por incapacidade sem a necessidade de car\u00eancia no INSS. Para isso, \u00e9 importante que a enfermidade que impossibilitou o trabalho tenha iniciado ap\u00f3s o indiv\u00edduo j\u00e1 estar contribuindo para o Regime Geral de Previd\u00eancia Social (RGPS) E quais s\u00e3o as doen\u00e7as que permitem a isen\u00e7\u00e3o da car\u00eancia? Acompanhe: &#8211; tuberculose ativa;&#8211; hansen\u00edase (antigamente conhecida como lepra);&#8211; transtorno mental grave, desde que esteja cursando com aliena\u00e7\u00e3o mental;&#8211; neoplasia maligna (c\u00e2ncer);&#8211; cegueira;&#8211; paralisia irrevers\u00edvel e incapacitante;&#8211; cardiopatia grave;&#8211; doen\u00e7a de Parkinson;&#8211; espondilite anquilosante;&#8211; nefropatia grave;&#8211; estado avan\u00e7ado da doen\u00e7a de Paget (oste\u00edte deformante);&#8211; s\u00edndrome da defici\u00eancia imunol\u00f3gica adquirida (Aids);&#8211; contamina\u00e7\u00e3o&hellip;","og_url":"https:\/\/aureum.adv.br\/inicio\/2023\/11\/27\/elementor-5336\/","og_site_name":"Aureum Advocacia","article_publisher":"https:\/\/www.facebook.com\/aureumadvocacia","article_published_time":"2023-11-27T11:50:23+00:00","article_modified_time":"2023-11-27T11:52:33+00:00","og_image":[{"width":585,"height":584,"url":"https:\/\/aureum.adv.br\/inicio\/wp-content\/uploads\/2023\/11\/Incapacidade-Carencia.png","type":"image\/png"}],"author":"bruna","twitter_card":"summary_large_image","twitter_misc":{"Escrito por":"bruna","Est. tempo de leitura":"1 minuto"},"schema":{"@context":"https:\/\/schema.org","@graph":[{"@type":"Article","@id":"https:\/\/aureum.adv.br\/inicio\/2023\/11\/27\/elementor-5336\/#article","isPartOf":{"@id":"https:\/\/aureum.adv.br\/inicio\/2023\/11\/27\/elementor-5336\/"},"author":{"name":"bruna","@id":"https:\/\/aureum.adv.br\/inicio\/#\/schema\/person\/bfa138bad3521ed6353a3e13d986baf0"},"headline":"Benef\u00edcio por incapacidade: quais doen\u00e7as n\u00e3o precisam de car\u00eancia?","datePublished":"2023-11-27T11:50:23+00:00","dateModified":"2023-11-27T11:52:33+00:00","mainEntityOfPage":{"@id":"https:\/\/aureum.adv.br\/inicio\/2023\/11\/27\/elementor-5336\/"},"wordCount":235,"commentCount":0,"publisher":{"@id":"https:\/\/aureum.adv.br\/inicio\/#organization"},"image":{"@id":"https:\/\/aureum.adv.br\/inicio\/2023\/11\/27\/elementor-5336\/#primaryimage"},"thumbnailUrl":"https:\/\/aureum.adv.br\/inicio\/wp-content\/uploads\/2023\/11\/Incapacidade-Carencia.png","articleSection":["Uncategorized"],"inLanguage":"pt-BR","potentialAction":[{"@type":"CommentAction","name":"Comment","target":["https:\/\/aureum.adv.br\/inicio\/2023\/11\/27\/elementor-5336\/#respond"]}]},{"@type":"WebPage","@id":"https:\/\/aureum.adv.br\/inicio\/2023\/11\/27\/elementor-5336\/","url":"https:\/\/aureum.adv.br\/inicio\/2023\/11\/27\/elementor-5336\/","name":"Benef\u00edcio por incapacidade: quais doen\u00e7as n\u00e3o precisam de car\u00eancia? - Aureum Advocacia","isPartOf":{"@id":"https:\/\/aureum.adv.br\/inicio\/#website"},"primaryImageOfPage":{"@id":"https:\/\/aureum.adv.br\/inicio\/2023\/11\/27\/elementor-5336\/#primaryimage"},"image":{"@id":"https:\/\/aureum.adv.br\/inicio\/2023\/11\/27\/elementor-5336\/#primaryimage"},"thumbnailUrl":"https:\/\/aureum.adv.br\/inicio\/wp-content\/uploads\/2023\/11\/Incapacidade-Carencia.png","datePublished":"2023-11-27T11:50:23+00:00","dateModified":"2023-11-27T11:52:33+00:00","breadcrumb":{"@id":"https:\/\/aureum.adv.br\/inicio\/2023\/11\/27\/elementor-5336\/#breadcrumb"},"inLanguage":"pt-BR","potentialAction":[{"@type":"ReadAction","target":["https:\/\/aureum.adv.br\/inicio\/2023\/11\/27\/elementor-5336\/"]}]},{"@type":"ImageObject","inLanguage":"pt-BR","@id":"https:\/\/aureum.adv.br\/inicio\/2023\/11\/27\/elementor-5336\/#primaryimage","url":"https:\/\/aureum.adv.br\/inicio\/wp-content\/uploads\/2023\/11\/Incapacidade-Carencia.png","contentUrl":"https:\/\/aureum.adv.br\/inicio\/wp-content\/uploads\/2023\/11\/Incapacidade-Carencia.png","width":585,"height":584},{"@type":"BreadcrumbList","@id":"https:\/\/aureum.adv.br\/inicio\/2023\/11\/27\/elementor-5336\/#breadcrumb","itemListElement":[{"@type":"ListItem","position":1,"name":"In\u00edcio","item":"https:\/\/aureum.adv.br\/inicio\/"},{"@type":"ListItem","position":2,"name":"Benef\u00edcio por incapacidade: quais doen\u00e7as n\u00e3o precisam de car\u00eancia?"}]},{"@type":"WebSite","@id":"https:\/\/aureum.adv.br\/inicio\/#website","url":"https:\/\/aureum.adv.br\/inicio\/","name":"Aureum Advocacia","description":"Aureum Advocacia Tribut\u00e1ria","publisher":{"@id":"https:\/\/aureum.adv.br\/inicio\/#organization"},"potentialAction":[{"@type":"SearchAction","target":{"@type":"EntryPoint","urlTemplate":"https:\/\/aureum.adv.br\/inicio\/?s={search_term_string}"},"query-input":{"@type":"PropertyValueSpecification","valueRequired":true,"valueName":"search_term_string"}}],"inLanguage":"pt-BR"},{"@type":"Organization","@id":"https:\/\/aureum.adv.br\/inicio\/#organization","name":"Aureum","url":"https:\/\/aureum.adv.br\/inicio\/","logo":{"@type":"ImageObject","inLanguage":"pt-BR","@id":"https:\/\/aureum.adv.br\/inicio\/#\/schema\/logo\/image\/","url":"https:\/\/aureum.adv.br\/inicio\/wp-content\/uploads\/2020\/04\/logo_com-fundo.png","contentUrl":"https:\/\/aureum.adv.br\/inicio\/wp-content\/uploads\/2020\/04\/logo_com-fundo.png","width":1080,"height":1400,"caption":"Aureum"},"image":{"@id":"https:\/\/aureum.adv.br\/inicio\/#\/schema\/logo\/image\/"},"sameAs":["https:\/\/www.facebook.com\/aureumadvocacia","https:\/\/br.linkedin.com\/company\/aureum-advocacia"]},{"@type":"Person","@id":"https:\/\/aureum.adv.br\/inicio\/#\/schema\/person\/bfa138bad3521ed6353a3e13d986baf0","name":"bruna","image":{"@type":"ImageObject","inLanguage":"pt-BR","@id":"https:\/\/aureum.adv.br\/inicio\/#\/schema\/person\/image\/","url":"https:\/\/secure.gravatar.com\/avatar\/ec30cfb94570b842e7230a0fa0eaf2d45ab44f38f3165e80cf8f0311e64d4bd6?s=96&d=mm&r=g","contentUrl":"https:\/\/secure.gravatar.com\/avatar\/ec30cfb94570b842e7230a0fa0eaf2d45ab44f38f3165e80cf8f0311e64d4bd6?s=96&d=mm&r=g","caption":"bruna"},"url":"https:\/\/aureum.adv.br\/inicio\/author\/bruna\/"}]}},"_links":{"self":[{"href":"https:\/\/aureum.adv.br\/inicio\/wp-json\/wp\/v2\/posts\/5336","targetHints":{"allow":["GET"]}}],"collection":[{"href":"https:\/\/aureum.adv.br\/inicio\/wp-json\/wp\/v2\/posts"}],"about":[{"href":"https:\/\/aureum.adv.br\/inicio\/wp-json\/wp\/v2\/types\/post"}],"author":[{"embeddable":true,"href":"https:\/\/aureum.adv.br\/inicio\/wp-json\/wp\/v2\/users\/2"}],"replies":[{"embeddable":true,"href":"https:\/\/aureum.adv.br\/inicio\/wp-json\/wp\/v2\/comments?post=5336"}],"version-history":[{"count":4,"href":"https:\/\/aureum.adv.br\/inicio\/wp-json\/wp\/v2\/posts\/5336\/revisions"}],"predecessor-version":[{"id":5341,"href":"https:\/\/aureum.adv.br\/inicio\/wp-json\/wp\/v2\/posts\/5336\/revisions\/5341"}],"wp:featuredmedia":[{"embeddable":true,"href":"https:\/\/aureum.adv.br\/inicio\/wp-json\/wp\/v2\/media\/5338"}],"wp:attachment":[{"href":"https:\/\/aureum.adv.br\/inicio\/wp-json\/wp\/v2\/media?parent=5336"}],"wp:term":[{"taxonomy":"category","embeddable":true,"href":"https:\/\/aureum.adv.br\/inicio\/wp-json\/wp\/v2\/categories?post=5336"},{"taxonomy":"post_tag","embeddable":true,"href":"https:\/\/aureum.adv.br\/inicio\/wp-json\/wp\/v2\/tags?post=5336"}],"curies":[{"name":"wp","href":"https:\/\/api.w.org\/{rel}","templated":true}]}}