{"id":5324,"date":"2023-11-23T18:05:53","date_gmt":"2023-11-23T21:05:53","guid":{"rendered":"https:\/\/aureum.adv.br\/inicio\/?p=5324"},"modified":"2023-11-23T18:07:02","modified_gmt":"2023-11-23T21:07:02","slug":"elementor-5324","status":"publish","type":"post","link":"https:\/\/aureum.adv.br\/inicio\/2023\/11\/23\/elementor-5324\/","title":{"rendered":"MEI: Pagar INSS atrasado, pode?"},"content":{"rendered":"\t\t<div data-elementor-type=\"wp-post\" data-elementor-id=\"5324\" class=\"elementor elementor-5324\">\n\t\t\t\t\t\t<section class=\"elementor-section elementor-top-section elementor-element elementor-element-3a5bd02 elementor-section-boxed elementor-section-height-default elementor-section-height-default\" data-id=\"3a5bd02\" data-element_type=\"section\">\n\t\t\t\t\t\t<div class=\"elementor-container elementor-column-gap-default\">\n\t\t\t\t\t<div class=\"elementor-column elementor-col-100 elementor-top-column elementor-element elementor-element-2461c0d\" data-id=\"2461c0d\" data-element_type=\"column\">\n\t\t\t<div class=\"elementor-widget-wrap elementor-element-populated\">\n\t\t\t\t\t\t<div class=\"elementor-element elementor-element-e935e5b elementor-widget elementor-widget-text-editor\" data-id=\"e935e5b\" data-element_type=\"widget\" data-widget_type=\"text-editor.default\">\n\t\t\t\t<div class=\"elementor-widget-container\">\n\t\t\t\t\t\t\t\t\t<p style=\"text-align: justify;\"><span>\u00c9 contribuinte individual ou MEI e quer saber se pode recolher em atraso? Acompanhe para entender:<\/span><br \/><br \/><span>Para essas categorias profissionais, \u00e9, sim, permitida a quita\u00e7\u00e3o das contribui\u00e7\u00f5es em atraso.<\/span><br \/><br \/><span>Quer saber como funciona?<\/span><br \/><br \/><span>1- At\u00e9 5 anos de atraso: \u00e9 poss\u00edvel quitar sem que haja a necessidade de comprovar a atividade para o INSS.<\/span><br \/><br \/><span>2- Per\u00edodo superior a 5 anos: ser\u00e1 necess\u00e1ria a comprova\u00e7\u00e3o do exerc\u00edcio de atividade.<\/span><br \/><br \/><span>Em qualquer dos casos, para que o pagamento em atraso seja v\u00e1lido como car\u00eancia, ser\u00e1 necess\u00e1rio que n\u00e3o tenha sido perdida a qualidade de segurado no per\u00edodo em que n\u00e3o houve a contribui\u00e7\u00e3o.<\/span><br \/><br \/><span>Dessa forma, embora quitar as contribui\u00e7\u00f5es em atraso seja uma \u00f3tima possibilidade, perceba que nem sempre valer\u00e1 a pena!<\/span><br \/><br \/><span>Pode acontecer de voc\u00ea arcar com contribui\u00e7\u00f5es em atraso e elas n\u00e3o servirem para a sua situa\u00e7\u00e3o.<\/span><br \/><br \/><span>Esse \u00e9 um dos temas mais complexos no direito previdenci\u00e1rio e n\u00e3o deve ser feito sem uma an\u00e1lise cuidadosa! Ent\u00e3o \u00e9 muito importante que voc\u00ea procure um advogado especialista da \u00e1rea que te ajude a tomar as melhores decis\u00f5es.<\/span><\/p>\t\t\t\t\t\t\t\t<\/div>\n\t\t\t\t<\/div>\n\t\t\t\t\t<\/div>\n\t\t<\/div>\n\t\t\t\t\t<\/div>\n\t\t<\/section>\n\t\t\t\t<\/div>\n\t\t","protected":false},"excerpt":{"rendered":"<p>\u00c9 contribuinte individual ou MEI e quer saber se pode recolher em atraso? Acompanhe para entender: Para essas categorias profissionais, \u00e9, sim, permitida a quita\u00e7\u00e3o das contribui\u00e7\u00f5es em atraso. Quer saber como funciona? 1- At\u00e9 5 anos de atraso: \u00e9 poss\u00edvel quitar sem que haja a necessidade de comprovar a atividade para o INSS. 2- Per\u00edodo superior a 5 anos: ser\u00e1 necess\u00e1ria a comprova\u00e7\u00e3o do exerc\u00edcio de atividade. Em qualquer dos casos, para que o pagamento em atraso seja v\u00e1lido como car\u00eancia, ser\u00e1 necess\u00e1rio que n\u00e3o tenha sido perdida a qualidade de segurado no per\u00edodo em que n\u00e3o houve a contribui\u00e7\u00e3o. Dessa forma, embora quitar as contribui\u00e7\u00f5es em atraso seja uma \u00f3tima possibilidade, perceba que nem sempre valer\u00e1&hellip;<\/p>\n","protected":false},"author":2,"featured_media":5326,"comment_status":"open","ping_status":"open","sticky":false,"template":"","format":"standard","meta":{"footnotes":""},"categories":[1],"tags":[],"class_list":["post-5324","post","type-post","status-publish","format-standard","has-post-thumbnail","hentry","category-uncategorized"],"yoast_head":"<!-- This site is optimized with the Yoast SEO plugin v26.9 - https:\/\/yoast.com\/product\/yoast-seo-wordpress\/ -->\n<title>MEI: Pagar INSS atrasado, pode? - Aureum Advocacia<\/title>\n<meta name=\"robots\" content=\"index, follow, max-snippet:-1, max-image-preview:large, max-video-preview:-1\" \/>\n<link rel=\"canonical\" href=\"https:\/\/aureum.adv.br\/inicio\/2023\/11\/23\/elementor-5324\/\" \/>\n<meta property=\"og:locale\" content=\"pt_BR\" \/>\n<meta property=\"og:type\" content=\"article\" \/>\n<meta property=\"og:title\" content=\"MEI: Pagar INSS atrasado, pode? - Aureum Advocacia\" \/>\n<meta property=\"og:description\" content=\"\u00c9 contribuinte individual ou MEI e quer saber se pode recolher em atraso? Acompanhe para entender: Para essas categorias profissionais, \u00e9, sim, permitida a quita\u00e7\u00e3o das contribui\u00e7\u00f5es em atraso. Quer saber como funciona? 1- At\u00e9 5 anos de atraso: \u00e9 poss\u00edvel quitar sem que haja a necessidade de comprovar a atividade para o INSS. 2- Per\u00edodo superior a 5 anos: ser\u00e1 necess\u00e1ria a comprova\u00e7\u00e3o do exerc\u00edcio de atividade. Em qualquer dos casos, para que o pagamento em atraso seja v\u00e1lido como car\u00eancia, ser\u00e1 necess\u00e1rio que n\u00e3o tenha sido perdida a qualidade de segurado no per\u00edodo em que n\u00e3o houve a contribui\u00e7\u00e3o. Dessa forma, embora quitar as contribui\u00e7\u00f5es em atraso seja uma \u00f3tima possibilidade, perceba que nem sempre valer\u00e1&hellip;\" \/>\n<meta property=\"og:url\" content=\"https:\/\/aureum.adv.br\/inicio\/2023\/11\/23\/elementor-5324\/\" \/>\n<meta property=\"og:site_name\" content=\"Aureum Advocacia\" \/>\n<meta property=\"article:publisher\" content=\"https:\/\/www.facebook.com\/aureumadvocacia\" \/>\n<meta property=\"article:published_time\" content=\"2023-11-23T21:05:53+00:00\" \/>\n<meta property=\"article:modified_time\" content=\"2023-11-23T21:07:02+00:00\" \/>\n<meta property=\"og:image\" content=\"https:\/\/aureum.adv.br\/inicio\/wp-content\/uploads\/2023\/11\/MEI.png\" \/>\n\t<meta property=\"og:image:width\" content=\"584\" \/>\n\t<meta property=\"og:image:height\" content=\"582\" \/>\n\t<meta property=\"og:image:type\" content=\"image\/png\" \/>\n<meta name=\"author\" content=\"bruna\" \/>\n<meta name=\"twitter:card\" content=\"summary_large_image\" \/>\n<meta name=\"twitter:label1\" content=\"Escrito por\" \/>\n\t<meta name=\"twitter:data1\" content=\"bruna\" \/>\n\t<meta name=\"twitter:label2\" content=\"Est. tempo de leitura\" \/>\n\t<meta name=\"twitter:data2\" content=\"1 minuto\" \/>\n<script type=\"application\/ld+json\" class=\"yoast-schema-graph\">{\"@context\":\"https:\/\/schema.org\",\"@graph\":[{\"@type\":\"Article\",\"@id\":\"https:\/\/aureum.adv.br\/inicio\/2023\/11\/23\/elementor-5324\/#article\",\"isPartOf\":{\"@id\":\"https:\/\/aureum.adv.br\/inicio\/2023\/11\/23\/elementor-5324\/\"},\"author\":{\"name\":\"bruna\",\"@id\":\"https:\/\/aureum.adv.br\/inicio\/#\/schema\/person\/bfa138bad3521ed6353a3e13d986baf0\"},\"headline\":\"MEI: Pagar INSS atrasado, pode?\",\"datePublished\":\"2023-11-23T21:05:53+00:00\",\"dateModified\":\"2023-11-23T21:07:02+00:00\",\"mainEntityOfPage\":{\"@id\":\"https:\/\/aureum.adv.br\/inicio\/2023\/11\/23\/elementor-5324\/\"},\"wordCount\":197,\"commentCount\":0,\"publisher\":{\"@id\":\"https:\/\/aureum.adv.br\/inicio\/#organization\"},\"image\":{\"@id\":\"https:\/\/aureum.adv.br\/inicio\/2023\/11\/23\/elementor-5324\/#primaryimage\"},\"thumbnailUrl\":\"https:\/\/aureum.adv.br\/inicio\/wp-content\/uploads\/2023\/11\/MEI.png\",\"articleSection\":[\"Uncategorized\"],\"inLanguage\":\"pt-BR\",\"potentialAction\":[{\"@type\":\"CommentAction\",\"name\":\"Comment\",\"target\":[\"https:\/\/aureum.adv.br\/inicio\/2023\/11\/23\/elementor-5324\/#respond\"]}]},{\"@type\":\"WebPage\",\"@id\":\"https:\/\/aureum.adv.br\/inicio\/2023\/11\/23\/elementor-5324\/\",\"url\":\"https:\/\/aureum.adv.br\/inicio\/2023\/11\/23\/elementor-5324\/\",\"name\":\"MEI: Pagar INSS atrasado, pode? - Aureum Advocacia\",\"isPartOf\":{\"@id\":\"https:\/\/aureum.adv.br\/inicio\/#website\"},\"primaryImageOfPage\":{\"@id\":\"https:\/\/aureum.adv.br\/inicio\/2023\/11\/23\/elementor-5324\/#primaryimage\"},\"image\":{\"@id\":\"https:\/\/aureum.adv.br\/inicio\/2023\/11\/23\/elementor-5324\/#primaryimage\"},\"thumbnailUrl\":\"https:\/\/aureum.adv.br\/inicio\/wp-content\/uploads\/2023\/11\/MEI.png\",\"datePublished\":\"2023-11-23T21:05:53+00:00\",\"dateModified\":\"2023-11-23T21:07:02+00:00\",\"breadcrumb\":{\"@id\":\"https:\/\/aureum.adv.br\/inicio\/2023\/11\/23\/elementor-5324\/#breadcrumb\"},\"inLanguage\":\"pt-BR\",\"potentialAction\":[{\"@type\":\"ReadAction\",\"target\":[\"https:\/\/aureum.adv.br\/inicio\/2023\/11\/23\/elementor-5324\/\"]}]},{\"@type\":\"ImageObject\",\"inLanguage\":\"pt-BR\",\"@id\":\"https:\/\/aureum.adv.br\/inicio\/2023\/11\/23\/elementor-5324\/#primaryimage\",\"url\":\"https:\/\/aureum.adv.br\/inicio\/wp-content\/uploads\/2023\/11\/MEI.png\",\"contentUrl\":\"https:\/\/aureum.adv.br\/inicio\/wp-content\/uploads\/2023\/11\/MEI.png\",\"width\":584,\"height\":582},{\"@type\":\"BreadcrumbList\",\"@id\":\"https:\/\/aureum.adv.br\/inicio\/2023\/11\/23\/elementor-5324\/#breadcrumb\",\"itemListElement\":[{\"@type\":\"ListItem\",\"position\":1,\"name\":\"In\u00edcio\",\"item\":\"https:\/\/aureum.adv.br\/inicio\/\"},{\"@type\":\"ListItem\",\"position\":2,\"name\":\"MEI: Pagar INSS atrasado, pode?\"}]},{\"@type\":\"WebSite\",\"@id\":\"https:\/\/aureum.adv.br\/inicio\/#website\",\"url\":\"https:\/\/aureum.adv.br\/inicio\/\",\"name\":\"Aureum Advocacia\",\"description\":\"Aureum Advocacia Tribut\u00e1ria\",\"publisher\":{\"@id\":\"https:\/\/aureum.adv.br\/inicio\/#organization\"},\"potentialAction\":[{\"@type\":\"SearchAction\",\"target\":{\"@type\":\"EntryPoint\",\"urlTemplate\":\"https:\/\/aureum.adv.br\/inicio\/?s={search_term_string}\"},\"query-input\":{\"@type\":\"PropertyValueSpecification\",\"valueRequired\":true,\"valueName\":\"search_term_string\"}}],\"inLanguage\":\"pt-BR\"},{\"@type\":\"Organization\",\"@id\":\"https:\/\/aureum.adv.br\/inicio\/#organization\",\"name\":\"Aureum\",\"url\":\"https:\/\/aureum.adv.br\/inicio\/\",\"logo\":{\"@type\":\"ImageObject\",\"inLanguage\":\"pt-BR\",\"@id\":\"https:\/\/aureum.adv.br\/inicio\/#\/schema\/logo\/image\/\",\"url\":\"https:\/\/aureum.adv.br\/inicio\/wp-content\/uploads\/2020\/04\/logo_com-fundo.png\",\"contentUrl\":\"https:\/\/aureum.adv.br\/inicio\/wp-content\/uploads\/2020\/04\/logo_com-fundo.png\",\"width\":1080,\"height\":1400,\"caption\":\"Aureum\"},\"image\":{\"@id\":\"https:\/\/aureum.adv.br\/inicio\/#\/schema\/logo\/image\/\"},\"sameAs\":[\"https:\/\/www.facebook.com\/aureumadvocacia\",\"https:\/\/br.linkedin.com\/company\/aureum-advocacia\"]},{\"@type\":\"Person\",\"@id\":\"https:\/\/aureum.adv.br\/inicio\/#\/schema\/person\/bfa138bad3521ed6353a3e13d986baf0\",\"name\":\"bruna\",\"image\":{\"@type\":\"ImageObject\",\"inLanguage\":\"pt-BR\",\"@id\":\"https:\/\/aureum.adv.br\/inicio\/#\/schema\/person\/image\/\",\"url\":\"https:\/\/secure.gravatar.com\/avatar\/ec30cfb94570b842e7230a0fa0eaf2d45ab44f38f3165e80cf8f0311e64d4bd6?s=96&d=mm&r=g\",\"contentUrl\":\"https:\/\/secure.gravatar.com\/avatar\/ec30cfb94570b842e7230a0fa0eaf2d45ab44f38f3165e80cf8f0311e64d4bd6?s=96&d=mm&r=g\",\"caption\":\"bruna\"},\"url\":\"https:\/\/aureum.adv.br\/inicio\/author\/bruna\/\"}]}<\/script>\n<!-- \/ Yoast SEO plugin. -->","yoast_head_json":{"title":"MEI: Pagar INSS atrasado, pode? - Aureum Advocacia","robots":{"index":"index","follow":"follow","max-snippet":"max-snippet:-1","max-image-preview":"max-image-preview:large","max-video-preview":"max-video-preview:-1"},"canonical":"https:\/\/aureum.adv.br\/inicio\/2023\/11\/23\/elementor-5324\/","og_locale":"pt_BR","og_type":"article","og_title":"MEI: Pagar INSS atrasado, pode? - Aureum Advocacia","og_description":"\u00c9 contribuinte individual ou MEI e quer saber se pode recolher em atraso? Acompanhe para entender: Para essas categorias profissionais, \u00e9, sim, permitida a quita\u00e7\u00e3o das contribui\u00e7\u00f5es em atraso. Quer saber como funciona? 1- At\u00e9 5 anos de atraso: \u00e9 poss\u00edvel quitar sem que haja a necessidade de comprovar a atividade para o INSS. 2- Per\u00edodo superior a 5 anos: ser\u00e1 necess\u00e1ria a comprova\u00e7\u00e3o do exerc\u00edcio de atividade. Em qualquer dos casos, para que o pagamento em atraso seja v\u00e1lido como car\u00eancia, ser\u00e1 necess\u00e1rio que n\u00e3o tenha sido perdida a qualidade de segurado no per\u00edodo em que n\u00e3o houve a contribui\u00e7\u00e3o. Dessa forma, embora quitar as contribui\u00e7\u00f5es em atraso seja uma \u00f3tima possibilidade, perceba que nem sempre valer\u00e1&hellip;","og_url":"https:\/\/aureum.adv.br\/inicio\/2023\/11\/23\/elementor-5324\/","og_site_name":"Aureum Advocacia","article_publisher":"https:\/\/www.facebook.com\/aureumadvocacia","article_published_time":"2023-11-23T21:05:53+00:00","article_modified_time":"2023-11-23T21:07:02+00:00","og_image":[{"width":584,"height":582,"url":"https:\/\/aureum.adv.br\/inicio\/wp-content\/uploads\/2023\/11\/MEI.png","type":"image\/png"}],"author":"bruna","twitter_card":"summary_large_image","twitter_misc":{"Escrito por":"bruna","Est. tempo de leitura":"1 minuto"},"schema":{"@context":"https:\/\/schema.org","@graph":[{"@type":"Article","@id":"https:\/\/aureum.adv.br\/inicio\/2023\/11\/23\/elementor-5324\/#article","isPartOf":{"@id":"https:\/\/aureum.adv.br\/inicio\/2023\/11\/23\/elementor-5324\/"},"author":{"name":"bruna","@id":"https:\/\/aureum.adv.br\/inicio\/#\/schema\/person\/bfa138bad3521ed6353a3e13d986baf0"},"headline":"MEI: Pagar INSS atrasado, pode?","datePublished":"2023-11-23T21:05:53+00:00","dateModified":"2023-11-23T21:07:02+00:00","mainEntityOfPage":{"@id":"https:\/\/aureum.adv.br\/inicio\/2023\/11\/23\/elementor-5324\/"},"wordCount":197,"commentCount":0,"publisher":{"@id":"https:\/\/aureum.adv.br\/inicio\/#organization"},"image":{"@id":"https:\/\/aureum.adv.br\/inicio\/2023\/11\/23\/elementor-5324\/#primaryimage"},"thumbnailUrl":"https:\/\/aureum.adv.br\/inicio\/wp-content\/uploads\/2023\/11\/MEI.png","articleSection":["Uncategorized"],"inLanguage":"pt-BR","potentialAction":[{"@type":"CommentAction","name":"Comment","target":["https:\/\/aureum.adv.br\/inicio\/2023\/11\/23\/elementor-5324\/#respond"]}]},{"@type":"WebPage","@id":"https:\/\/aureum.adv.br\/inicio\/2023\/11\/23\/elementor-5324\/","url":"https:\/\/aureum.adv.br\/inicio\/2023\/11\/23\/elementor-5324\/","name":"MEI: Pagar INSS atrasado, pode? - Aureum Advocacia","isPartOf":{"@id":"https:\/\/aureum.adv.br\/inicio\/#website"},"primaryImageOfPage":{"@id":"https:\/\/aureum.adv.br\/inicio\/2023\/11\/23\/elementor-5324\/#primaryimage"},"image":{"@id":"https:\/\/aureum.adv.br\/inicio\/2023\/11\/23\/elementor-5324\/#primaryimage"},"thumbnailUrl":"https:\/\/aureum.adv.br\/inicio\/wp-content\/uploads\/2023\/11\/MEI.png","datePublished":"2023-11-23T21:05:53+00:00","dateModified":"2023-11-23T21:07:02+00:00","breadcrumb":{"@id":"https:\/\/aureum.adv.br\/inicio\/2023\/11\/23\/elementor-5324\/#breadcrumb"},"inLanguage":"pt-BR","potentialAction":[{"@type":"ReadAction","target":["https:\/\/aureum.adv.br\/inicio\/2023\/11\/23\/elementor-5324\/"]}]},{"@type":"ImageObject","inLanguage":"pt-BR","@id":"https:\/\/aureum.adv.br\/inicio\/2023\/11\/23\/elementor-5324\/#primaryimage","url":"https:\/\/aureum.adv.br\/inicio\/wp-content\/uploads\/2023\/11\/MEI.png","contentUrl":"https:\/\/aureum.adv.br\/inicio\/wp-content\/uploads\/2023\/11\/MEI.png","width":584,"height":582},{"@type":"BreadcrumbList","@id":"https:\/\/aureum.adv.br\/inicio\/2023\/11\/23\/elementor-5324\/#breadcrumb","itemListElement":[{"@type":"ListItem","position":1,"name":"In\u00edcio","item":"https:\/\/aureum.adv.br\/inicio\/"},{"@type":"ListItem","position":2,"name":"MEI: Pagar INSS atrasado, pode?"}]},{"@type":"WebSite","@id":"https:\/\/aureum.adv.br\/inicio\/#website","url":"https:\/\/aureum.adv.br\/inicio\/","name":"Aureum Advocacia","description":"Aureum Advocacia Tribut\u00e1ria","publisher":{"@id":"https:\/\/aureum.adv.br\/inicio\/#organization"},"potentialAction":[{"@type":"SearchAction","target":{"@type":"EntryPoint","urlTemplate":"https:\/\/aureum.adv.br\/inicio\/?s={search_term_string}"},"query-input":{"@type":"PropertyValueSpecification","valueRequired":true,"valueName":"search_term_string"}}],"inLanguage":"pt-BR"},{"@type":"Organization","@id":"https:\/\/aureum.adv.br\/inicio\/#organization","name":"Aureum","url":"https:\/\/aureum.adv.br\/inicio\/","logo":{"@type":"ImageObject","inLanguage":"pt-BR","@id":"https:\/\/aureum.adv.br\/inicio\/#\/schema\/logo\/image\/","url":"https:\/\/aureum.adv.br\/inicio\/wp-content\/uploads\/2020\/04\/logo_com-fundo.png","contentUrl":"https:\/\/aureum.adv.br\/inicio\/wp-content\/uploads\/2020\/04\/logo_com-fundo.png","width":1080,"height":1400,"caption":"Aureum"},"image":{"@id":"https:\/\/aureum.adv.br\/inicio\/#\/schema\/logo\/image\/"},"sameAs":["https:\/\/www.facebook.com\/aureumadvocacia","https:\/\/br.linkedin.com\/company\/aureum-advocacia"]},{"@type":"Person","@id":"https:\/\/aureum.adv.br\/inicio\/#\/schema\/person\/bfa138bad3521ed6353a3e13d986baf0","name":"bruna","image":{"@type":"ImageObject","inLanguage":"pt-BR","@id":"https:\/\/aureum.adv.br\/inicio\/#\/schema\/person\/image\/","url":"https:\/\/secure.gravatar.com\/avatar\/ec30cfb94570b842e7230a0fa0eaf2d45ab44f38f3165e80cf8f0311e64d4bd6?s=96&d=mm&r=g","contentUrl":"https:\/\/secure.gravatar.com\/avatar\/ec30cfb94570b842e7230a0fa0eaf2d45ab44f38f3165e80cf8f0311e64d4bd6?s=96&d=mm&r=g","caption":"bruna"},"url":"https:\/\/aureum.adv.br\/inicio\/author\/bruna\/"}]}},"_links":{"self":[{"href":"https:\/\/aureum.adv.br\/inicio\/wp-json\/wp\/v2\/posts\/5324","targetHints":{"allow":["GET"]}}],"collection":[{"href":"https:\/\/aureum.adv.br\/inicio\/wp-json\/wp\/v2\/posts"}],"about":[{"href":"https:\/\/aureum.adv.br\/inicio\/wp-json\/wp\/v2\/types\/post"}],"author":[{"embeddable":true,"href":"https:\/\/aureum.adv.br\/inicio\/wp-json\/wp\/v2\/users\/2"}],"replies":[{"embeddable":true,"href":"https:\/\/aureum.adv.br\/inicio\/wp-json\/wp\/v2\/comments?post=5324"}],"version-history":[{"count":4,"href":"https:\/\/aureum.adv.br\/inicio\/wp-json\/wp\/v2\/posts\/5324\/revisions"}],"predecessor-version":[{"id":5329,"href":"https:\/\/aureum.adv.br\/inicio\/wp-json\/wp\/v2\/posts\/5324\/revisions\/5329"}],"wp:featuredmedia":[{"embeddable":true,"href":"https:\/\/aureum.adv.br\/inicio\/wp-json\/wp\/v2\/media\/5326"}],"wp:attachment":[{"href":"https:\/\/aureum.adv.br\/inicio\/wp-json\/wp\/v2\/media?parent=5324"}],"wp:term":[{"taxonomy":"category","embeddable":true,"href":"https:\/\/aureum.adv.br\/inicio\/wp-json\/wp\/v2\/categories?post=5324"},{"taxonomy":"post_tag","embeddable":true,"href":"https:\/\/aureum.adv.br\/inicio\/wp-json\/wp\/v2\/tags?post=5324"}],"curies":[{"name":"wp","href":"https:\/\/api.w.org\/{rel}","templated":true}]}}