{"id":5246,"date":"2023-11-09T09:11:25","date_gmt":"2023-11-09T12:11:25","guid":{"rendered":"https:\/\/aureum.adv.br\/inicio\/?p=5246"},"modified":"2023-11-09T09:12:49","modified_gmt":"2023-11-09T12:12:49","slug":"elementor-5246","status":"publish","type":"post","link":"https:\/\/aureum.adv.br\/inicio\/2023\/11\/09\/elementor-5246\/","title":{"rendered":"Aposentados podem trabalhar de carteira assinada?"},"content":{"rendered":"\t\t<div data-elementor-type=\"wp-post\" data-elementor-id=\"5246\" class=\"elementor elementor-5246\">\n\t\t\t\t\t\t<section class=\"elementor-section elementor-top-section elementor-element elementor-element-93ec7b3 elementor-section-boxed elementor-section-height-default elementor-section-height-default\" data-id=\"93ec7b3\" data-element_type=\"section\">\n\t\t\t\t\t\t<div class=\"elementor-container elementor-column-gap-default\">\n\t\t\t\t\t<div class=\"elementor-column elementor-col-100 elementor-top-column elementor-element elementor-element-3824e40\" data-id=\"3824e40\" data-element_type=\"column\">\n\t\t\t<div class=\"elementor-widget-wrap elementor-element-populated\">\n\t\t\t\t\t\t<div class=\"elementor-element elementor-element-5bf2111 elementor-widget elementor-widget-text-editor\" data-id=\"5bf2111\" data-element_type=\"widget\" data-widget_type=\"text-editor.default\">\n\t\t\t\t<div class=\"elementor-widget-container\">\n\t\t\t\t\t\t\t\t\t<p style=\"text-align: justify;\"><span>Ap\u00f3s finalmente conquistarem a t\u00e3o sonhada aposentadoria, muitas pessoas optam por retornar ao mercado de trabalho, seja por necessidade ou para se manterem ativas.<\/span><br \/><br \/><span>No entanto, uma d\u00favida comum \u00e9: os benefici\u00e1rios podem ter suas carteiras assinadas novamente ou isso acarreta algum problema perante o INSS?<\/span><br \/><br \/><span>A boa not\u00edcia \u00e9 que, sim, \u00e9 poss\u00edvel ter a carteira assinada novamente, sem que isso gere qualquer problema!<\/span><br \/><br \/><span>Mas existem duas exce\u00e7\u00f5es que voc\u00ea precisa conhecer:<\/span><br \/><br \/><span>\u2192 Aposentados por incapacidade permanente n\u00e3o podem voltar ao trabalho;<\/span><br \/><br \/><span>\u2192 Aqueles que trabalhavam em atividades perigosas ou insalubres tamb\u00e9m t\u00eam restri\u00e7\u00f5es quanto ao retorno.<\/span><br \/><br \/><span>Al\u00e9m disso, servidores p\u00fablicos t\u00eam regras espec\u00edficas que precisam ser analisadas individualmente.<\/span><br \/><br \/><span>Por fim, \u00e9 cada vez mais comum vermos pessoas mais velhas retornando ao mercado de trabalho.<\/span><br \/><br \/><span>Ter acesso a essa informa\u00e7\u00e3o \u00e9 fundamental para garantir que seus direitos sejam respeitados!<\/span><br \/><br \/><span>N\u00e3o deixe de compartilhar esse conte\u00fado com algu\u00e9m que precisa saber disso!<\/span><\/p>\t\t\t\t\t\t\t\t<\/div>\n\t\t\t\t<\/div>\n\t\t\t\t\t<\/div>\n\t\t<\/div>\n\t\t\t\t\t<\/div>\n\t\t<\/section>\n\t\t\t\t<\/div>\n\t\t","protected":false},"excerpt":{"rendered":"<p>Ap\u00f3s finalmente conquistarem a t\u00e3o sonhada aposentadoria, muitas pessoas optam por retornar ao mercado de trabalho, seja por necessidade ou para se manterem ativas. No entanto, uma d\u00favida comum \u00e9: os benefici\u00e1rios podem ter suas carteiras assinadas novamente ou isso acarreta algum problema perante o INSS? A boa not\u00edcia \u00e9 que, sim, \u00e9 poss\u00edvel ter a carteira assinada novamente, sem que isso gere qualquer problema! Mas existem duas exce\u00e7\u00f5es que voc\u00ea precisa conhecer: \u2192 Aposentados por incapacidade permanente n\u00e3o podem voltar ao trabalho; \u2192 Aqueles que trabalhavam em atividades perigosas ou insalubres tamb\u00e9m t\u00eam restri\u00e7\u00f5es quanto ao retorno. Al\u00e9m disso, servidores p\u00fablicos t\u00eam regras espec\u00edficas que precisam ser analisadas individualmente. Por fim, \u00e9 cada vez mais comum vermos&hellip;<\/p>\n","protected":false},"author":2,"featured_media":5248,"comment_status":"open","ping_status":"open","sticky":false,"template":"","format":"standard","meta":{"footnotes":""},"categories":[1],"tags":[],"class_list":["post-5246","post","type-post","status-publish","format-standard","has-post-thumbnail","hentry","category-uncategorized"],"yoast_head":"<!-- This site is optimized with the Yoast SEO plugin v26.9 - https:\/\/yoast.com\/product\/yoast-seo-wordpress\/ -->\n<title>Aposentados podem trabalhar de carteira assinada? - Aureum Advocacia<\/title>\n<meta name=\"robots\" content=\"index, follow, max-snippet:-1, max-image-preview:large, max-video-preview:-1\" \/>\n<link rel=\"canonical\" href=\"https:\/\/aureum.adv.br\/inicio\/2023\/11\/09\/elementor-5246\/\" \/>\n<meta property=\"og:locale\" content=\"pt_BR\" \/>\n<meta property=\"og:type\" content=\"article\" \/>\n<meta property=\"og:title\" content=\"Aposentados podem trabalhar de carteira assinada? - Aureum Advocacia\" \/>\n<meta property=\"og:description\" content=\"Ap\u00f3s finalmente conquistarem a t\u00e3o sonhada aposentadoria, muitas pessoas optam por retornar ao mercado de trabalho, seja por necessidade ou para se manterem ativas. No entanto, uma d\u00favida comum \u00e9: os benefici\u00e1rios podem ter suas carteiras assinadas novamente ou isso acarreta algum problema perante o INSS? A boa not\u00edcia \u00e9 que, sim, \u00e9 poss\u00edvel ter a carteira assinada novamente, sem que isso gere qualquer problema! Mas existem duas exce\u00e7\u00f5es que voc\u00ea precisa conhecer: \u2192 Aposentados por incapacidade permanente n\u00e3o podem voltar ao trabalho; \u2192 Aqueles que trabalhavam em atividades perigosas ou insalubres tamb\u00e9m t\u00eam restri\u00e7\u00f5es quanto ao retorno. Al\u00e9m disso, servidores p\u00fablicos t\u00eam regras espec\u00edficas que precisam ser analisadas individualmente. Por fim, \u00e9 cada vez mais comum vermos&hellip;\" \/>\n<meta property=\"og:url\" content=\"https:\/\/aureum.adv.br\/inicio\/2023\/11\/09\/elementor-5246\/\" \/>\n<meta property=\"og:site_name\" content=\"Aureum Advocacia\" \/>\n<meta property=\"article:publisher\" content=\"https:\/\/www.facebook.com\/aureumadvocacia\" \/>\n<meta property=\"article:published_time\" content=\"2023-11-09T12:11:25+00:00\" \/>\n<meta property=\"article:modified_time\" content=\"2023-11-09T12:12:49+00:00\" \/>\n<meta property=\"og:image\" content=\"https:\/\/aureum.adv.br\/inicio\/wp-content\/uploads\/2023\/11\/Aposentado-voltar-a-trabalhar.png\" \/>\n\t<meta property=\"og:image:width\" content=\"466\" \/>\n\t<meta property=\"og:image:height\" content=\"468\" \/>\n\t<meta property=\"og:image:type\" content=\"image\/png\" \/>\n<meta name=\"author\" content=\"bruna\" \/>\n<meta name=\"twitter:card\" content=\"summary_large_image\" \/>\n<meta name=\"twitter:label1\" content=\"Escrito por\" \/>\n\t<meta name=\"twitter:data1\" content=\"bruna\" \/>\n\t<meta name=\"twitter:label2\" content=\"Est. tempo de leitura\" \/>\n\t<meta name=\"twitter:data2\" content=\"1 minuto\" \/>\n<script type=\"application\/ld+json\" class=\"yoast-schema-graph\">{\"@context\":\"https:\/\/schema.org\",\"@graph\":[{\"@type\":\"Article\",\"@id\":\"https:\/\/aureum.adv.br\/inicio\/2023\/11\/09\/elementor-5246\/#article\",\"isPartOf\":{\"@id\":\"https:\/\/aureum.adv.br\/inicio\/2023\/11\/09\/elementor-5246\/\"},\"author\":{\"name\":\"bruna\",\"@id\":\"https:\/\/aureum.adv.br\/inicio\/#\/schema\/person\/bfa138bad3521ed6353a3e13d986baf0\"},\"headline\":\"Aposentados podem trabalhar de carteira assinada?\",\"datePublished\":\"2023-11-09T12:11:25+00:00\",\"dateModified\":\"2023-11-09T12:12:49+00:00\",\"mainEntityOfPage\":{\"@id\":\"https:\/\/aureum.adv.br\/inicio\/2023\/11\/09\/elementor-5246\/\"},\"wordCount\":170,\"commentCount\":0,\"publisher\":{\"@id\":\"https:\/\/aureum.adv.br\/inicio\/#organization\"},\"image\":{\"@id\":\"https:\/\/aureum.adv.br\/inicio\/2023\/11\/09\/elementor-5246\/#primaryimage\"},\"thumbnailUrl\":\"https:\/\/aureum.adv.br\/inicio\/wp-content\/uploads\/2023\/11\/Aposentado-voltar-a-trabalhar.png\",\"articleSection\":[\"Uncategorized\"],\"inLanguage\":\"pt-BR\",\"potentialAction\":[{\"@type\":\"CommentAction\",\"name\":\"Comment\",\"target\":[\"https:\/\/aureum.adv.br\/inicio\/2023\/11\/09\/elementor-5246\/#respond\"]}]},{\"@type\":\"WebPage\",\"@id\":\"https:\/\/aureum.adv.br\/inicio\/2023\/11\/09\/elementor-5246\/\",\"url\":\"https:\/\/aureum.adv.br\/inicio\/2023\/11\/09\/elementor-5246\/\",\"name\":\"Aposentados podem trabalhar de carteira assinada? - Aureum Advocacia\",\"isPartOf\":{\"@id\":\"https:\/\/aureum.adv.br\/inicio\/#website\"},\"primaryImageOfPage\":{\"@id\":\"https:\/\/aureum.adv.br\/inicio\/2023\/11\/09\/elementor-5246\/#primaryimage\"},\"image\":{\"@id\":\"https:\/\/aureum.adv.br\/inicio\/2023\/11\/09\/elementor-5246\/#primaryimage\"},\"thumbnailUrl\":\"https:\/\/aureum.adv.br\/inicio\/wp-content\/uploads\/2023\/11\/Aposentado-voltar-a-trabalhar.png\",\"datePublished\":\"2023-11-09T12:11:25+00:00\",\"dateModified\":\"2023-11-09T12:12:49+00:00\",\"breadcrumb\":{\"@id\":\"https:\/\/aureum.adv.br\/inicio\/2023\/11\/09\/elementor-5246\/#breadcrumb\"},\"inLanguage\":\"pt-BR\",\"potentialAction\":[{\"@type\":\"ReadAction\",\"target\":[\"https:\/\/aureum.adv.br\/inicio\/2023\/11\/09\/elementor-5246\/\"]}]},{\"@type\":\"ImageObject\",\"inLanguage\":\"pt-BR\",\"@id\":\"https:\/\/aureum.adv.br\/inicio\/2023\/11\/09\/elementor-5246\/#primaryimage\",\"url\":\"https:\/\/aureum.adv.br\/inicio\/wp-content\/uploads\/2023\/11\/Aposentado-voltar-a-trabalhar.png\",\"contentUrl\":\"https:\/\/aureum.adv.br\/inicio\/wp-content\/uploads\/2023\/11\/Aposentado-voltar-a-trabalhar.png\",\"width\":466,\"height\":468},{\"@type\":\"BreadcrumbList\",\"@id\":\"https:\/\/aureum.adv.br\/inicio\/2023\/11\/09\/elementor-5246\/#breadcrumb\",\"itemListElement\":[{\"@type\":\"ListItem\",\"position\":1,\"name\":\"In\u00edcio\",\"item\":\"https:\/\/aureum.adv.br\/inicio\/\"},{\"@type\":\"ListItem\",\"position\":2,\"name\":\"Aposentados podem trabalhar de carteira assinada?\"}]},{\"@type\":\"WebSite\",\"@id\":\"https:\/\/aureum.adv.br\/inicio\/#website\",\"url\":\"https:\/\/aureum.adv.br\/inicio\/\",\"name\":\"Aureum Advocacia\",\"description\":\"Aureum Advocacia Tribut\u00e1ria\",\"publisher\":{\"@id\":\"https:\/\/aureum.adv.br\/inicio\/#organization\"},\"potentialAction\":[{\"@type\":\"SearchAction\",\"target\":{\"@type\":\"EntryPoint\",\"urlTemplate\":\"https:\/\/aureum.adv.br\/inicio\/?s={search_term_string}\"},\"query-input\":{\"@type\":\"PropertyValueSpecification\",\"valueRequired\":true,\"valueName\":\"search_term_string\"}}],\"inLanguage\":\"pt-BR\"},{\"@type\":\"Organization\",\"@id\":\"https:\/\/aureum.adv.br\/inicio\/#organization\",\"name\":\"Aureum\",\"url\":\"https:\/\/aureum.adv.br\/inicio\/\",\"logo\":{\"@type\":\"ImageObject\",\"inLanguage\":\"pt-BR\",\"@id\":\"https:\/\/aureum.adv.br\/inicio\/#\/schema\/logo\/image\/\",\"url\":\"https:\/\/aureum.adv.br\/inicio\/wp-content\/uploads\/2020\/04\/logo_com-fundo.png\",\"contentUrl\":\"https:\/\/aureum.adv.br\/inicio\/wp-content\/uploads\/2020\/04\/logo_com-fundo.png\",\"width\":1080,\"height\":1400,\"caption\":\"Aureum\"},\"image\":{\"@id\":\"https:\/\/aureum.adv.br\/inicio\/#\/schema\/logo\/image\/\"},\"sameAs\":[\"https:\/\/www.facebook.com\/aureumadvocacia\",\"https:\/\/br.linkedin.com\/company\/aureum-advocacia\"]},{\"@type\":\"Person\",\"@id\":\"https:\/\/aureum.adv.br\/inicio\/#\/schema\/person\/bfa138bad3521ed6353a3e13d986baf0\",\"name\":\"bruna\",\"image\":{\"@type\":\"ImageObject\",\"inLanguage\":\"pt-BR\",\"@id\":\"https:\/\/aureum.adv.br\/inicio\/#\/schema\/person\/image\/\",\"url\":\"https:\/\/secure.gravatar.com\/avatar\/ec30cfb94570b842e7230a0fa0eaf2d45ab44f38f3165e80cf8f0311e64d4bd6?s=96&d=mm&r=g\",\"contentUrl\":\"https:\/\/secure.gravatar.com\/avatar\/ec30cfb94570b842e7230a0fa0eaf2d45ab44f38f3165e80cf8f0311e64d4bd6?s=96&d=mm&r=g\",\"caption\":\"bruna\"},\"url\":\"https:\/\/aureum.adv.br\/inicio\/author\/bruna\/\"}]}<\/script>\n<!-- \/ Yoast SEO plugin. -->","yoast_head_json":{"title":"Aposentados podem trabalhar de carteira assinada? - Aureum Advocacia","robots":{"index":"index","follow":"follow","max-snippet":"max-snippet:-1","max-image-preview":"max-image-preview:large","max-video-preview":"max-video-preview:-1"},"canonical":"https:\/\/aureum.adv.br\/inicio\/2023\/11\/09\/elementor-5246\/","og_locale":"pt_BR","og_type":"article","og_title":"Aposentados podem trabalhar de carteira assinada? - Aureum Advocacia","og_description":"Ap\u00f3s finalmente conquistarem a t\u00e3o sonhada aposentadoria, muitas pessoas optam por retornar ao mercado de trabalho, seja por necessidade ou para se manterem ativas. No entanto, uma d\u00favida comum \u00e9: os benefici\u00e1rios podem ter suas carteiras assinadas novamente ou isso acarreta algum problema perante o INSS? A boa not\u00edcia \u00e9 que, sim, \u00e9 poss\u00edvel ter a carteira assinada novamente, sem que isso gere qualquer problema! Mas existem duas exce\u00e7\u00f5es que voc\u00ea precisa conhecer: \u2192 Aposentados por incapacidade permanente n\u00e3o podem voltar ao trabalho; \u2192 Aqueles que trabalhavam em atividades perigosas ou insalubres tamb\u00e9m t\u00eam restri\u00e7\u00f5es quanto ao retorno. Al\u00e9m disso, servidores p\u00fablicos t\u00eam regras espec\u00edficas que precisam ser analisadas individualmente. Por fim, \u00e9 cada vez mais comum vermos&hellip;","og_url":"https:\/\/aureum.adv.br\/inicio\/2023\/11\/09\/elementor-5246\/","og_site_name":"Aureum Advocacia","article_publisher":"https:\/\/www.facebook.com\/aureumadvocacia","article_published_time":"2023-11-09T12:11:25+00:00","article_modified_time":"2023-11-09T12:12:49+00:00","og_image":[{"width":466,"height":468,"url":"https:\/\/aureum.adv.br\/inicio\/wp-content\/uploads\/2023\/11\/Aposentado-voltar-a-trabalhar.png","type":"image\/png"}],"author":"bruna","twitter_card":"summary_large_image","twitter_misc":{"Escrito por":"bruna","Est. tempo de leitura":"1 minuto"},"schema":{"@context":"https:\/\/schema.org","@graph":[{"@type":"Article","@id":"https:\/\/aureum.adv.br\/inicio\/2023\/11\/09\/elementor-5246\/#article","isPartOf":{"@id":"https:\/\/aureum.adv.br\/inicio\/2023\/11\/09\/elementor-5246\/"},"author":{"name":"bruna","@id":"https:\/\/aureum.adv.br\/inicio\/#\/schema\/person\/bfa138bad3521ed6353a3e13d986baf0"},"headline":"Aposentados podem trabalhar de carteira assinada?","datePublished":"2023-11-09T12:11:25+00:00","dateModified":"2023-11-09T12:12:49+00:00","mainEntityOfPage":{"@id":"https:\/\/aureum.adv.br\/inicio\/2023\/11\/09\/elementor-5246\/"},"wordCount":170,"commentCount":0,"publisher":{"@id":"https:\/\/aureum.adv.br\/inicio\/#organization"},"image":{"@id":"https:\/\/aureum.adv.br\/inicio\/2023\/11\/09\/elementor-5246\/#primaryimage"},"thumbnailUrl":"https:\/\/aureum.adv.br\/inicio\/wp-content\/uploads\/2023\/11\/Aposentado-voltar-a-trabalhar.png","articleSection":["Uncategorized"],"inLanguage":"pt-BR","potentialAction":[{"@type":"CommentAction","name":"Comment","target":["https:\/\/aureum.adv.br\/inicio\/2023\/11\/09\/elementor-5246\/#respond"]}]},{"@type":"WebPage","@id":"https:\/\/aureum.adv.br\/inicio\/2023\/11\/09\/elementor-5246\/","url":"https:\/\/aureum.adv.br\/inicio\/2023\/11\/09\/elementor-5246\/","name":"Aposentados podem trabalhar de carteira assinada? - Aureum Advocacia","isPartOf":{"@id":"https:\/\/aureum.adv.br\/inicio\/#website"},"primaryImageOfPage":{"@id":"https:\/\/aureum.adv.br\/inicio\/2023\/11\/09\/elementor-5246\/#primaryimage"},"image":{"@id":"https:\/\/aureum.adv.br\/inicio\/2023\/11\/09\/elementor-5246\/#primaryimage"},"thumbnailUrl":"https:\/\/aureum.adv.br\/inicio\/wp-content\/uploads\/2023\/11\/Aposentado-voltar-a-trabalhar.png","datePublished":"2023-11-09T12:11:25+00:00","dateModified":"2023-11-09T12:12:49+00:00","breadcrumb":{"@id":"https:\/\/aureum.adv.br\/inicio\/2023\/11\/09\/elementor-5246\/#breadcrumb"},"inLanguage":"pt-BR","potentialAction":[{"@type":"ReadAction","target":["https:\/\/aureum.adv.br\/inicio\/2023\/11\/09\/elementor-5246\/"]}]},{"@type":"ImageObject","inLanguage":"pt-BR","@id":"https:\/\/aureum.adv.br\/inicio\/2023\/11\/09\/elementor-5246\/#primaryimage","url":"https:\/\/aureum.adv.br\/inicio\/wp-content\/uploads\/2023\/11\/Aposentado-voltar-a-trabalhar.png","contentUrl":"https:\/\/aureum.adv.br\/inicio\/wp-content\/uploads\/2023\/11\/Aposentado-voltar-a-trabalhar.png","width":466,"height":468},{"@type":"BreadcrumbList","@id":"https:\/\/aureum.adv.br\/inicio\/2023\/11\/09\/elementor-5246\/#breadcrumb","itemListElement":[{"@type":"ListItem","position":1,"name":"In\u00edcio","item":"https:\/\/aureum.adv.br\/inicio\/"},{"@type":"ListItem","position":2,"name":"Aposentados podem trabalhar de carteira assinada?"}]},{"@type":"WebSite","@id":"https:\/\/aureum.adv.br\/inicio\/#website","url":"https:\/\/aureum.adv.br\/inicio\/","name":"Aureum Advocacia","description":"Aureum Advocacia Tribut\u00e1ria","publisher":{"@id":"https:\/\/aureum.adv.br\/inicio\/#organization"},"potentialAction":[{"@type":"SearchAction","target":{"@type":"EntryPoint","urlTemplate":"https:\/\/aureum.adv.br\/inicio\/?s={search_term_string}"},"query-input":{"@type":"PropertyValueSpecification","valueRequired":true,"valueName":"search_term_string"}}],"inLanguage":"pt-BR"},{"@type":"Organization","@id":"https:\/\/aureum.adv.br\/inicio\/#organization","name":"Aureum","url":"https:\/\/aureum.adv.br\/inicio\/","logo":{"@type":"ImageObject","inLanguage":"pt-BR","@id":"https:\/\/aureum.adv.br\/inicio\/#\/schema\/logo\/image\/","url":"https:\/\/aureum.adv.br\/inicio\/wp-content\/uploads\/2020\/04\/logo_com-fundo.png","contentUrl":"https:\/\/aureum.adv.br\/inicio\/wp-content\/uploads\/2020\/04\/logo_com-fundo.png","width":1080,"height":1400,"caption":"Aureum"},"image":{"@id":"https:\/\/aureum.adv.br\/inicio\/#\/schema\/logo\/image\/"},"sameAs":["https:\/\/www.facebook.com\/aureumadvocacia","https:\/\/br.linkedin.com\/company\/aureum-advocacia"]},{"@type":"Person","@id":"https:\/\/aureum.adv.br\/inicio\/#\/schema\/person\/bfa138bad3521ed6353a3e13d986baf0","name":"bruna","image":{"@type":"ImageObject","inLanguage":"pt-BR","@id":"https:\/\/aureum.adv.br\/inicio\/#\/schema\/person\/image\/","url":"https:\/\/secure.gravatar.com\/avatar\/ec30cfb94570b842e7230a0fa0eaf2d45ab44f38f3165e80cf8f0311e64d4bd6?s=96&d=mm&r=g","contentUrl":"https:\/\/secure.gravatar.com\/avatar\/ec30cfb94570b842e7230a0fa0eaf2d45ab44f38f3165e80cf8f0311e64d4bd6?s=96&d=mm&r=g","caption":"bruna"},"url":"https:\/\/aureum.adv.br\/inicio\/author\/bruna\/"}]}},"_links":{"self":[{"href":"https:\/\/aureum.adv.br\/inicio\/wp-json\/wp\/v2\/posts\/5246","targetHints":{"allow":["GET"]}}],"collection":[{"href":"https:\/\/aureum.adv.br\/inicio\/wp-json\/wp\/v2\/posts"}],"about":[{"href":"https:\/\/aureum.adv.br\/inicio\/wp-json\/wp\/v2\/types\/post"}],"author":[{"embeddable":true,"href":"https:\/\/aureum.adv.br\/inicio\/wp-json\/wp\/v2\/users\/2"}],"replies":[{"embeddable":true,"href":"https:\/\/aureum.adv.br\/inicio\/wp-json\/wp\/v2\/comments?post=5246"}],"version-history":[{"count":4,"href":"https:\/\/aureum.adv.br\/inicio\/wp-json\/wp\/v2\/posts\/5246\/revisions"}],"predecessor-version":[{"id":5251,"href":"https:\/\/aureum.adv.br\/inicio\/wp-json\/wp\/v2\/posts\/5246\/revisions\/5251"}],"wp:featuredmedia":[{"embeddable":true,"href":"https:\/\/aureum.adv.br\/inicio\/wp-json\/wp\/v2\/media\/5248"}],"wp:attachment":[{"href":"https:\/\/aureum.adv.br\/inicio\/wp-json\/wp\/v2\/media?parent=5246"}],"wp:term":[{"taxonomy":"category","embeddable":true,"href":"https:\/\/aureum.adv.br\/inicio\/wp-json\/wp\/v2\/categories?post=5246"},{"taxonomy":"post_tag","embeddable":true,"href":"https:\/\/aureum.adv.br\/inicio\/wp-json\/wp\/v2\/tags?post=5246"}],"curies":[{"name":"wp","href":"https:\/\/api.w.org\/{rel}","templated":true}]}}