{"id":5227,"date":"2023-11-07T09:02:23","date_gmt":"2023-11-07T12:02:23","guid":{"rendered":"https:\/\/aureum.adv.br\/inicio\/?p=5227"},"modified":"2023-11-07T09:10:09","modified_gmt":"2023-11-07T12:10:09","slug":"elementor-5227","status":"publish","type":"post","link":"https:\/\/aureum.adv.br\/inicio\/2023\/11\/07\/elementor-5227\/","title":{"rendered":"Pessoa com c\u00e2ncer tem direito a aux\u00edlio por incapacidade tempor\u00e1ria?"},"content":{"rendered":"\t\t<div data-elementor-type=\"wp-post\" data-elementor-id=\"5227\" class=\"elementor elementor-5227\">\n\t\t\t\t\t\t<section class=\"elementor-section elementor-top-section elementor-element elementor-element-8e50c9b elementor-section-boxed elementor-section-height-default elementor-section-height-default\" data-id=\"8e50c9b\" data-element_type=\"section\">\n\t\t\t\t\t\t<div class=\"elementor-container elementor-column-gap-default\">\n\t\t\t\t\t<div class=\"elementor-column elementor-col-100 elementor-top-column elementor-element elementor-element-c6629ff\" data-id=\"c6629ff\" data-element_type=\"column\">\n\t\t\t<div class=\"elementor-widget-wrap elementor-element-populated\">\n\t\t\t\t\t\t<div class=\"elementor-element elementor-element-c722b55 elementor-widget elementor-widget-text-editor\" data-id=\"c722b55\" data-element_type=\"widget\" data-widget_type=\"text-editor.default\">\n\t\t\t\t<div class=\"elementor-widget-container\">\n\t\t\t\t\t\t\t\t\t<p style=\"text-align: justify;\"><span>Pessoas com c\u00e2ncer t\u00eam direitos sociais que visam minimizar as dificuldades enfrentadas pela doen\u00e7a.<\/span><br \/><br \/><span>O aux\u00edlio por incapacidade tempor\u00e1ria \u00e9 um benef\u00edcio concedido ao trabalhador que n\u00e3o consegue exercer suas atividades por um per\u00edodo superior a 15 dias consecutivos.<\/span><br \/><br \/><span>Portanto, se ele estiver incapacitado devido ao c\u00e2ncer, ter\u00e1 direito ao benef\u00edcio, sim!<\/span><br \/><br \/><span>No entanto, nem todo diagn\u00f3stico dessa doen\u00e7a implica em incapacidade.<\/span><br \/><br \/><span>E o que isso significa?<\/span><br \/><br \/><span>Nesse caso, o segurado precisa apresentar todos os documentos e laudos m\u00e9dicos que comprovem esse fator durante a per\u00edcia m\u00e9dica do INSS.<\/span><br \/><br \/><span>Em seguida, a incapacidade ser\u00e1 classificada de duas formas:<\/span><br \/><br \/><span>Parcial: para algumas atividades;<\/span><br \/><span>Total: para todas as tarefas.<\/span><br \/><span>Por se tratar de uma doen\u00e7a grave, o trabalhador n\u00e3o precisa satisfazer o requisito de car\u00eancia.<\/span><br \/><br \/><span>No entanto, \u00e9 necess\u00e1rio que ele esteja na qualidade de segurado ou dentro do per\u00edodo de gra\u00e7a no momento do requerimento.<\/span><br \/><br \/><span>A qualidade de segurado refere-se que o trabalhador pagou todas contribui\u00e7\u00f5es, tendo direito aos benef\u00edcios previdenci\u00e1rios.<\/span><br \/><br \/><span>J\u00e1 o per\u00edodo de gra\u00e7a \u00e9 o intervalo de tempo em que o trabalhador mant\u00e9m sua qualidade de segurado, mesmo sem pagar as contribui\u00e7\u00f5es.<\/span><br \/><br \/><span>Voc\u00ea ainda tem d\u00favidas sobre o assunto?<\/span><br \/><br \/><span>Consulte um advogado especializado na \u00e1rea previdenci\u00e1ria!<\/span><\/p>\t\t\t\t\t\t\t\t<\/div>\n\t\t\t\t<\/div>\n\t\t\t\t\t<\/div>\n\t\t<\/div>\n\t\t\t\t\t<\/div>\n\t\t<\/section>\n\t\t\t\t<\/div>\n\t\t","protected":false},"excerpt":{"rendered":"<p>Pessoas com c\u00e2ncer t\u00eam direitos sociais que visam minimizar as dificuldades enfrentadas pela doen\u00e7a. O aux\u00edlio por incapacidade tempor\u00e1ria \u00e9 um benef\u00edcio concedido ao trabalhador que n\u00e3o consegue exercer suas atividades por um per\u00edodo superior a 15 dias consecutivos. Portanto, se ele estiver incapacitado devido ao c\u00e2ncer, ter\u00e1 direito ao benef\u00edcio, sim! No entanto, nem todo diagn\u00f3stico dessa doen\u00e7a implica em incapacidade. E o que isso significa? Nesse caso, o segurado precisa apresentar todos os documentos e laudos m\u00e9dicos que comprovem esse fator durante a per\u00edcia m\u00e9dica do INSS. Em seguida, a incapacidade ser\u00e1 classificada de duas formas: Parcial: para algumas atividades;Total: para todas as tarefas.Por se tratar de uma doen\u00e7a grave, o trabalhador n\u00e3o precisa satisfazer o&hellip;<\/p>\n","protected":false},"author":2,"featured_media":5230,"comment_status":"open","ping_status":"open","sticky":false,"template":"","format":"standard","meta":{"footnotes":""},"categories":[1],"tags":[],"class_list":["post-5227","post","type-post","status-publish","format-standard","has-post-thumbnail","hentry","category-uncategorized"],"yoast_head":"<!-- This site is optimized with the Yoast SEO plugin v26.9 - https:\/\/yoast.com\/product\/yoast-seo-wordpress\/ -->\n<title>Pessoa com c\u00e2ncer tem direito a aux\u00edlio por incapacidade tempor\u00e1ria? - Aureum Advocacia<\/title>\n<meta name=\"robots\" content=\"index, follow, max-snippet:-1, max-image-preview:large, max-video-preview:-1\" \/>\n<link rel=\"canonical\" href=\"https:\/\/aureum.adv.br\/inicio\/2023\/11\/07\/elementor-5227\/\" \/>\n<meta property=\"og:locale\" content=\"pt_BR\" \/>\n<meta property=\"og:type\" content=\"article\" \/>\n<meta property=\"og:title\" content=\"Pessoa com c\u00e2ncer tem direito a aux\u00edlio por incapacidade tempor\u00e1ria? - Aureum Advocacia\" \/>\n<meta property=\"og:description\" content=\"Pessoas com c\u00e2ncer t\u00eam direitos sociais que visam minimizar as dificuldades enfrentadas pela doen\u00e7a. O aux\u00edlio por incapacidade tempor\u00e1ria \u00e9 um benef\u00edcio concedido ao trabalhador que n\u00e3o consegue exercer suas atividades por um per\u00edodo superior a 15 dias consecutivos. Portanto, se ele estiver incapacitado devido ao c\u00e2ncer, ter\u00e1 direito ao benef\u00edcio, sim! No entanto, nem todo diagn\u00f3stico dessa doen\u00e7a implica em incapacidade. E o que isso significa? Nesse caso, o segurado precisa apresentar todos os documentos e laudos m\u00e9dicos que comprovem esse fator durante a per\u00edcia m\u00e9dica do INSS. Em seguida, a incapacidade ser\u00e1 classificada de duas formas: Parcial: para algumas atividades;Total: para todas as tarefas.Por se tratar de uma doen\u00e7a grave, o trabalhador n\u00e3o precisa satisfazer o&hellip;\" \/>\n<meta property=\"og:url\" content=\"https:\/\/aureum.adv.br\/inicio\/2023\/11\/07\/elementor-5227\/\" \/>\n<meta property=\"og:site_name\" content=\"Aureum Advocacia\" \/>\n<meta property=\"article:publisher\" content=\"https:\/\/www.facebook.com\/aureumadvocacia\" \/>\n<meta property=\"article:published_time\" content=\"2023-11-07T12:02:23+00:00\" \/>\n<meta property=\"article:modified_time\" content=\"2023-11-07T12:10:09+00:00\" \/>\n<meta property=\"og:image\" content=\"https:\/\/aureum.adv.br\/inicio\/wp-content\/uploads\/2023\/11\/Pessoa-com-cancer.png\" \/>\n\t<meta property=\"og:image:width\" content=\"596\" \/>\n\t<meta property=\"og:image:height\" content=\"595\" \/>\n\t<meta property=\"og:image:type\" content=\"image\/png\" \/>\n<meta name=\"author\" content=\"bruna\" \/>\n<meta name=\"twitter:card\" content=\"summary_large_image\" \/>\n<meta name=\"twitter:label1\" content=\"Escrito por\" \/>\n\t<meta name=\"twitter:data1\" content=\"bruna\" \/>\n\t<meta name=\"twitter:label2\" content=\"Est. tempo de leitura\" \/>\n\t<meta name=\"twitter:data2\" content=\"2 minutos\" \/>\n<script type=\"application\/ld+json\" class=\"yoast-schema-graph\">{\"@context\":\"https:\/\/schema.org\",\"@graph\":[{\"@type\":\"Article\",\"@id\":\"https:\/\/aureum.adv.br\/inicio\/2023\/11\/07\/elementor-5227\/#article\",\"isPartOf\":{\"@id\":\"https:\/\/aureum.adv.br\/inicio\/2023\/11\/07\/elementor-5227\/\"},\"author\":{\"name\":\"bruna\",\"@id\":\"https:\/\/aureum.adv.br\/inicio\/#\/schema\/person\/bfa138bad3521ed6353a3e13d986baf0\"},\"headline\":\"Pessoa com c\u00e2ncer tem direito a aux\u00edlio por incapacidade tempor\u00e1ria?\",\"datePublished\":\"2023-11-07T12:02:23+00:00\",\"dateModified\":\"2023-11-07T12:10:09+00:00\",\"mainEntityOfPage\":{\"@id\":\"https:\/\/aureum.adv.br\/inicio\/2023\/11\/07\/elementor-5227\/\"},\"wordCount\":237,\"commentCount\":0,\"publisher\":{\"@id\":\"https:\/\/aureum.adv.br\/inicio\/#organization\"},\"image\":{\"@id\":\"https:\/\/aureum.adv.br\/inicio\/2023\/11\/07\/elementor-5227\/#primaryimage\"},\"thumbnailUrl\":\"https:\/\/aureum.adv.br\/inicio\/wp-content\/uploads\/2023\/11\/Pessoa-com-cancer.png\",\"articleSection\":[\"Uncategorized\"],\"inLanguage\":\"pt-BR\",\"potentialAction\":[{\"@type\":\"CommentAction\",\"name\":\"Comment\",\"target\":[\"https:\/\/aureum.adv.br\/inicio\/2023\/11\/07\/elementor-5227\/#respond\"]}]},{\"@type\":\"WebPage\",\"@id\":\"https:\/\/aureum.adv.br\/inicio\/2023\/11\/07\/elementor-5227\/\",\"url\":\"https:\/\/aureum.adv.br\/inicio\/2023\/11\/07\/elementor-5227\/\",\"name\":\"Pessoa com c\u00e2ncer tem direito a aux\u00edlio por incapacidade tempor\u00e1ria? - Aureum Advocacia\",\"isPartOf\":{\"@id\":\"https:\/\/aureum.adv.br\/inicio\/#website\"},\"primaryImageOfPage\":{\"@id\":\"https:\/\/aureum.adv.br\/inicio\/2023\/11\/07\/elementor-5227\/#primaryimage\"},\"image\":{\"@id\":\"https:\/\/aureum.adv.br\/inicio\/2023\/11\/07\/elementor-5227\/#primaryimage\"},\"thumbnailUrl\":\"https:\/\/aureum.adv.br\/inicio\/wp-content\/uploads\/2023\/11\/Pessoa-com-cancer.png\",\"datePublished\":\"2023-11-07T12:02:23+00:00\",\"dateModified\":\"2023-11-07T12:10:09+00:00\",\"breadcrumb\":{\"@id\":\"https:\/\/aureum.adv.br\/inicio\/2023\/11\/07\/elementor-5227\/#breadcrumb\"},\"inLanguage\":\"pt-BR\",\"potentialAction\":[{\"@type\":\"ReadAction\",\"target\":[\"https:\/\/aureum.adv.br\/inicio\/2023\/11\/07\/elementor-5227\/\"]}]},{\"@type\":\"ImageObject\",\"inLanguage\":\"pt-BR\",\"@id\":\"https:\/\/aureum.adv.br\/inicio\/2023\/11\/07\/elementor-5227\/#primaryimage\",\"url\":\"https:\/\/aureum.adv.br\/inicio\/wp-content\/uploads\/2023\/11\/Pessoa-com-cancer.png\",\"contentUrl\":\"https:\/\/aureum.adv.br\/inicio\/wp-content\/uploads\/2023\/11\/Pessoa-com-cancer.png\",\"width\":596,\"height\":595},{\"@type\":\"BreadcrumbList\",\"@id\":\"https:\/\/aureum.adv.br\/inicio\/2023\/11\/07\/elementor-5227\/#breadcrumb\",\"itemListElement\":[{\"@type\":\"ListItem\",\"position\":1,\"name\":\"In\u00edcio\",\"item\":\"https:\/\/aureum.adv.br\/inicio\/\"},{\"@type\":\"ListItem\",\"position\":2,\"name\":\"Pessoa com c\u00e2ncer tem direito a aux\u00edlio por incapacidade tempor\u00e1ria?\"}]},{\"@type\":\"WebSite\",\"@id\":\"https:\/\/aureum.adv.br\/inicio\/#website\",\"url\":\"https:\/\/aureum.adv.br\/inicio\/\",\"name\":\"Aureum Advocacia\",\"description\":\"Aureum Advocacia Tribut\u00e1ria\",\"publisher\":{\"@id\":\"https:\/\/aureum.adv.br\/inicio\/#organization\"},\"potentialAction\":[{\"@type\":\"SearchAction\",\"target\":{\"@type\":\"EntryPoint\",\"urlTemplate\":\"https:\/\/aureum.adv.br\/inicio\/?s={search_term_string}\"},\"query-input\":{\"@type\":\"PropertyValueSpecification\",\"valueRequired\":true,\"valueName\":\"search_term_string\"}}],\"inLanguage\":\"pt-BR\"},{\"@type\":\"Organization\",\"@id\":\"https:\/\/aureum.adv.br\/inicio\/#organization\",\"name\":\"Aureum\",\"url\":\"https:\/\/aureum.adv.br\/inicio\/\",\"logo\":{\"@type\":\"ImageObject\",\"inLanguage\":\"pt-BR\",\"@id\":\"https:\/\/aureum.adv.br\/inicio\/#\/schema\/logo\/image\/\",\"url\":\"https:\/\/aureum.adv.br\/inicio\/wp-content\/uploads\/2020\/04\/logo_com-fundo.png\",\"contentUrl\":\"https:\/\/aureum.adv.br\/inicio\/wp-content\/uploads\/2020\/04\/logo_com-fundo.png\",\"width\":1080,\"height\":1400,\"caption\":\"Aureum\"},\"image\":{\"@id\":\"https:\/\/aureum.adv.br\/inicio\/#\/schema\/logo\/image\/\"},\"sameAs\":[\"https:\/\/www.facebook.com\/aureumadvocacia\",\"https:\/\/br.linkedin.com\/company\/aureum-advocacia\"]},{\"@type\":\"Person\",\"@id\":\"https:\/\/aureum.adv.br\/inicio\/#\/schema\/person\/bfa138bad3521ed6353a3e13d986baf0\",\"name\":\"bruna\",\"image\":{\"@type\":\"ImageObject\",\"inLanguage\":\"pt-BR\",\"@id\":\"https:\/\/aureum.adv.br\/inicio\/#\/schema\/person\/image\/\",\"url\":\"https:\/\/secure.gravatar.com\/avatar\/ec30cfb94570b842e7230a0fa0eaf2d45ab44f38f3165e80cf8f0311e64d4bd6?s=96&d=mm&r=g\",\"contentUrl\":\"https:\/\/secure.gravatar.com\/avatar\/ec30cfb94570b842e7230a0fa0eaf2d45ab44f38f3165e80cf8f0311e64d4bd6?s=96&d=mm&r=g\",\"caption\":\"bruna\"},\"url\":\"https:\/\/aureum.adv.br\/inicio\/author\/bruna\/\"}]}<\/script>\n<!-- \/ Yoast SEO plugin. -->","yoast_head_json":{"title":"Pessoa com c\u00e2ncer tem direito a aux\u00edlio por incapacidade tempor\u00e1ria? - Aureum Advocacia","robots":{"index":"index","follow":"follow","max-snippet":"max-snippet:-1","max-image-preview":"max-image-preview:large","max-video-preview":"max-video-preview:-1"},"canonical":"https:\/\/aureum.adv.br\/inicio\/2023\/11\/07\/elementor-5227\/","og_locale":"pt_BR","og_type":"article","og_title":"Pessoa com c\u00e2ncer tem direito a aux\u00edlio por incapacidade tempor\u00e1ria? - Aureum Advocacia","og_description":"Pessoas com c\u00e2ncer t\u00eam direitos sociais que visam minimizar as dificuldades enfrentadas pela doen\u00e7a. O aux\u00edlio por incapacidade tempor\u00e1ria \u00e9 um benef\u00edcio concedido ao trabalhador que n\u00e3o consegue exercer suas atividades por um per\u00edodo superior a 15 dias consecutivos. Portanto, se ele estiver incapacitado devido ao c\u00e2ncer, ter\u00e1 direito ao benef\u00edcio, sim! No entanto, nem todo diagn\u00f3stico dessa doen\u00e7a implica em incapacidade. E o que isso significa? Nesse caso, o segurado precisa apresentar todos os documentos e laudos m\u00e9dicos que comprovem esse fator durante a per\u00edcia m\u00e9dica do INSS. Em seguida, a incapacidade ser\u00e1 classificada de duas formas: Parcial: para algumas atividades;Total: para todas as tarefas.Por se tratar de uma doen\u00e7a grave, o trabalhador n\u00e3o precisa satisfazer o&hellip;","og_url":"https:\/\/aureum.adv.br\/inicio\/2023\/11\/07\/elementor-5227\/","og_site_name":"Aureum Advocacia","article_publisher":"https:\/\/www.facebook.com\/aureumadvocacia","article_published_time":"2023-11-07T12:02:23+00:00","article_modified_time":"2023-11-07T12:10:09+00:00","og_image":[{"width":596,"height":595,"url":"https:\/\/aureum.adv.br\/inicio\/wp-content\/uploads\/2023\/11\/Pessoa-com-cancer.png","type":"image\/png"}],"author":"bruna","twitter_card":"summary_large_image","twitter_misc":{"Escrito por":"bruna","Est. tempo de leitura":"2 minutos"},"schema":{"@context":"https:\/\/schema.org","@graph":[{"@type":"Article","@id":"https:\/\/aureum.adv.br\/inicio\/2023\/11\/07\/elementor-5227\/#article","isPartOf":{"@id":"https:\/\/aureum.adv.br\/inicio\/2023\/11\/07\/elementor-5227\/"},"author":{"name":"bruna","@id":"https:\/\/aureum.adv.br\/inicio\/#\/schema\/person\/bfa138bad3521ed6353a3e13d986baf0"},"headline":"Pessoa com c\u00e2ncer tem direito a aux\u00edlio por incapacidade tempor\u00e1ria?","datePublished":"2023-11-07T12:02:23+00:00","dateModified":"2023-11-07T12:10:09+00:00","mainEntityOfPage":{"@id":"https:\/\/aureum.adv.br\/inicio\/2023\/11\/07\/elementor-5227\/"},"wordCount":237,"commentCount":0,"publisher":{"@id":"https:\/\/aureum.adv.br\/inicio\/#organization"},"image":{"@id":"https:\/\/aureum.adv.br\/inicio\/2023\/11\/07\/elementor-5227\/#primaryimage"},"thumbnailUrl":"https:\/\/aureum.adv.br\/inicio\/wp-content\/uploads\/2023\/11\/Pessoa-com-cancer.png","articleSection":["Uncategorized"],"inLanguage":"pt-BR","potentialAction":[{"@type":"CommentAction","name":"Comment","target":["https:\/\/aureum.adv.br\/inicio\/2023\/11\/07\/elementor-5227\/#respond"]}]},{"@type":"WebPage","@id":"https:\/\/aureum.adv.br\/inicio\/2023\/11\/07\/elementor-5227\/","url":"https:\/\/aureum.adv.br\/inicio\/2023\/11\/07\/elementor-5227\/","name":"Pessoa com c\u00e2ncer tem direito a aux\u00edlio por incapacidade tempor\u00e1ria? - Aureum Advocacia","isPartOf":{"@id":"https:\/\/aureum.adv.br\/inicio\/#website"},"primaryImageOfPage":{"@id":"https:\/\/aureum.adv.br\/inicio\/2023\/11\/07\/elementor-5227\/#primaryimage"},"image":{"@id":"https:\/\/aureum.adv.br\/inicio\/2023\/11\/07\/elementor-5227\/#primaryimage"},"thumbnailUrl":"https:\/\/aureum.adv.br\/inicio\/wp-content\/uploads\/2023\/11\/Pessoa-com-cancer.png","datePublished":"2023-11-07T12:02:23+00:00","dateModified":"2023-11-07T12:10:09+00:00","breadcrumb":{"@id":"https:\/\/aureum.adv.br\/inicio\/2023\/11\/07\/elementor-5227\/#breadcrumb"},"inLanguage":"pt-BR","potentialAction":[{"@type":"ReadAction","target":["https:\/\/aureum.adv.br\/inicio\/2023\/11\/07\/elementor-5227\/"]}]},{"@type":"ImageObject","inLanguage":"pt-BR","@id":"https:\/\/aureum.adv.br\/inicio\/2023\/11\/07\/elementor-5227\/#primaryimage","url":"https:\/\/aureum.adv.br\/inicio\/wp-content\/uploads\/2023\/11\/Pessoa-com-cancer.png","contentUrl":"https:\/\/aureum.adv.br\/inicio\/wp-content\/uploads\/2023\/11\/Pessoa-com-cancer.png","width":596,"height":595},{"@type":"BreadcrumbList","@id":"https:\/\/aureum.adv.br\/inicio\/2023\/11\/07\/elementor-5227\/#breadcrumb","itemListElement":[{"@type":"ListItem","position":1,"name":"In\u00edcio","item":"https:\/\/aureum.adv.br\/inicio\/"},{"@type":"ListItem","position":2,"name":"Pessoa com c\u00e2ncer tem direito a aux\u00edlio por incapacidade tempor\u00e1ria?"}]},{"@type":"WebSite","@id":"https:\/\/aureum.adv.br\/inicio\/#website","url":"https:\/\/aureum.adv.br\/inicio\/","name":"Aureum Advocacia","description":"Aureum Advocacia Tribut\u00e1ria","publisher":{"@id":"https:\/\/aureum.adv.br\/inicio\/#organization"},"potentialAction":[{"@type":"SearchAction","target":{"@type":"EntryPoint","urlTemplate":"https:\/\/aureum.adv.br\/inicio\/?s={search_term_string}"},"query-input":{"@type":"PropertyValueSpecification","valueRequired":true,"valueName":"search_term_string"}}],"inLanguage":"pt-BR"},{"@type":"Organization","@id":"https:\/\/aureum.adv.br\/inicio\/#organization","name":"Aureum","url":"https:\/\/aureum.adv.br\/inicio\/","logo":{"@type":"ImageObject","inLanguage":"pt-BR","@id":"https:\/\/aureum.adv.br\/inicio\/#\/schema\/logo\/image\/","url":"https:\/\/aureum.adv.br\/inicio\/wp-content\/uploads\/2020\/04\/logo_com-fundo.png","contentUrl":"https:\/\/aureum.adv.br\/inicio\/wp-content\/uploads\/2020\/04\/logo_com-fundo.png","width":1080,"height":1400,"caption":"Aureum"},"image":{"@id":"https:\/\/aureum.adv.br\/inicio\/#\/schema\/logo\/image\/"},"sameAs":["https:\/\/www.facebook.com\/aureumadvocacia","https:\/\/br.linkedin.com\/company\/aureum-advocacia"]},{"@type":"Person","@id":"https:\/\/aureum.adv.br\/inicio\/#\/schema\/person\/bfa138bad3521ed6353a3e13d986baf0","name":"bruna","image":{"@type":"ImageObject","inLanguage":"pt-BR","@id":"https:\/\/aureum.adv.br\/inicio\/#\/schema\/person\/image\/","url":"https:\/\/secure.gravatar.com\/avatar\/ec30cfb94570b842e7230a0fa0eaf2d45ab44f38f3165e80cf8f0311e64d4bd6?s=96&d=mm&r=g","contentUrl":"https:\/\/secure.gravatar.com\/avatar\/ec30cfb94570b842e7230a0fa0eaf2d45ab44f38f3165e80cf8f0311e64d4bd6?s=96&d=mm&r=g","caption":"bruna"},"url":"https:\/\/aureum.adv.br\/inicio\/author\/bruna\/"}]}},"_links":{"self":[{"href":"https:\/\/aureum.adv.br\/inicio\/wp-json\/wp\/v2\/posts\/5227","targetHints":{"allow":["GET"]}}],"collection":[{"href":"https:\/\/aureum.adv.br\/inicio\/wp-json\/wp\/v2\/posts"}],"about":[{"href":"https:\/\/aureum.adv.br\/inicio\/wp-json\/wp\/v2\/types\/post"}],"author":[{"embeddable":true,"href":"https:\/\/aureum.adv.br\/inicio\/wp-json\/wp\/v2\/users\/2"}],"replies":[{"embeddable":true,"href":"https:\/\/aureum.adv.br\/inicio\/wp-json\/wp\/v2\/comments?post=5227"}],"version-history":[{"count":5,"href":"https:\/\/aureum.adv.br\/inicio\/wp-json\/wp\/v2\/posts\/5227\/revisions"}],"predecessor-version":[{"id":5233,"href":"https:\/\/aureum.adv.br\/inicio\/wp-json\/wp\/v2\/posts\/5227\/revisions\/5233"}],"wp:featuredmedia":[{"embeddable":true,"href":"https:\/\/aureum.adv.br\/inicio\/wp-json\/wp\/v2\/media\/5230"}],"wp:attachment":[{"href":"https:\/\/aureum.adv.br\/inicio\/wp-json\/wp\/v2\/media?parent=5227"}],"wp:term":[{"taxonomy":"category","embeddable":true,"href":"https:\/\/aureum.adv.br\/inicio\/wp-json\/wp\/v2\/categories?post=5227"},{"taxonomy":"post_tag","embeddable":true,"href":"https:\/\/aureum.adv.br\/inicio\/wp-json\/wp\/v2\/tags?post=5227"}],"curies":[{"name":"wp","href":"https:\/\/api.w.org\/{rel}","templated":true}]}}